{"id":4111,"date":"2021-11-19T16:51:29","date_gmt":"2021-11-19T14:51:29","guid":{"rendered":"https:\/\/sermujerytrabajo.es\/?p=4111"},"modified":"2021-11-19T16:55:33","modified_gmt":"2021-11-19T14:55:33","slug":"la-magistrada-del-tribunal-constitucional-m-luisa-balaguer-acaba-de-publicar-el-libro-de-feminismo-del-siglo-xxi-del-metoo-al-movimiento-queer-habla-de-su-posicion-en-el-tc-y-del-feminismo","status":"publish","type":"post","link":"https:\/\/sermujerytrabajo.es\/?p=4111","title":{"rendered":"La magistrada del Tribunal Constitucional, M. Luisa Balaguer acaba de publicar el libro de Feminismo del siglo XXI, del Metoo al movimiento Queer, habla de su posici\u00f3n en el TC y del feminismo!!"},"content":{"rendered":"\t\t<div data-elementor-type=\"wp-post\" data-elementor-id=\"4111\" class=\"elementor elementor-4111\">\n\t\t\t\t\t\t<section class=\"elementor-section elementor-top-section elementor-element elementor-element-66e2a8f elementor-section-boxed elementor-section-height-default elementor-section-height-default\" data-id=\"66e2a8f\" data-element_type=\"section\">\n\t\t\t\t\t\t<div class=\"elementor-container elementor-column-gap-default\">\n\t\t\t\t\t<div class=\"elementor-column elementor-col-100 elementor-top-column elementor-element elementor-element-e49fcaf\" data-id=\"e49fcaf\" data-element_type=\"column\">\n\t\t\t<div class=\"elementor-widget-wrap elementor-element-populated\">\n\t\t\t\t\t\t<div class=\"elementor-element elementor-element-822be60 elementor-widget elementor-widget-text-editor\" data-id=\"822be60\" data-element_type=\"widget\" data-widget_type=\"text-editor.default\">\n\t\t\t\t<div class=\"elementor-widget-container\">\n\t\t\t\t\t\t\t<div class=\"c-subheader\"><footer class=\"rs-pill\"><div class=\"edi-social-buttons\"><div class=\"buttons-rs-panel\"><div class=\"cont-rs-desp\"><\/div><\/div><\/div><\/footer><\/div><div class=\"content-container col-12 col-lg-8\"><div class=\"c-content\"><div class=\"partner-wrapper opening\"><div class=\"second-col\"><figure class=\"ni-figure\"><picture class=\"news-image\"><source srcset=\"https:\/\/static.eldiario.es\/clip\/9ccc58d2-4d51-4724-bb6e-a6dd0837c1ae_16-9-discover-aspect-ratio_50p_0.jpg\" media=\"(max-width: 576px)\" \/><source srcset=\"https:\/\/static.eldiario.es\/clip\/9ccc58d2-4d51-4724-bb6e-a6dd0837c1ae_16-9-discover-aspect-ratio_75p_0.jpg\" media=\"(max-width: 768px)\" \/><source srcset=\"https:\/\/static.eldiario.es\/clip\/9ccc58d2-4d51-4724-bb6e-a6dd0837c1ae_16-9-discover-aspect-ratio_default_0.jpg\" media=\"(min-width: 769px)\" \/><img decoding=\"async\" src=\"https:\/\/static.eldiario.es\/clip\/9ccc58d2-4d51-4724-bb6e-a6dd0837c1ae_16-9-discover-aspect-ratio_default_0.jpg\" alt=\"Mar\u00eda Luisa Balaguer, magistrada del Tribunal Constitucional.\" \/><\/picture><\/figure><\/div><\/div><div class=\"partner-wrapper article-page__body-row \"><div class=\"second-col\"><p class=\"article-text\">La catedr\u00e1tica Mar\u00eda Luisa Balaguer (Almer\u00eda, 1953) lleva casi un lustro en el Tribunal Constitucional, donde confronta desde la minor\u00eda progresista las sentencias m\u00e1s pol\u00e9micas del \u00f3rgano de garant\u00edas. Reconoce que suele tener poco \u00ab\u00e9xito\u00bb en sus posicionamientos y que ha llegado a quedarse \u00absol\u00edsima\u00bb en algunos votos particulares. De hecho, cuestiona que el tribunal se desentienda de muchas tensiones sociales. \u00abYo tengo un concepto de Constituci\u00f3n y de Derecho Constitucional material enraizado en que la sociedad nos tiene que entender. Por ejemplo, en<span>\u00a0<\/span><a href=\"https:\/\/www.eldiario.es\/politica\/tribunal-constitucional-tumba-alarma-peticion-vox_1_8128384.html\" target=\"_blank\" class=\"link\" rel=\"noopener\">la sentencia<\/a><span>\u00a0<\/span>sobre el estado de alarma creo que el Tribunal Constitucional desoy\u00f3 los valores que estaban en conflicto\u00bb, subraya.\u00a0<\/p><p><a href=\"https:\/\/www.eldiario.es\/politica\/sentencia-constitucional-elimina-parrafos-texto-inicial-comprensivos-gobierno_1_8154327.html\" class=\"news-know-more partner-vertical-tablet-desktop\" data-mrf-recirculation=\"saber-mas\" cmp-ltrk=\"true\" cmp-ltrk-idx=\"0\"><picture class=\"know-more-img\"><source data-srcset=\"https:\/\/static.eldiario.es\/clip\/d93e7566-a3e9-4f01-b5ff-e9b8b63abe6b_16-9-aspect-ratio_50p_0.jpg\" media=\"(max-width: 768px)\" srcset=\"https:\/\/static.eldiario.es\/clip\/d93e7566-a3e9-4f01-b5ff-e9b8b63abe6b_16-9-aspect-ratio_50p_0.jpg\" \/><source data-srcset=\"https:\/\/static.eldiario.es\/clip\/d93e7566-a3e9-4f01-b5ff-e9b8b63abe6b_16-9-aspect-ratio_50p_0.jpg\" media=\"(min-width: 769px)\" srcset=\"https:\/\/static.eldiario.es\/clip\/d93e7566-a3e9-4f01-b5ff-e9b8b63abe6b_16-9-aspect-ratio_50p_0.jpg\" \/><img decoding=\"async\" class=\"lazy entered loaded\" src=\"data:;base64,<svg xmlns='http:\/\/www.w3.org\/2000\/svg' viewBox='0 0 880 495'><\/svg>\u00bb alt=\u00bbLa sentencia del Constitucional elimina p\u00e1rrafos del texto inicial comprensivos con el Gobierno\u00bb data-ll-status=\u00bbloaded\u00bb \/><\/picture><q class=\"know-more\"><\/q><\/a><\/p><p>La sentencia del Constitucional elimina p\u00e1rrafos del texto inicial comprensivos con el Gobierno<\/p><div class=\"know-more-link\">SABER M\u00c1S<i class=\"right-arrow-icon fal fa-chevron-right\"><\/i><\/div><p class=\"article-text\">Recibe a elDiario.es en su despacho del Constitucional, una estancia soleada y abarrotada de libros y manuales jur\u00eddicos que abandonar\u00e1 en los pr\u00f3ximos d\u00edas, cuando desembarquen los cuatro nuevos magistrados que acaban de recibir<span>\u00a0<\/span><a href=\"https:\/\/www.eldiario.es\/politica\/constitucional-avala-unanimidad-nombramiento-cuatro-nuevos-magistrados_1_8481791.html\" target=\"_blank\" class=\"link\" rel=\"noopener\">el aval del Congreso<\/a>. Aunque a ella no le toca marcharse todav\u00eda, la tradici\u00f3n dispone que hay cambio de despachos cuando hay reci\u00e9n llegados. Balaguer, con una dilatada trayectoria como profesora universitaria y abogada, se dice ajena a las pol\u00e9micas \u00abde sal\u00f3n\u00bb que han rodeado los \u00faltimos nombramientos. No cree que el voto de ning\u00fan magistrado est\u00e9 \u00abcondicionado\u00bb por un partido pol\u00edtico. Y se pone de ejemplo a s\u00ed misma. Aunque fue militante socialista y se reconoce \u00abrepublicana\u00bb y \u00abmarxista\u00bb, presume de haber puesto sentencias contra la izquierda.\u00a0\u00a0<\/p><div class=\"edi-advertising ad__no-dotted ad__no-legend ad-desktop-intext hide-in-mobile\"><div class=\"advertising-wrapper ad__no-dotted ad__no-legend ad-desktop-intext hide-in-mobile\"><div id=\"10_mediumRectangle\" class=\"advertising\" data-google-query-id=\"CKX77OXWpPQCFVKxJwId9_ABZw\"><div id=\"sm-it-main-container-1637333882310\" class=\"sm-it-main-container\" data-it=\"6619fbaf-4de7-41ba-ad72-4d7020fbdf16\" data-device=\"desktop\" data-index=\"0\"><div id=\"sm-reference-1637333882310\" class=\"sm-reference\"><\/div><\/div><div id=\"google_ads_iframe_\/123333327\/eldiario.es\/noticia_intext_0__container__\"><iframe width=\"1\" height=\"1\" id=\"google_ads_iframe_\/123333327\/eldiario.es\/noticia_intext_0\" title=\"3rd party ad content\" name=\"google_ads_iframe_\/123333327\/eldiario.es\/noticia_intext_0\" scrolling=\"no\" marginwidth=\"0\" marginheight=\"0\" frameborder=\"0\" allow=\"attribution-reporting\" srcdoc=\"\" data-google-container-id=\"5\" data-load-complete=\"true\" data-mce-fragment=\"1\"><\/iframe><\/div><\/div><\/div><\/div><p class=\"article-text\">Acaba de publicar el libro<span>\u00a0<\/span><em>El feminismo del siglo XXI. Del MeToo al movimiento Queer<\/em><span>\u00a0<\/span>(Huso), en el que analiza el momento en que se encuentra el feminismo y se adentra de lleno en algunos de los debates que<span>\u00a0<\/span><a href=\"https:\/\/www.eldiario.es\/sociedad\/ley-trans-norma-parecio-imposible-ano-tension-politica-heridas-abiertas_129_8085711.html\" target=\"_blank\" class=\"link\" rel=\"noopener\">han abierto heridas en el movimiento<\/a>, como la autodeterminaci\u00f3n del g\u00e9nero. Se muestra sorprendida por el desinter\u00e9s de la academia en la ley trans y critica que una norma \u00abtan importante\u00bb haya generado un debate en redes que va a \u00abla descalificaci\u00f3n y la ofensa\u00bb. No obstante, afirma que el recorrido que se va a producir en el Congreso puede dar \u00abuna buena ley\u00bb. Balaguer se muestra partidaria de regular el consentimiento en los delitos contra la libertad sexual y de abolir la prostituci\u00f3n, que considera inconstitucional en lo que est\u00e1 relacionado con la trata o con la explotaci\u00f3n del cuerpo de la mujer.\u00a0<\/p><p class=\"article-text\"><strong>Tras un periodo de crecimiento exponencial est\u00e1n apareciendo fracturas cada vez m\u00e1s profundas en el movimiento feminista en relaci\u00f3n a hechos como la autodeterminaci\u00f3n de g\u00e9nero que usted analiza en el libro. \u00bfQu\u00e9 le lleva a entrar de lleno en este debate?\u00a0<\/strong><\/p><p class=\"article-text\">A m\u00ed me interesa la vertiente constitucional, ver c\u00f3mo la seguridad jur\u00eddica que es necesaria en una inscripci\u00f3n de un Registro Civil pod\u00eda llegar a tener algunas modificaciones que produjesen inseguridad. Ah\u00ed es donde se queda instalado el final de la obra, que concluye que el Registro Civil tiene que gozar de seguridad jur\u00eddica y que esa seguridad jur\u00eddica, m\u00e1s all\u00e1 de la encarnizada controversia que hab\u00eda en Twitter o Facebook, era perfectamente posible. Nuevos grupos sociales como las personas trans o las personas con discapacidad tienen derecho al reconocimiento constitucional.\u00a0<\/p><p class=\"article-text\">El debate habr\u00e1 sido el que habr\u00e1 sido, pero creo que en una teor\u00eda feminista el movimiento trans se integra perfectamente. No hay ning\u00fan problema porque la diversidad sexual es algo que afecta al movimiento feminista, que es contempor\u00e1neo y entra en la proyecci\u00f3n hacia el futuro de una nueva teor\u00eda que enlaza con la democracia. Puede haber habido un enfrentamiento puntual y personal pero como colectivo, el colectivo trans es perfectamente asumible por el movimiento feminista. Y estoy completamente segura de que la tradicional autodeterminaci\u00f3n del g\u00e9nero es perfectamente identificable con un cierto feminismo.\u00a0<\/p><p class=\"article-text\"><strong>Usted afirma que el movimiento queer propicia una \u00abfractura\u00bb entre el feminismo y el movimiento LGTBI en temas cruciales (prostituci\u00f3n, vientres de alquiler, relaciones sexo\/g\u00e9nero)\u2026 \u00bfPero no cree que ese riesgo de ruptura tambi\u00e9n existe dentro del propio movimiento feminista?<\/strong><\/p><p class=\"article-text\">Esto es complicado de decir porque en el movimiento feminista en sentido estricto \u2013considerando como feminista el<span>\u00a0<\/span><em>mainstream<\/em><span>\u00a0<\/span>que hay en el discurso feminista que va desde<span>\u00a0<\/span><a href=\"https:\/\/www.eldiario.es\/opinion\/zona-critica\/expulsion-lidia-falcon-iu-feminismo_129_1002105.html\" target=\"_blank\" class=\"link\" rel=\"noopener\">Lidia Falc\u00f3n<\/a>, que lo vinculaba a un partido pol\u00edtico, hasta un cierto reformismo social de mujeres que militan incluso en partidos de la derecha o de j\u00f3venes que no militan en partidos\u2013 la agenda est\u00e1 compartida de una manera cuasi universal.\u00a0<\/p><p class=\"article-text\">Que haya algunos partidos como Unidas Podemos o M\u00e1s Madrid que consideran que todav\u00eda hay un debate sobre la legalizaci\u00f3n de la prostituci\u00f3n o los vientres de alquiler no creo que suponga una ruptura ni un contraste demasiado n\u00edtido. De hecho, considerar abierto un debate a m\u00ed no me parece mal. Si en lugar de adoptar una actitud radicalizada se intentase el di\u00e1logo entre los grupos, probablemente se unificar\u00eda la terminolog\u00eda y no se llegar\u00eda a ning\u00fan grado de violencia simb\u00f3lica en el sentido de maltratarse por las redes sociales. \u00bfQui\u00e9n no va a pedir seguridad jur\u00eddica? Las propias personas trans estar\u00edan interesadas. Pero en vez de abrir un di\u00e1logo en ese sentido lo que se suele hacer es descalificar. Esto est\u00e1 en la l\u00ednea de los tiempos porque el discurso filos\u00f3fico que produce la humanidad es de confrontaci\u00f3n.\u00a0<\/p><p class=\"article-text\"><strong>\u00bfC\u00f3mo casa eso con la necesidad de un movimiento feminista fuerte que haga frente al auge de la extrema derecha, que amenaza no solo con frenar la conquista de nuevos derechos, sino con volver atr\u00e1s algunas conquistas?\u00a0<\/strong><\/p><p class=\"article-text\">Un movimiento como el feminista \u2013como el que en su d\u00eda fue el movimiento obrero o el movimiento para la paz\u2013, que son movimientos de sinergias colectivas muy amplias, no se detienen nunca porque haya fricciones. La historia avanza en un sentido. Y ahora lo que le importa a la agenda feminista muy fundamentalmente es el tema de la corresponsabilidad en la familia y de que la mujer no retrase su proyecto existencial como consecuencia de un retraso en la legislaci\u00f3n o la interpretaci\u00f3n de normas.\u00a0<\/p><figure><picture class=\"news-image\"><source data-srcset=\"https:\/\/static.eldiario.es\/clip\/2e64da77-8b51-49d4-9963-0e6e19b4751d_16-9-aspect-ratio_50p_0.jpg\" media=\"(max-width: 576px)\" srcset=\"https:\/\/static.eldiario.es\/clip\/2e64da77-8b51-49d4-9963-0e6e19b4751d_16-9-aspect-ratio_50p_0.jpg\" \/><source data-srcset=\"https:\/\/static.eldiario.es\/clip\/2e64da77-8b51-49d4-9963-0e6e19b4751d_16-9-aspect-ratio_75p_0.jpg\" media=\"(max-width: 768px)\" srcset=\"https:\/\/static.eldiario.es\/clip\/2e64da77-8b51-49d4-9963-0e6e19b4751d_16-9-aspect-ratio_75p_0.jpg\" \/><source data-srcset=\"https:\/\/static.eldiario.es\/clip\/2e64da77-8b51-49d4-9963-0e6e19b4751d_16-9-aspect-ratio_default_0.jpg\" media=\"(min-width: 769px)\" srcset=\"https:\/\/static.eldiario.es\/clip\/2e64da77-8b51-49d4-9963-0e6e19b4751d_16-9-aspect-ratio_default_0.jpg\" \/><img decoding=\"async\" class=\"lazy entered loaded\" src=\"data:;base64,<svg xmlns='http:\/\/www.w3.org\/2000\/svg' viewBox='0 0 880 495'><\/svg>\u00bb alt=\u00bb\u00bb data-ll-status=\u00bbloaded\u00bb \/><\/picture><p><\/p><figcaption class=\"image-footer\"><span class=\"title\">Mar\u00eda Luisa Balaguer, magistrada del Tribunal Constitucional.<\/span><\/figcaption><\/figure><p class=\"article-text\"><strong>El MeToo, la sentencia de &#8216;la manada&#8217;&#8230; Parece claro que las \u00faltimas movilizaciones, que nos han llevado a lo que usted llama feminismo de masas, est\u00e1n atravesadas por los delitos de violencia sexual. \u00bfHay que redefinir el consentimiento?\u00a0<\/strong><\/p><p class=\"article-text\">Es un tema que se revela como importante y trascendente jur\u00eddicamente cuando se cuestiona desde el punto de vista procesal. Una de las maneras de arbitrar medidas ser\u00eda a trav\u00e9s de una teor\u00eda del consentimiento regulada con una especie de contrato sexual, que exista una especie de mecanismo de defensa de la mujer. El c\u00famulo de noticias que nos pesan todos los d\u00edas lo hace inevitable. Tiene que haber una manera de que el patriarcado no sea tan ostensible porque las mujeres no se sienten seguras. En una democracia hay que exigir que la desigualdad entre hombres y mujeres no llegue a que las mujeres no puedan pasar por la calle a determinadas horas.\u00a0<\/p><p class=\"article-text\"><strong>\u00bfLe parece apropiada la regulaci\u00f3n que propone la ley de libertad sexual, conocida como &#8216;ley del solo s\u00ed es s\u00ed&#8217;?<\/strong><\/p><p class=\"article-text\">No lo veo mal a expensas de que se pueda modificar alg\u00fan aspecto. De lo que se trata es de que en el momento procesal oportuno tanto el juez como las partes tengan la posibilidad de practicar esa prueba, tanto si son signos inequ\u00edvocos como si se trata de un tema deducible. La exigencia de consentimiento me parece bien. Lo importante es que en nuestro ordenamiento jur\u00eddico tengamos una manera de probar que una mujer, cuando no quiere, no quiere.\u00a0<\/p><p class=\"article-text\"><strong>El CGPJ, en su informe,<span>\u00a0<\/span><\/strong><a href=\"https:\/\/www.eldiario.es\/sociedad\/judicial-aprueba-unanimidad-informe-cuestiona-aspectos-clave-ley-si-si_1_7252522.html\" target=\"_blank\" class=\"link\" rel=\"noopener\"><strong>critic\u00f3 precisamente la definici\u00f3n del consentimiento<\/strong><\/a><strong><span>\u00a0<\/span>que hace ese texto al entender que no se determina qu\u00e9 circunstancias dan lugar a ese consentimiento, sino cu\u00e1ndo se puede entender que no lo hay.<\/strong><\/p><p class=\"article-text\">Eso no tiene importancia, lo importante es que se regule. En el proceso de elaboraci\u00f3n de la ley en el Parlamento es donde hay que crear la terminolog\u00eda precisa y se puede aquilatar. Si las formas de regulaci\u00f3n son inseguras, se pueden corregir. Y eso se ir\u00e1 viendo cuando vaya transcurriendo la situaci\u00f3n y vaya cre\u00e1ndose alguna jurisprudencia. Los mecanismos que el derecho utiliza para hacer fehaciente un hecho son much\u00edsimos.<\/p><p class=\"article-text\"><strong>En su libro habla del modelo sueco, donde en 2018 se aprob\u00f3 una legislaci\u00f3n en la que el delito de violaci\u00f3n ya no se define por la existencia de violencia o amenazas, sino que se centra en la ausencia de consentimiento. \u00bfPor qu\u00e9 lo considera interesante?\u00a0<\/strong><\/p><p class=\"article-text\">El modelo sueco es una especie de paradigma para interpretar ciertos derechos que el feminismo ha conseguido all\u00ed con m\u00e1s rapidez. En el tema del consentimiento, es el sistema m\u00e1s expl\u00edcito que hay con una legislaci\u00f3n en la que el delito de violaci\u00f3n ya no se define por la existencia de violencia o amenazas, sino que se centra en<span>\u00a0<\/span><a href=\"https:\/\/www.eldiario.es\/sociedad\/solo-union-europea-violacion-consentimiento_1_1496162.html\" target=\"_blank\" class=\"link\" rel=\"noopener\">la ausencia de consentimiento<\/a>. Si este no existe, es violaci\u00f3n. A la hora de evaluar el consentimiento, los jueces tienen en cuenta si se expres\u00f3 con palabras, hechos o de otro modo que haya dado origen a una relaci\u00f3n rec\u00edproca.\u00a0<\/p><p class=\"article-text\"><strong>El proyecto de la ley trans contempla la<span>\u00a0<\/span><\/strong><a href=\"https:\/\/www.eldiario.es\/sociedad\/gobierno-aprueba-ley-trans-contempla-autodeterminacion-genero-partir-16-anos_1_8085516.html\" target=\"_blank\" class=\"link\" rel=\"noopener\"><strong>autodeterminaci\u00f3n de g\u00e9nero<\/strong><\/a><strong>. En su libro dice que el cambio de sexo sin l\u00edmite de retractaci\u00f3n podr\u00eda atentar contra la seguridad jur\u00eddica de terceros. \u00bfEn qu\u00e9 sentido?<\/strong><\/p><p class=\"article-text\">En derecho, el concepto de terceros viene del lat\u00edn y significa<span>\u00a0<\/span><em>erga omnes<\/em>, para todos, y hace referencia a que lo que pueda sentir yo como persona tiene una trascendencia social. El libro sali\u00f3 antes del proyecto, que tiene tres o cuatro correcciones que habr\u00eda que estudiar para ver si garantizan o no la seguridad jur\u00eddica. Hay medidas de garant\u00eda pero habr\u00eda que ver si son suficientes en relaci\u00f3n con lo que el Registro Civil necesitar\u00eda como efectos de terceros. Igualmente, el recorrido que se va a producir en el Congreso puede dar una buena ley.\u00a0<\/p><p class=\"article-text\">Lo que m\u00e1s me ha sorprendido de este asunto es que no haya apenas posiciones jur\u00eddicas en relaci\u00f3n con un proyecto de ley que deber\u00eda interesar a la academia. Hay una especie de muda situaci\u00f3n con respecto a la sustancia pero de realzar sistem\u00e1ticamente las formas. Me cuesta mucho entender que se pueda aprobar algo tan importante sin un debate. Ha habido \u00fanicamente un debate en redes, virtual, que va solo a la descalificaci\u00f3n y la ofensa. Esto no es muy razonable en una democracia.\u00a0<\/p><p class=\"article-text\"><strong>Tambi\u00e9n<\/strong><span>\u00a0<\/span><strong>dice que habr\u00eda que \u00abcontrolar\u00bb otras situaciones de fraude legal que ocasionar\u00edan injusticias muy tangibles a las mujeres. \u00bfA qu\u00e9 se refiere concretamente?\u00a0<\/strong><\/p><p class=\"article-text\">Me refer\u00eda al tema del deporte, aunque eso es algo que se puede mandatar a un reglamento, no har\u00eda falta que estuviera en la ley. Siempre ha habido un baremo biol\u00f3gico que era el que equilibraba. Si ahora no existe se puede producir una situaci\u00f3n<span>\u00a0<\/span><a href=\"https:\/\/www.eldiario.es\/sociedad\/mujeres-bienvenidas-competiciones-deportivas-siempre_128_1690245.html\" target=\"_blank\" class=\"link\" rel=\"noopener\">injusta para las mujeres<\/a>. Si, por ejemplo, como ha ocurrido en Estados Unidos, una persona trans est\u00e1 interviniendo como mujer, desde el punto de vista biol\u00f3gico esas personas tienen mucha m\u00e1s fuerza que las mujeres.\u00a0<\/p><p class=\"article-text\"><strong>Desde su punto de vista, la regulaci\u00f3n de la prostituci\u00f3n ser\u00eda inconstitucional. \u00bfPor qu\u00e9? \u00bfQu\u00e9 principios constitucionales conculcar\u00eda?<\/strong><\/p><p class=\"article-text\">La prostituci\u00f3n ser\u00eda inconstitucional en lo que est\u00e1 relacionado con la trata o con la explotaci\u00f3n del cuerpo de la mujer, que van claramente en contra de la dignidad humana y el libre desarrollo de la personalidad. No obstante, s\u00ed podr\u00eda haber alguna ley que pudiera dotar de constitucionalidad a determinadas actuaciones que una mujer ejerza con su cuerpo.\u00a0<\/p><figure><picture class=\"news-image\"><source data-srcset=\"https:\/\/static.eldiario.es\/clip\/d6174f02-21f5-4b4a-8cba-488acd72edd4_16-9-aspect-ratio_50p_0.jpg\" media=\"(max-width: 576px)\" srcset=\"https:\/\/static.eldiario.es\/clip\/d6174f02-21f5-4b4a-8cba-488acd72edd4_16-9-aspect-ratio_50p_0.jpg\" \/><source data-srcset=\"https:\/\/static.eldiario.es\/clip\/d6174f02-21f5-4b4a-8cba-488acd72edd4_16-9-aspect-ratio_75p_0.jpg\" media=\"(max-width: 768px)\" srcset=\"https:\/\/static.eldiario.es\/clip\/d6174f02-21f5-4b4a-8cba-488acd72edd4_16-9-aspect-ratio_75p_0.jpg\" \/><source data-srcset=\"https:\/\/static.eldiario.es\/clip\/d6174f02-21f5-4b4a-8cba-488acd72edd4_16-9-aspect-ratio_default_0.jpg\" media=\"(min-width: 769px)\" srcset=\"https:\/\/static.eldiario.es\/clip\/d6174f02-21f5-4b4a-8cba-488acd72edd4_16-9-aspect-ratio_default_0.jpg\" \/><img decoding=\"async\" class=\"lazy entered loaded\" src=\"data:;base64,<svg xmlns='http:\/\/www.w3.org\/2000\/svg' viewBox='0 0 880 495'><\/svg>\u00bb alt=\u00bb\u00bb data-ll-status=\u00bbloaded\u00bb \/><\/picture><p><\/p><figcaption class=\"image-footer\"><span class=\"title\">Mar\u00eda Luisa Balaguer, magistrada del Tribunal Constitucional.<\/span><\/figcaption><\/figure><p class=\"article-text\"><strong>\u00bfUsted es partidaria de la abolici\u00f3n de la prostituci\u00f3n? \u00bfPor qu\u00e9 cree que ning\u00fan Gobierno ha dado pasos en ese sentido?\u00a0<\/strong><\/p><p class=\"article-text\">S\u00ed, soy partidaria de la abolici\u00f3n y de regular la abolici\u00f3n. Esto est\u00e1 en consonancia con los pa\u00edses europeos. Un pa\u00eds vecino<span>\u00a0<\/span><a href=\"https:\/\/www.eldiario.es\/sociedad\/francia-penaliza-clientes-prostitutas-ayudadas_1_4067200.html\" target=\"_blank\" class=\"link\" rel=\"noopener\">como Francia<\/a>, por ejemplo, est\u00e1 sancionando econ\u00f3micamente el consumo de prostituci\u00f3n. Estamos en un concierto internacional y en ese concierto Espa\u00f1a se posiciona. Todo es un proceso, reciente, pero es un proceso.\u00a0<\/p><p class=\"article-text\"><strong>\u00bfCree que el Gobierno actual apostar\u00e1 por una ley de abolici\u00f3n de la prostituci\u00f3n?<\/strong><\/p><p class=\"article-text\">Yo creo que s\u00ed. Deber\u00eda. No creo que hubiese demasiado problema en el Parlamento en las fuerzas de conjunto en regular una abolici\u00f3n de la prostituci\u00f3n con una ley t\u00e9cnicamente correcta.\u00a0<\/p><p class=\"article-text\"><strong>\u00bfConsidera que las<span>\u00a0<\/span><\/strong><a href=\"https:\/\/www.eldiario.es\/economia\/supremo-delimita-diferencia-prostitucion-relacion_1_3659652.html\" target=\"_blank\" class=\"link\" rel=\"noopener\"><strong>sentencias que ponen el l\u00edmite de la laboralidad en el sexo<\/strong><\/a><strong><span>\u00a0<\/span>y que s\u00ed permiten el alterne [captaci\u00f3n de clientes, acompa\u00f1amiento y consumo de copas] est\u00e1n de alguna manera dejando desamparadas a las prostitutas?\u00a0<\/strong><\/p><p class=\"article-text\">No, no estoy de acuerdo. El feminismo ha hecho una lectura derrotista de esta sentencia, que a m\u00ed s\u00ed me parece muy rentable. La resoluci\u00f3n apela al C\u00f3digo Civil y, entendiendo que el objeto de la prestaci\u00f3n es inconstitucional, llega a la conclusi\u00f3n y dice literalmente que la prostituci\u00f3n en nuestro ordenamiento es inconstitucional. As\u00ed que no veo raz\u00f3n para que el alterne se pueda declarar inconstitucional. La palabra alterne, en s\u00ed misma, no est\u00e1 definiendo absolutamente nada. Hay salas de fiestas, situaciones de alto voltaje sexual que puedes compartir o no&#8230; pero no creo que eso esclavice. Y, si esclaviza, la situaci\u00f3n entrar\u00eda en otro camino, que ser\u00eda la trata.\u00a0<\/p><p class=\"article-text\"><strong>El Tribunal Constitucional est\u00e1 inmerso en un proceso de renovaci\u00f3n. \u00bfCree que la elecci\u00f3n de determinados perfiles poco independientes contribuye al desprestigio de la instituci\u00f3n?\u00a0<\/strong><\/p><p class=\"article-text\">Yo esas cosas no las creo. Ni siquiera creo que haya personas m\u00e1s dependientes o menos independientes. Yo de joven militaba en el Partido Socialista y cuando entr\u00e9 en el Consejo Consultivo de Andaluc\u00eda, que depende de la Junta de Andaluc\u00eda, entend\u00ed que no pod\u00eda militar en un partido dictando resoluciones de car\u00e1cter general. Cuando llegu\u00e9 al Tribunal Constitucional hac\u00eda veinte a\u00f1os que no era militante lo cual, desde el punto de vista administrativo, puede llegar a ser un acto m\u00e1s o menos elegante, pero desde el punto de vista interno no voy a poder evitar tener mi ideolog\u00eda de izquierdas, ser republicana, ser marxista&#8230; ni lo deseo. Ahora bien, cuando estoy en un tribunal, he tenido que dictar sentencias contra el Partido Socialista o el Gobierno siendo yo ponente. Son cosas que comprendo que est\u00e9n en la prensa, pero esas cosas no las creo. No creo que un magistrado tenga su voto condicionado por un partido pol\u00edtico. No tendr\u00eda mucho sentido en las personas que vienen aqu\u00ed, que tienen una edad, unas circunstancias&#8230; No lo veo, la verdad.\u00a0<\/p><p class=\"article-text\"><strong>\u00bfQu\u00e9 opina de la pol\u00e9mica sobre<span>\u00a0<\/span><\/strong><a href=\"https:\/\/www.eldiario.es\/politica\/congreso-aprueba-polemico-nombramiento-enrique-arnaldo-once-votos-esperados_1_8479244.html\" target=\"_blank\" class=\"link\" rel=\"noopener\"><strong>el nombramiento de Enrique Arnaldo<\/strong><\/a><strong>?<\/strong><\/p><p class=\"article-text\">Tampoco veo la pol\u00e9mica. Tengo ganas de conocer a este se\u00f1or y ver c\u00f3mo se comporta en un Pleno, c\u00f3mo estudia los asuntos&#8230; Ah\u00ed es donde tendr\u00e1 que demostrar m\u00e1s all\u00e1 de las controversias pol\u00edticas que pueda tener. Estas situaciones las veo de gabinete, de sal\u00f3n, son una manera de distraerse. A m\u00ed me interesa un determinado concepto de interpretaci\u00f3n de las normas que, como no tengo mucho \u00e9xito, las llevo siempre a votos particulares. Yo tengo un concepto de Constituci\u00f3n y de Derecho Constitucional material enraizado en que la sociedad nos tiene que entender. Por ejemplo, en la sentencia sobre el estado de alarma creo que el Tribunal Constitucional desoy\u00f3 los valores que estaban en conflicto.\u00a0<\/p><p class=\"article-text\"><strong>\u00bfConsidera que el Tribunal Constitucional se ha convertido en un campo de batalla pol\u00edtica? Precisamente en su voto particular del estado de alarma dijo que hab\u00eda una \u00abpolarizaci\u00f3n extrema\u00bb en el tribunal.<\/strong><\/p><p class=\"article-text\">S\u00ed, una<span>\u00a0<\/span><a href=\"https:\/\/www.eldiario.es\/politica\/magistrados-discrepantes-constitucional-dicen-alarma-evito-contagio-masivo-enfermedad-mortal_1_8151363.html\" target=\"_blank\" class=\"link\" rel=\"noopener\">polarizaci\u00f3n extrema<\/a><span>\u00a0<\/span>pero que no necesariamente va referida a partidos pol\u00edticos sino al entendimiento de lo que es la funci\u00f3n constitucional. Aqu\u00ed hay dos visiones de la interpretaci\u00f3n de la Constituci\u00f3n que est\u00e1n perfectamente delimitadas, aunque a veces se mueven. La Constituci\u00f3n es un pacto social y ha de actualizarse cada vez que se produce una sentencia. Por ejemplo, en la<span>\u00a0<\/span><a href=\"https:\/\/www.eldiario.es\/agencias\/tribunal-constitucional-avala-ley-mordaza_1_6444854.html\" target=\"_blank\" class=\"link\" rel=\"noopener\">Ley de Seguridad Ciudadana<\/a><span>\u00a0<\/span>en la que me qued\u00e9 sol\u00edsima haciendo un voto particular frente a diez hombres y una mujer&#8230; No me parece l\u00f3gico que el tribunal desoyera la tensi\u00f3n que se produjo en la sociedad con esa norma, aprobada por un partido pol\u00edtico que en ese momento ten\u00eda mayor\u00eda absoluta y que fue contestada de la manera que fue contestada. Yo iba a todas esas manifestaciones en contra de la Ley de Seguridad Ciudadana como actora, no me multaron de chiripa. A una se\u00f1ora que estaba all\u00ed le pusieron una multa de 2.000 euros porque un polic\u00eda le dijo que era la organizadora. La multa la pagamos entre todos los que est\u00e1bamos all\u00ed. Eso es una inseguridad jur\u00eddica tremenda. Dejen a la gente que se manifieste.\u00a0<\/p><p class=\"article-text\"><strong>\u00bfPuede el Tribunal Constitucional permitirse obviar la ley de igualdad con una composici\u00f3n como la actual? Hay nueve hombres y dos mujeres. Con el nuevo reparto solo habr\u00e1 una mujer m\u00e1s.\u00a0<\/strong><\/p><p class=\"article-text\">S\u00ed cumple la ley de igualdad, que es una ley de progreso que parte de la consideraci\u00f3n de que es inviable que en determinados organismos constitucionales puedas cumplir la paridad. En todo caso, esto es una larga historia. No todas las mujeres son feministas ni todos los hombres son machistas. Es muy importante entender que en el Tribunal Constitucional hay nombres muy feministas. Mi compa\u00f1ero Juan Antonio Xiol siempre se me une y alguno m\u00e1s puedo decir. Los valores del feminismo se a\u00edslan de la condici\u00f3n biol\u00f3gica. Eso es muy importante para una sociedad.\u00a0<\/p><p class=\"article-text\"><strong>La Asociaci\u00f3n de Mujeres Juezas de Espa\u00f1a (AMJE) sugiri\u00f3 a los partidos que las cuatro nuevas incorporaciones del Tribunal Constitucional fueran mujeres. \u00bfQu\u00e9 le parece?\u00a0<\/strong><\/p><p class=\"article-text\">Me parece muy bien, pero no les han hecho caso. Creo que hay mujeres igualmente capacitadas que los hombres.\u00a0<\/p><p class=\"article-text\"><strong>\u00bfPor qu\u00e9 cree que la c\u00fapula judicial \u2013ya sea en el Poder Judicial o en otros \u00f3rganos como el Constitucional\u2013 es m\u00e1s<span>\u00a0<\/span><\/strong><a href=\"https:\/\/www.eldiario.es\/politica\/cristal-carrera-judicial-espana-agrietarse_1_2899725.html\" target=\"_blank\" class=\"link\" rel=\"noopener\"><strong>inaccesible para las mujeres<\/strong><\/a><strong><span>\u00a0<\/span>que para los hombres? \u00bfHay discriminaci\u00f3n de g\u00e9nero?\u00a0<\/strong><\/p><p class=\"article-text\">Por lo mismo de siempre. El tema de la discriminaci\u00f3n de la mujer, m\u00e1s all\u00e1 del trazo grueso, tiene un camino muy sutil. \u00bfCrees que es c\u00f3modo trabajar con diez hombres? Es incomod\u00edsimo. Nunca ven la hora de terminar sus argumentos, de irse a sus casas, de escucharse ellos&#8230; Yo eso lo veo mucho menos en las mujeres. Nosotras tenemos un concepto acumulado generacionalmente muy distinto de la vida. Y luego est\u00e1 la situaci\u00f3n de decisionismo informal que se produce entre los hombres. Las mujeres no la tenemos porque no tenemos la cobertura para hacerlo. Yo no le puedo ofrecer a nadie que venga al Tribunal Constitucional.<\/p><p class=\"article-text\">Probablemente eso lo pactaron los hombres. Ya est\u00e1 todo dicho.\u00a0<\/p><p><a href=\"https:\/\/www.eldiario.es\/politica\/maria-luisa-balaguer-constitucional-desoyo-valores-conflicto-sentencia-alarma_1_8484067.html\">Fuente<\/a><\/p><\/div><\/div><\/div><\/div>\t\t\t\t\t\t<\/div>\n\t\t\t\t<\/div>\n\t\t\t\t\t<\/div>\n\t\t<\/div>\n\t\t\t\t\t<\/div>\n\t\t<\/section>\n\t\t\t\t<\/div>\n\t\t","protected":false},"excerpt":{"rendered":"<p>La catedr\u00e1tica Mar\u00eda Luisa Balaguer (Almer\u00eda, 1953) lleva casi un lustro en el Tribunal Constitucional, donde confronta desde la minor\u00eda progresista las sentencias m\u00e1s pol\u00e9micas del \u00f3rgano de garant\u00edas. Reconoce que suele tener poco \u00ab\u00e9xito\u00bb en sus posicionamientos y que ha llegado a quedarse \u00absol\u00edsima\u00bb en algunos votos particulares. De [&hellip;]<\/p>\n","protected":false},"author":3,"featured_media":0,"comment_status":"open","ping_status":"open","sticky":false,"template":"","format":"standard","meta":{"_jetpack_memberships_contains_paid_content":false,"footnotes":""},"categories":[8],"tags":[],"class_list":["post-4111","post","type-post","status-publish","format-standard","hentry","category-noticias"],"jetpack_featured_media_url":"","yoast_head":"<!-- This site is optimized with the Yoast SEO plugin v15.2 - https:\/\/yoast.com\/wordpress\/plugins\/seo\/ -->\n<title>La magistrada del Tribunal Constitucional, M. Luisa Balaguer acaba de publicar el libro de Feminismo del siglo XXI, del Metoo al movimiento Queer, habla de su posici\u00f3n en el TC y del feminismo!! -<\/title>\n<meta name=\"robots\" content=\"index, follow, max-snippet:-1, max-image-preview:large, max-video-preview:-1\" \/>\n<link rel=\"canonical\" href=\"https:\/\/sermujerytrabajo.es\/?p=4111\" \/>\n<meta property=\"og:locale\" content=\"es_ES\" \/>\n<meta property=\"og:type\" content=\"article\" \/>\n<meta property=\"og:title\" content=\"La magistrada del Tribunal Constitucional, M. Luisa Balaguer acaba de publicar el libro de Feminismo del siglo XXI, del Metoo al movimiento Queer, habla de su posici\u00f3n en el TC y del feminismo!! -\" \/>\n<meta property=\"og:description\" content=\"La catedr\u00e1tica Mar\u00eda Luisa Balaguer (Almer\u00eda, 1953) lleva casi un lustro en el Tribunal Constitucional, donde confronta desde la minor\u00eda progresista las sentencias m\u00e1s pol\u00e9micas del \u00f3rgano de garant\u00edas. Reconoce que suele tener poco \u00ab\u00e9xito\u00bb en sus posicionamientos y que ha llegado a quedarse \u00absol\u00edsima\u00bb en algunos votos particulares. De [&hellip;]\" \/>\n<meta property=\"og:url\" content=\"https:\/\/sermujerytrabajo.es\/?p=4111\" \/>\n<meta property=\"article:published_time\" content=\"2021-11-19T14:51:29+00:00\" \/>\n<meta property=\"article:modified_time\" content=\"2021-11-19T14:55:33+00:00\" \/>\n<meta property=\"og:image\" content=\"https:\/\/static.eldiario.es\/clip\/9ccc58d2-4d51-4724-bb6e-a6dd0837c1ae_16-9-discover-aspect-ratio_default_0.jpg\" \/>\n<meta name=\"twitter:card\" content=\"summary_large_image\" \/>\n<meta name=\"twitter:label1\" value=\"Escrito por\">\n\t<meta name=\"twitter:data1\" value=\"Maria Bego\u00f1a Garc\u00eda Gil\">\n\t<meta name=\"twitter:label2\" value=\"Tiempo de lectura\">\n\t<meta name=\"twitter:data2\" value=\"13 minutos\">\n<script type=\"application\/ld+json\" class=\"yoast-schema-graph\">{\"@context\":\"https:\/\/schema.org\",\"@graph\":[{\"@type\":\"Organization\",\"@id\":\"https:\/\/sermujerytrabajo.es\/#organization\",\"name\":\"Ser mujer en el mercado de trabajo\",\"url\":\"https:\/\/sermujerytrabajo.es\/\",\"sameAs\":[],\"logo\":{\"@type\":\"ImageObject\",\"@id\":\"https:\/\/sermujerytrabajo.es\/#logo\",\"inLanguage\":\"es\",\"url\":\"https:\/\/sermujerytrabajo.es\/wp-content\/uploads\/2020\/09\/d134bcc4-4ca2-476c-bef9-f663ae8535d2_200x200.png\",\"width\":200,\"height\":200,\"caption\":\"Ser mujer en el mercado de trabajo\"},\"image\":{\"@id\":\"https:\/\/sermujerytrabajo.es\/#logo\"}},{\"@type\":\"WebSite\",\"@id\":\"https:\/\/sermujerytrabajo.es\/#website\",\"url\":\"https:\/\/sermujerytrabajo.es\/\",\"name\":\"\",\"description\":\"\",\"publisher\":{\"@id\":\"https:\/\/sermujerytrabajo.es\/#organization\"},\"potentialAction\":[{\"@type\":\"SearchAction\",\"target\":\"https:\/\/sermujerytrabajo.es\/?s={search_term_string}\",\"query-input\":\"required name=search_term_string\"}],\"inLanguage\":\"es\"},{\"@type\":\"ImageObject\",\"@id\":\"https:\/\/sermujerytrabajo.es\/?p=4111#primaryimage\",\"inLanguage\":\"es\",\"url\":\"https:\/\/static.eldiario.es\/clip\/9ccc58d2-4d51-4724-bb6e-a6dd0837c1ae_16-9-discover-aspect-ratio_default_0.jpg\"},{\"@type\":\"WebPage\",\"@id\":\"https:\/\/sermujerytrabajo.es\/?p=4111#webpage\",\"url\":\"https:\/\/sermujerytrabajo.es\/?p=4111\",\"name\":\"La magistrada del Tribunal Constitucional, M. Luisa Balaguer acaba de publicar el libro de Feminismo del siglo XXI, del Metoo al movimiento Queer, habla de su posici\\u00f3n en el TC y del feminismo!! -\",\"isPartOf\":{\"@id\":\"https:\/\/sermujerytrabajo.es\/#website\"},\"primaryImageOfPage\":{\"@id\":\"https:\/\/sermujerytrabajo.es\/?p=4111#primaryimage\"},\"datePublished\":\"2021-11-19T14:51:29+00:00\",\"dateModified\":\"2021-11-19T14:55:33+00:00\",\"inLanguage\":\"es\",\"potentialAction\":[{\"@type\":\"ReadAction\",\"target\":[\"https:\/\/sermujerytrabajo.es\/?p=4111\"]}]},{\"@type\":\"Article\",\"@id\":\"https:\/\/sermujerytrabajo.es\/?p=4111#article\",\"isPartOf\":{\"@id\":\"https:\/\/sermujerytrabajo.es\/?p=4111#webpage\"},\"author\":{\"@id\":\"https:\/\/sermujerytrabajo.es\/#\/schema\/person\/26a3e2d35cfc624b27a74a1d67c7867d\"},\"headline\":\"La magistrada del Tribunal Constitucional, M. Luisa Balaguer acaba de publicar el libro de Feminismo del siglo XXI, del Metoo al movimiento Queer, habla de su posici\\u00f3n en el TC y del feminismo!!\",\"datePublished\":\"2021-11-19T14:51:29+00:00\",\"dateModified\":\"2021-11-19T14:55:33+00:00\",\"mainEntityOfPage\":{\"@id\":\"https:\/\/sermujerytrabajo.es\/?p=4111#webpage\"},\"publisher\":{\"@id\":\"https:\/\/sermujerytrabajo.es\/#organization\"},\"image\":{\"@id\":\"https:\/\/sermujerytrabajo.es\/?p=4111#primaryimage\"},\"articleSection\":\"Noticias Nacional\",\"inLanguage\":\"es\",\"potentialAction\":[{\"@type\":\"CommentAction\",\"name\":\"Comment\",\"target\":[\"https:\/\/sermujerytrabajo.es\/?p=4111#respond\"]}]},{\"@type\":\"Person\",\"@id\":\"https:\/\/sermujerytrabajo.es\/#\/schema\/person\/26a3e2d35cfc624b27a74a1d67c7867d\",\"name\":\"Maria Bego\\u00f1a Garc\\u00eda Gil\",\"image\":{\"@type\":\"ImageObject\",\"@id\":\"https:\/\/sermujerytrabajo.es\/#personlogo\",\"inLanguage\":\"es\",\"url\":\"https:\/\/secure.gravatar.com\/avatar\/7474a88b8aa50fe826f30e47589d4051fd5140125777f5b21c317bf835864866?s=96&d=mm&r=g\",\"caption\":\"Maria Bego\\u00f1a Garc\\u00eda Gil\"}}]}<\/script>\n<!-- \/ Yoast SEO plugin. -->","jetpack_sharing_enabled":true,"_links":{"self":[{"href":"https:\/\/sermujerytrabajo.es\/index.php?rest_route=\/wp\/v2\/posts\/4111","targetHints":{"allow":["GET"]}}],"collection":[{"href":"https:\/\/sermujerytrabajo.es\/index.php?rest_route=\/wp\/v2\/posts"}],"about":[{"href":"https:\/\/sermujerytrabajo.es\/index.php?rest_route=\/wp\/v2\/types\/post"}],"author":[{"embeddable":true,"href":"https:\/\/sermujerytrabajo.es\/index.php?rest_route=\/wp\/v2\/users\/3"}],"replies":[{"embeddable":true,"href":"https:\/\/sermujerytrabajo.es\/index.php?rest_route=%2Fwp%2Fv2%2Fcomments&post=4111"}],"version-history":[{"count":3,"href":"https:\/\/sermujerytrabajo.es\/index.php?rest_route=\/wp\/v2\/posts\/4111\/revisions"}],"predecessor-version":[{"id":4114,"href":"https:\/\/sermujerytrabajo.es\/index.php?rest_route=\/wp\/v2\/posts\/4111\/revisions\/4114"}],"wp:attachment":[{"href":"https:\/\/sermujerytrabajo.es\/index.php?rest_route=%2Fwp%2Fv2%2Fmedia&parent=4111"}],"wp:term":[{"taxonomy":"category","embeddable":true,"href":"https:\/\/sermujerytrabajo.es\/index.php?rest_route=%2Fwp%2Fv2%2Fcategories&post=4111"},{"taxonomy":"post_tag","embeddable":true,"href":"https:\/\/sermujerytrabajo.es\/index.php?rest_route=%2Fwp%2Fv2%2Ftags&post=4111"}],"curies":[{"name":"wp","href":"https:\/\/api.w.org\/{rel}","templated":true}]}}