{"id":4545,"date":"2022-02-11T10:39:43","date_gmt":"2022-02-11T08:39:43","guid":{"rendered":"https:\/\/sermujerytrabajo.es\/?p=4545"},"modified":"2022-02-11T10:41:30","modified_gmt":"2022-02-11T08:41:30","slug":"dia-internacional-de-la-mujer-y-la-nina-en-la-ciencia","status":"publish","type":"post","link":"https:\/\/sermujerytrabajo.es\/?p=4545","title":{"rendered":"D\u00eda Internacional de la Mujer y la Ni\u00f1a en la Ciencia"},"content":{"rendered":"\t\t<div data-elementor-type=\"wp-post\" data-elementor-id=\"4545\" class=\"elementor elementor-4545\">\n\t\t\t\t\t\t<section class=\"elementor-section elementor-top-section elementor-element elementor-element-956b69a elementor-section-boxed elementor-section-height-default elementor-section-height-default\" data-id=\"956b69a\" data-element_type=\"section\">\n\t\t\t\t\t\t<div class=\"elementor-container elementor-column-gap-default\">\n\t\t\t\t\t<div class=\"elementor-column elementor-col-100 elementor-top-column elementor-element elementor-element-8d0832b\" data-id=\"8d0832b\" data-element_type=\"column\">\n\t\t\t<div class=\"elementor-widget-wrap elementor-element-populated\">\n\t\t\t\t\t\t<div class=\"elementor-element elementor-element-97e2671 elementor-widget elementor-widget-image\" data-id=\"97e2671\" data-element_type=\"widget\" data-widget_type=\"image.default\">\n\t\t\t\t<div class=\"elementor-widget-container\">\n\t\t\t\t\t\t\t\t\t\t\t\t\t<img fetchpriority=\"high\" decoding=\"async\" width=\"750\" height=\"490\" src=\"https:\/\/sermujerytrabajo.es\/wp-content\/uploads\/2022\/02\/11-febrero.jpg\" class=\"attachment-large size-large wp-image-4547\" alt=\"\" srcset=\"https:\/\/sermujerytrabajo.es\/wp-content\/uploads\/2022\/02\/11-febrero.jpg 770w, https:\/\/sermujerytrabajo.es\/wp-content\/uploads\/2022\/02\/11-febrero-300x196.jpg 300w, https:\/\/sermujerytrabajo.es\/wp-content\/uploads\/2022\/02\/11-febrero-768x502.jpg 768w\" sizes=\"(max-width: 750px) 100vw, 750px\" \/>\t\t\t\t\t\t\t\t\t\t\t\t\t<\/div>\n\t\t\t\t<\/div>\n\t\t\t\t\t<\/div>\n\t\t<\/div>\n\t\t\t\t\t<\/div>\n\t\t<\/section>\n\t\t\t\t<section class=\"elementor-section elementor-top-section elementor-element elementor-element-266d326 elementor-section-boxed elementor-section-height-default elementor-section-height-default\" data-id=\"266d326\" data-element_type=\"section\">\n\t\t\t\t\t\t<div class=\"elementor-container elementor-column-gap-default\">\n\t\t\t\t\t<div class=\"elementor-column elementor-col-100 elementor-top-column elementor-element elementor-element-7dee2b7\" data-id=\"7dee2b7\" data-element_type=\"column\">\n\t\t\t<div class=\"elementor-widget-wrap elementor-element-populated\">\n\t\t\t\t\t\t<div class=\"elementor-element elementor-element-6fd7066 elementor-widget elementor-widget-text-editor\" data-id=\"6fd7066\" data-element_type=\"widget\" data-widget_type=\"text-editor.default\">\n\t\t\t\t<div class=\"elementor-widget-container\">\n\t\t\t\t\t\t\t<h2 class=\"bottommargin-sm\">Acceso y participaci\u00f3n plena e igualitaria de las mujeres y las ni\u00f1as en la ciencia<\/h2><p>La ciencia y la igualdad de g\u00e9nero son vitales para alcanzar los Objetivos de Desarrollo Sostenible (<a href=\"https:\/\/www.un.org\/sustainabledevelopment\/es\/objetivos-de-desarrollo-sostenible\/\">ODS<\/a>).\u00a0En las \u00faltimas d\u00e9cadas, la comunidad internacional ha hecho un gran esfuerzo para\u00a0inspirar y promover la participaci\u00f3n de las mujeres y las ni\u00f1as en la ciencia. Sin embargo, las mujeres siguen encontrando obst\u00e1culos para desenvolverse en el campo de la ciencia.<\/p><p>Con el fin de lograr el acceso y la participaci\u00f3n plena y equitativa en la ciencia para las mujeres y las ni\u00f1as, y adem\u00e1s para lograr la igualdad de g\u00e9nero y el empoderamiento de las mujeres y las ni\u00f1as, la Asamblea General de las Naciones Unidas decidi\u00f3\u00a0proclamar en 2016\u00a0(resoluci\u00f3n<span>\u00a0<\/span><span class=\"pdf-link\"><a href=\"https:\/\/undocs.org\/es\/A\/RES\/70\/212\">A\/RES\/70\/212<\/a><\/span><span>\u00a0<\/span>) el 11 de febrero como el<span>\u00a0<\/span><a href=\"https:\/\/es.unesco.org\/node\/281830\">D\u00eda Internacional de la Mujer y la Ni\u00f1a en la Ciencia<\/a>.<\/p>\t\t\t\t\t\t<\/div>\n\t\t\t\t<\/div>\n\t\t\t\t\t<\/div>\n\t\t<\/div>\n\t\t\t\t\t<\/div>\n\t\t<\/section>\n\t\t\t\t<\/div>\n\t\t","protected":false},"excerpt":{"rendered":"<p>Acceso y participaci\u00f3n plena e igualitaria de las mujeres y las ni\u00f1as en la ciencia La ciencia y la igualdad de g\u00e9nero son vitales para alcanzar los Objetivos de Desarrollo Sostenible (ODS).\u00a0En las \u00faltimas d\u00e9cadas, la comunidad internacional ha hecho un gran esfuerzo para\u00a0inspirar y promover la participaci\u00f3n de las [&hellip;]<\/p>\n","protected":false},"author":3,"featured_media":0,"comment_status":"open","ping_status":"open","sticky":false,"template":"","format":"standard","meta":{"_jetpack_memberships_contains_paid_content":false,"footnotes":""},"categories":[18],"tags":[],"class_list":["post-4545","post","type-post","status-publish","format-standard","hentry","category-aniversario"],"jetpack_featured_media_url":"","yoast_head":"<!-- This site is optimized with the Yoast SEO plugin v15.2 - https:\/\/yoast.com\/wordpress\/plugins\/seo\/ -->\n<title>D\u00eda Internacional de la Mujer y la Ni\u00f1a en la Ciencia -<\/title>\n<meta name=\"robots\" content=\"index, follow, max-snippet:-1, max-image-preview:large, max-video-preview:-1\" \/>\n<link rel=\"canonical\" href=\"https:\/\/sermujerytrabajo.es\/?p=4545\" \/>\n<meta property=\"og:locale\" content=\"es_ES\" \/>\n<meta property=\"og:type\" content=\"article\" \/>\n<meta property=\"og:title\" content=\"D\u00eda Internacional de la Mujer y la Ni\u00f1a en la Ciencia -\" \/>\n<meta property=\"og:description\" content=\"Acceso y participaci\u00f3n plena e igualitaria de las mujeres y las ni\u00f1as en la ciencia La ciencia y la igualdad de g\u00e9nero son vitales para alcanzar los Objetivos de Desarrollo Sostenible (ODS).\u00a0En las \u00faltimas d\u00e9cadas, la comunidad internacional ha hecho un gran esfuerzo para\u00a0inspirar y promover la participaci\u00f3n de las [&hellip;]\" \/>\n<meta property=\"og:url\" content=\"https:\/\/sermujerytrabajo.es\/?p=4545\" \/>\n<meta property=\"article:published_time\" content=\"2022-02-11T08:39:43+00:00\" \/>\n<meta property=\"article:modified_time\" content=\"2022-02-11T08:41:30+00:00\" \/>\n<meta property=\"og:image\" content=\"https:\/\/sermujerytrabajo.es\/wp-content\/uploads\/2022\/02\/11-febrero.jpg\" \/>\n<meta name=\"twitter:card\" content=\"summary_large_image\" \/>\n<meta name=\"twitter:label1\" value=\"Escrito por\">\n\t<meta name=\"twitter:data1\" value=\"Maria Bego\u00f1a Garc\u00eda Gil\">\n\t<meta name=\"twitter:label2\" value=\"Tiempo de lectura\">\n\t<meta name=\"twitter:data2\" value=\"1 minuto\">\n<script type=\"application\/ld+json\" class=\"yoast-schema-graph\">{\"@context\":\"https:\/\/schema.org\",\"@graph\":[{\"@type\":\"Organization\",\"@id\":\"https:\/\/sermujerytrabajo.es\/#organization\",\"name\":\"Ser mujer en el mercado de trabajo\",\"url\":\"https:\/\/sermujerytrabajo.es\/\",\"sameAs\":[],\"logo\":{\"@type\":\"ImageObject\",\"@id\":\"https:\/\/sermujerytrabajo.es\/#logo\",\"inLanguage\":\"es\",\"url\":\"https:\/\/sermujerytrabajo.es\/wp-content\/uploads\/2020\/09\/d134bcc4-4ca2-476c-bef9-f663ae8535d2_200x200.png\",\"width\":200,\"height\":200,\"caption\":\"Ser mujer en el mercado de trabajo\"},\"image\":{\"@id\":\"https:\/\/sermujerytrabajo.es\/#logo\"}},{\"@type\":\"WebSite\",\"@id\":\"https:\/\/sermujerytrabajo.es\/#website\",\"url\":\"https:\/\/sermujerytrabajo.es\/\",\"name\":\"\",\"description\":\"\",\"publisher\":{\"@id\":\"https:\/\/sermujerytrabajo.es\/#organization\"},\"potentialAction\":[{\"@type\":\"SearchAction\",\"target\":\"https:\/\/sermujerytrabajo.es\/?s={search_term_string}\",\"query-input\":\"required name=search_term_string\"}],\"inLanguage\":\"es\"},{\"@type\":\"ImageObject\",\"@id\":\"https:\/\/sermujerytrabajo.es\/?p=4545#primaryimage\",\"inLanguage\":\"es\",\"url\":\"https:\/\/sermujerytrabajo.es\/wp-content\/uploads\/2022\/02\/11-febrero.jpg\",\"width\":770,\"height\":503},{\"@type\":\"WebPage\",\"@id\":\"https:\/\/sermujerytrabajo.es\/?p=4545#webpage\",\"url\":\"https:\/\/sermujerytrabajo.es\/?p=4545\",\"name\":\"D\\u00eda Internacional de la Mujer y la Ni\\u00f1a en la Ciencia -\",\"isPartOf\":{\"@id\":\"https:\/\/sermujerytrabajo.es\/#website\"},\"primaryImageOfPage\":{\"@id\":\"https:\/\/sermujerytrabajo.es\/?p=4545#primaryimage\"},\"datePublished\":\"2022-02-11T08:39:43+00:00\",\"dateModified\":\"2022-02-11T08:41:30+00:00\",\"inLanguage\":\"es\",\"potentialAction\":[{\"@type\":\"ReadAction\",\"target\":[\"https:\/\/sermujerytrabajo.es\/?p=4545\"]}]},{\"@type\":\"Article\",\"@id\":\"https:\/\/sermujerytrabajo.es\/?p=4545#article\",\"isPartOf\":{\"@id\":\"https:\/\/sermujerytrabajo.es\/?p=4545#webpage\"},\"author\":{\"@id\":\"https:\/\/sermujerytrabajo.es\/#\/schema\/person\/26a3e2d35cfc624b27a74a1d67c7867d\"},\"headline\":\"D\\u00eda Internacional de la Mujer y la Ni\\u00f1a en la Ciencia\",\"datePublished\":\"2022-02-11T08:39:43+00:00\",\"dateModified\":\"2022-02-11T08:41:30+00:00\",\"mainEntityOfPage\":{\"@id\":\"https:\/\/sermujerytrabajo.es\/?p=4545#webpage\"},\"publisher\":{\"@id\":\"https:\/\/sermujerytrabajo.es\/#organization\"},\"image\":{\"@id\":\"https:\/\/sermujerytrabajo.es\/?p=4545#primaryimage\"},\"articleSection\":\"Aniversario\",\"inLanguage\":\"es\",\"potentialAction\":[{\"@type\":\"CommentAction\",\"name\":\"Comment\",\"target\":[\"https:\/\/sermujerytrabajo.es\/?p=4545#respond\"]}]},{\"@type\":\"Person\",\"@id\":\"https:\/\/sermujerytrabajo.es\/#\/schema\/person\/26a3e2d35cfc624b27a74a1d67c7867d\",\"name\":\"Maria Bego\\u00f1a Garc\\u00eda Gil\",\"image\":{\"@type\":\"ImageObject\",\"@id\":\"https:\/\/sermujerytrabajo.es\/#personlogo\",\"inLanguage\":\"es\",\"url\":\"https:\/\/secure.gravatar.com\/avatar\/7474a88b8aa50fe826f30e47589d4051fd5140125777f5b21c317bf835864866?s=96&d=mm&r=g\",\"caption\":\"Maria Bego\\u00f1a Garc\\u00eda Gil\"}}]}<\/script>\n<!-- \/ Yoast SEO plugin. -->","jetpack_sharing_enabled":true,"_links":{"self":[{"href":"https:\/\/sermujerytrabajo.es\/index.php?rest_route=\/wp\/v2\/posts\/4545","targetHints":{"allow":["GET"]}}],"collection":[{"href":"https:\/\/sermujerytrabajo.es\/index.php?rest_route=\/wp\/v2\/posts"}],"about":[{"href":"https:\/\/sermujerytrabajo.es\/index.php?rest_route=\/wp\/v2\/types\/post"}],"author":[{"embeddable":true,"href":"https:\/\/sermujerytrabajo.es\/index.php?rest_route=\/wp\/v2\/users\/3"}],"replies":[{"embeddable":true,"href":"https:\/\/sermujerytrabajo.es\/index.php?rest_route=%2Fwp%2Fv2%2Fcomments&post=4545"}],"version-history":[{"count":2,"href":"https:\/\/sermujerytrabajo.es\/index.php?rest_route=\/wp\/v2\/posts\/4545\/revisions"}],"predecessor-version":[{"id":4548,"href":"https:\/\/sermujerytrabajo.es\/index.php?rest_route=\/wp\/v2\/posts\/4545\/revisions\/4548"}],"wp:attachment":[{"href":"https:\/\/sermujerytrabajo.es\/index.php?rest_route=%2Fwp%2Fv2%2Fmedia&parent=4545"}],"wp:term":[{"taxonomy":"category","embeddable":true,"href":"https:\/\/sermujerytrabajo.es\/index.php?rest_route=%2Fwp%2Fv2%2Fcategories&post=4545"},{"taxonomy":"post_tag","embeddable":true,"href":"https:\/\/sermujerytrabajo.es\/index.php?rest_route=%2Fwp%2Fv2%2Ftags&post=4545"}],"curies":[{"name":"wp","href":"https:\/\/api.w.org\/{rel}","templated":true}]}}