{"id":4556,"date":"2022-02-22T10:53:28","date_gmt":"2022-02-22T08:53:28","guid":{"rendered":"https:\/\/sermujerytrabajo.es\/?p=4556"},"modified":"2022-02-22T13:37:53","modified_gmt":"2022-02-22T11:37:53","slug":"dia-de-la-igualdad-salarial-la-brecha-salarial-estaba-en-conserva","status":"publish","type":"post","link":"https:\/\/sermujerytrabajo.es\/?p=4556","title":{"rendered":"D\u00eda de la Igualdad Salarial: la brecha salarial estaba en conserva dentro de las latas de at\u00fan"},"content":{"rendered":"\t\t<div data-elementor-type=\"wp-post\" data-elementor-id=\"4556\" class=\"elementor elementor-4556\">\n\t\t\t\t\t\t<section class=\"elementor-section elementor-top-section elementor-element elementor-element-6cc1c60 elementor-section-boxed elementor-section-height-default elementor-section-height-default\" data-id=\"6cc1c60\" data-element_type=\"section\">\n\t\t\t\t\t\t<div class=\"elementor-container elementor-column-gap-default\">\n\t\t\t\t\t<div class=\"elementor-column elementor-col-100 elementor-top-column elementor-element elementor-element-c462942\" data-id=\"c462942\" data-element_type=\"column\">\n\t\t\t<div class=\"elementor-widget-wrap elementor-element-populated\">\n\t\t\t\t\t\t<div class=\"elementor-element elementor-element-239ef71 elementor-widget elementor-widget-image\" data-id=\"239ef71\" data-element_type=\"widget\" data-widget_type=\"image.default\">\n\t\t\t\t<div class=\"elementor-widget-container\">\n\t\t\t\t\t\t\t\t\t\t\t\t\t<img fetchpriority=\"high\" decoding=\"async\" width=\"750\" height=\"422\" src=\"https:\/\/sermujerytrabajo.es\/wp-content\/uploads\/2022\/02\/d12ee358-bda3-452b-b5d6-d517a8acde89_16-9-discover-aspect-ratio_default_0-1024x576.jpg\" class=\"attachment-large size-large wp-image-4558\" alt=\"\" srcset=\"https:\/\/sermujerytrabajo.es\/wp-content\/uploads\/2022\/02\/d12ee358-bda3-452b-b5d6-d517a8acde89_16-9-discover-aspect-ratio_default_0-1024x576.jpg 1024w, https:\/\/sermujerytrabajo.es\/wp-content\/uploads\/2022\/02\/d12ee358-bda3-452b-b5d6-d517a8acde89_16-9-discover-aspect-ratio_default_0-300x169.jpg 300w, https:\/\/sermujerytrabajo.es\/wp-content\/uploads\/2022\/02\/d12ee358-bda3-452b-b5d6-d517a8acde89_16-9-discover-aspect-ratio_default_0-768x432.jpg 768w, https:\/\/sermujerytrabajo.es\/wp-content\/uploads\/2022\/02\/d12ee358-bda3-452b-b5d6-d517a8acde89_16-9-discover-aspect-ratio_default_0.jpg 1200w\" sizes=\"(max-width: 750px) 100vw, 750px\" \/>\t\t\t\t\t\t\t\t\t\t\t\t\t<\/div>\n\t\t\t\t<\/div>\n\t\t\t\t\t<\/div>\n\t\t<\/div>\n\t\t\t\t\t<\/div>\n\t\t<\/section>\n\t\t\t\t<section class=\"elementor-section elementor-top-section elementor-element elementor-element-bb8f0fd elementor-section-boxed elementor-section-height-default elementor-section-height-default\" data-id=\"bb8f0fd\" data-element_type=\"section\">\n\t\t\t\t\t\t<div class=\"elementor-container elementor-column-gap-default\">\n\t\t\t\t\t<div class=\"elementor-column elementor-col-100 elementor-top-column elementor-element elementor-element-a79b7e7\" data-id=\"a79b7e7\" data-element_type=\"column\">\n\t\t\t<div class=\"elementor-widget-wrap elementor-element-populated\">\n\t\t\t\t\t\t<div class=\"elementor-element elementor-element-742ac2d elementor-widget elementor-widget-text-editor\" data-id=\"742ac2d\" data-element_type=\"widget\" data-widget_type=\"text-editor.default\">\n\t\t\t\t<div class=\"elementor-widget-container\">\n\t\t\t\t\t\t\t<p class=\"article-text\">En las f\u00e1bricas de conserva, los maestros del Grupo 5 (personal de fabricaci\u00f3n), cobran 33,89 euros de salario base al d\u00eda. Los maestros del Grupo 6 (personal de oficios varios), perciben en cambio 38,31 euros. Sus labores son id\u00e9nticas, pero existe una diferencia abismal entre ambos:<strong><span>\u00a0<\/span>las primeras son en realidad maestras<\/strong>. Femenino plural. Es un ejemplo gr\u00e1fico de la evidente brecha de g\u00e9nero existente en el sector de la conserva, el principal motivo que las trabajadoras han puesto sobre la mesa para llamar a la huelga. Llevan meses peleando por un convenio digno y este mismo jueves dos de los tres sindicatos convocantes firmaron un preacuerdo con la patronal. Entre las trabajadoras, sensaciones encontradas.<\/p><div class=\"edi-advertising ad__no-dotted ad__no-legend\"><\/div><p class=\"article-text\">La convocatoria de huelga llega con una carga hist\u00f3rica de ausencia de movilizaciones en m\u00e1s de tres d\u00e9cadas. Pero este a\u00f1o ha marcado un antes y un despu\u00e9s: el pasado 21 de enero se convoc\u00f3 la primera jornada de huelga, a la que le siguieron otras dos el 3 y el 4 de febrero. Este s\u00e1bado,<span>\u00a0<\/span><strong>tuvo lugar una manifestaci\u00f3n en Boiro (A Coru\u00f1a)<\/strong>, convocada por Comisiones Obreras, el sindicato que ha rechazado estampar su firma en el preacuerdo. La central organizar\u00e1 adem\u00e1s asambleas con sus trabajadoras para dirimir si se mantienen las huelgas programadas para el 14, 16 y 18 de marzo.<\/p><div class=\"edi-advertising ad__no-dotted ad__no-legend\"><div id=\"sc_intxt_container\"><div id=\"sc-intext-passback\"><\/div><\/div><\/div><h3 class=\"article-text\">Mujeres, historia y discriminaci\u00f3n<\/h3><p class=\"article-text\">La fotograf\u00eda que dejaron las jornadas de huelga fue n\u00edtida: quienes sosten\u00edan las banderas con las siglas de los sindicatos eran mayoritariamente mujeres. Aunque las reivindicaciones responden a un conglomerado de circunstancias,<span>\u00a0<\/span><strong>son ellas las que llevan las riendas<\/strong>. No es de extra\u00f1ar. Ellas fueron quienes cimentaron la conserva desde sus inicios y son quienes la mantienen en pie hoy d\u00eda. \u00abLa historia de la conserva (&#8230;) es la historia de muchas mujeres en Galicia. Mujeres empoderadas por la necesidad. Es una historia hecha sobre el esfuerzo de un ej\u00e9rcito de muchachas que<span>\u00a0<\/span><strong>dejaron a un lado su infancia para llevar un jornal a sus casas<\/strong>\u00ab, introduce el documental<span>\u00a0<\/span><a href=\"http:\/\/www.memoriasenconserva.com\/\" target=\"_blank\" class=\"link\" rel=\"noopener\"><em>Memorias en conserva<\/em><\/a>.\u00a0<\/p><p class=\"article-text\">La historiadora Luisa Mar\u00eda Mu\u00f1oz, autora del libro<span>\u00a0<\/span><em>G\u00e9nero, trabajo y niveles de vida en la industria conservera de Galicia<\/em><span>\u00a0<\/span>(Icaria, 2010), aporta en ese documental las claves para entender el conflicto actual desde una perspectiva de g\u00e9nero. \u00abLas mujeres fueron las protagonistas principales, sin embargo<span>\u00a0<\/span><strong>fueron siempre peor remuneradas que los hombres<\/strong>\u00ab, se\u00f1ala. Lleva siendo as\u00ed, contin\u00faa, desde el siglo XVII con la salaz\u00f3n, pasando por la conserva del siglo XX, hasta hoy y con el \u00faltimo convenio regulador, firmado en 2017, donde \u00abse ve la segmentaci\u00f3n del mercado de trabajo\u00bb, se\u00f1ala la historiadora. \u00abEs algo muy universal y muy caracter\u00edstico de esta industria donde quiera que mires: las mujeres estaban en los primeros pelda\u00f1os y recib\u00edan menos salarios\u00bb.<\/p><p class=\"article-text\">Al principio, documenta la escritora, ingresaban \u00abmenos de la mitad de los salarios de los hombres\u00bb, a partir del siglo XX pasaron a ser \u00abm\u00e1s o menos la mitad\u00bb para experimentar un ligero aumento durante la Segunda Rep\u00fablica, en un \u00abcontexto de lucha obrera\u00bb. Con el franquismo, se consolida el retroceso retributivo y ya en los a\u00f1os setenta, gracias a los convenios colectivos, la situaci\u00f3n para las mujeres mejora. Pero no lo suficiente:<span>\u00a0<\/span><strong>la brecha persiste<\/strong>.<\/p><figure><picture class=\"news-image\"><source data-srcset=\"https:\/\/static.infolibre.es\/clip\/bdef3ffb-52f4-48ea-9f56-7a18af276401_16-9-aspect-ratio_50p_0.jpg\" media=\"(max-width: 576px)\" srcset=\"https:\/\/static.infolibre.es\/clip\/bdef3ffb-52f4-48ea-9f56-7a18af276401_16-9-aspect-ratio_50p_0.jpg\" \/><source data-srcset=\"https:\/\/static.infolibre.es\/clip\/bdef3ffb-52f4-48ea-9f56-7a18af276401_16-9-aspect-ratio_75p_0.jpg\" media=\"(max-width: 768px)\" srcset=\"https:\/\/static.infolibre.es\/clip\/bdef3ffb-52f4-48ea-9f56-7a18af276401_16-9-aspect-ratio_75p_0.jpg\" \/><source data-srcset=\"https:\/\/static.infolibre.es\/clip\/bdef3ffb-52f4-48ea-9f56-7a18af276401_16-9-aspect-ratio_default_0.jpg\" media=\"(min-width: 769px)\" srcset=\"https:\/\/static.infolibre.es\/clip\/bdef3ffb-52f4-48ea-9f56-7a18af276401_16-9-aspect-ratio_default_0.jpg\" \/><img decoding=\"async\" class=\"lazy entered loaded\" src=\"data:image\/svg+xml,%3Csvg xmlns='http:\/\/www.w3.org\/2000\/svg' viewBox='0 0 880 495'%3E%3C\/svg%3E\" alt=\"\" data-ll-status=\"loaded\" \/><\/picture><figcaption class=\"image-footer\"><span class=\"title\">Concentraci\u00f3n de las trabajadoras de la conserva en Galicia.<span>\u00a0<\/span><span class=\"author\">EP<\/span><\/span><\/figcaption><\/figure><h3 class=\"article-text\">\u00abEl de las mujeres siempre un sueldo para ayudar en casa\u00bb<\/h3><p class=\"article-text\">Cecilia Cajaraville lo ve cada d\u00eda en la f\u00e1brica, en su Vilagarc\u00eda de Arousa (Pontevedra) natal. \u00abLo que pedimos no es tanto\u00bb, dice al otro lado del tel\u00e9fono, en el hueco que le ha arrancado a su hora del bocadillo. \u00abHay casos en que desempe\u00f1amos el mismo trabajo, pero<span>\u00a0<\/span><strong>la diferencia salarial es abismal<\/strong>\u00ab, lamenta. Las razones de la brecha de g\u00e9nero suelen ser m\u00e1s bien pretextos que en ning\u00fan caso justifican las diferencias. A veces se asientan sobre una tradici\u00f3n hist\u00f3rica dif\u00edcil de revertir. \u00abEl de las mujeres<span>\u00a0<\/span><strong>siempre fue un sueldo para ayudar en casa<\/strong>, no un sueldo de por s\u00ed\u00bb, reflexiona la trabajadora. Quiz\u00e1 parte de esa grieta bebe de ah\u00ed.<\/p><p class=\"article-text\">\u00abReivindicamos un incremento salarial: igual trabajo, igual salario\u00bb, clama. Algunos todav\u00eda no entienden el por qu\u00e9. \u00abEl apoyo es mayoritario\u00bb entre los compa\u00f1eros, aunque sigue habiendo quien \u00abno lo ve normal\u00bb.<\/p><p class=\"article-text\">\u2013\u00bfPor qu\u00e9?<\/p><p class=\"article-text\">\u2013Por machismo, supongo, no les gustar\u00e1 que ganemos el mismo dinero.<\/p><p class=\"article-text\">Pilar Campa\u00f1a lleva desde finales de los ochenta trabajando en el sector y no duda al calificar las movilizaciones de hist\u00f3ricas. \u00abJam\u00e1s se vio a tanta gente saliendo a la calle, sobre todo<span>\u00a0<\/span><strong>mujeres peleando por sus derechos<\/strong>\u00ab, celebra. Trabaja en Boiro, precisamente en la f\u00e1brica que se vio<span>\u00a0<\/span><a href=\"https:\/\/www.lavozdegalicia.es\/noticia\/barbanza\/boiro\/2021\/05\/09\/incendio-jealsa-afecto-11000-metros-cuadrados-fabrica-bodion-boiro\/00031620552937532323876.htm\" target=\"_blank\" class=\"link\" rel=\"noopener\">envuelta en llamas<\/a><span>\u00a0<\/span>el a\u00f1o pasado. Ella estaba en la zona de congelados, pero desde el accidente fue reubicada en el almac\u00e9n y ahora trabaja estuchando latas mano a mano con una m\u00e1quina. \u00abLo que nos cabrea es que haciendo el mismo trabajo que otro compa\u00f1ero que est\u00e1 al lado, estemos cobrando menos\u00bb, denuncia. \u00abNo se sostiene por ning\u00fan lado\u00bb.\u00a0<\/p><p class=\"article-text\">Tanto Campa\u00f1a como Cajaraville integran la mesa negociadora entre la patronal y los agentes sociales. La primera, por parte de Comisiones; la segunda en representaci\u00f3n de la CIG. Sus sensaciones son diametralmente opuestas. La trabajadora de Boiro no oculta su absoluto descontento por el preacuerdo firmado, especialmente en lo que respecta al abordaje de una brecha salarial que hasta hac\u00eda d\u00edas la patronal ni siquiera reconoc\u00eda. \u00abSolo se comprometen a abordar el tema. Es una mentira para enga\u00f1ar a las trabajadoras de la conserva.<strong><span>\u00a0<\/span>Ten\u00edamos una oportunidad de oro y nos vendieron<\/strong>\u00ab.\u00a0<\/p><h3 class=\"article-text\">Un preacuerdo que no gusta a todos<\/h3><p class=\"article-text\">\u00bfQu\u00e9 dice el preacuerdo? La CIG y UGT defienden que los sindicatos firmantes han conseguido que la actualizaci\u00f3n de los sueldos se haga en base al IPC real, pero adem\u00e1s presumen de haber pactado un<strong><span>\u00a0<\/span>incremento adicional del 0,3% en cada uno de los cuatro a\u00f1os de duraci\u00f3n del convenio<span>\u00a0<\/span><\/strong>(2021-2023) para las categor\u00edas laborales ocupadas mayoritariamente por mujeres, es decir, las del Grupo 5. Esta propuesta no es nueva: la patronal ya la hab\u00eda deslizado en la \u00faltima reuni\u00f3n, el pasado 2 de febrero. Los sindicatos la tildaron de insuficiente y el resultado fue llamar a la huelga.<\/p><p class=\"article-text\">Hace ahora tres a\u00f1os, el sector de elaborados del mar fue a la huelga para conseguir un convenio digno. Ven\u00eda de ser una \u00abescisi\u00f3n de la conserva para precarizar todav\u00eda m\u00e1s. Entonces se consigui\u00f3 poner el convenio por encima, ahora es el turno de la conserva\u00bb. Habla<span>\u00a0<\/span><strong>V\u00edctor Ledo<\/strong>, secretario general de la Federaci\u00f3n de Industria de CCOO Galicia. El convenio colectivo del sector de conservas, semiconservas y salazones de pescado y marisco es estatal, pero el \u00ab52% de las trabajadoras afectadas est\u00e1n en Galicia\u00bb. Tiene una \u00abpeque\u00f1a implantaci\u00f3n en Cantabria y en M\u00e1laga\u00bb, expone el sindicalista, pero el protagonista por excelencia lleva nombre gallego. \u00abEs de los peores convenios a nivel estatal, con las<span>\u00a0<\/span><strong>peores condiciones en jornada y salarios<\/strong>\u00ab, remacha.\u00a0<\/p><p class=\"article-text\">Los sindicatos calculan que el 80% de quienes llenan las f\u00e1bricas son mujeres. Fueron esenciales durante la pandemia, las trabajadoras de la conserva no dejaron de ir a los centros de trabajo para nutrir las despensas de los consumidores. \u00abEstuvieron trabajando a destajo\u00bb, ahonda Ledo. Como consecuencia, el sector de la conserva \u00abincrement\u00f3 sus beneficios m\u00e1s de un 11% y en algunos casos con facturaciones r\u00e9cord\u00bb. Aquel impacto no entr\u00f3 en los bolsillos de las trabajadoras. La interlocuci\u00f3n, se\u00f1ala V\u00edctor Ledo, es especialmente compleja en el sector porque<span>\u00a0<\/span><strong>los representantes de los trabajadores tienen enfrente a una \u00abpatronal caciquil\u00bb<\/strong>, caracterizada por un \u00abalto componente familiar\u00bb. \u00abLos patrones son familias que adem\u00e1s est\u00e1n en el territorio donde se ubican las empresas. Esto se viene arrastrando desde hace d\u00e9cadas: el sector conservero fue avanzando tecnol\u00f3gicamente, pero la cultura empresarial sigue siendo anticuada\u00bb.\u00a0<\/p><p class=\"article-text\">La brecha entre mujeres y hombres se caracteriza por tres cuestiones clave: salarios m\u00e1s bajos debido a las categor\u00edas profesionales, mayor eventualidad \u2013con un dominio de los contratos fijos descontinuos\u2013 y menos pluses. Seg\u00fan CCOO, la brecha asciende al 28,4%. Comisiones se\u00f1ala que enyesar la grieta era una l\u00ednea roja y cree insuficientes los acuerdos alcanzados. La CIG, en cambio,<span>\u00a0<\/span><strong>respira tranquila<\/strong>.\u00a0Mar Vila, miembro de la comisi\u00f3n negociadora por parte del sindicato nacionalista, expresa su satisfacci\u00f3n: \u00abSe han conseguido reclamaciones hist\u00f3ricas que recuperan una mejora de derechos\u00bb, sentencia. La subida del 0,3% para las categor\u00edas femeninas tiene encaje en el preacuerdo, sostiene, porque va a acompa\u00f1ada de un paso clave: la creaci\u00f3n de una comisi\u00f3n\u00a0t\u00e9cnica para trabajar en la eliminaci\u00f3n de la brecha salarial, que echar\u00e1 andar una vez haya sido firmado el nuevo convenio. Su objetivo es precisamente eliminar las distinciones entre los dos grupos, caminando hacia su fusi\u00f3n. \u00abNo es solo el salario, tenemos que hablar de la reformulaci\u00f3n de las categor\u00edas\u00bb, se\u00f1ala la sindicalista.<\/p><p class=\"article-text\">En cualquier caso, el preacuerdo es eso: el preludio de algo definitivo. Los sindicatos dejan en manos de sus asambleas la decisi\u00f3n final. Tienen la palabra las trabajadoras que hicieron de sus demandas<span>\u00a0<\/span><strong>un grito un\u00e1nime en las calles.<\/strong><\/p><p><a href=\"https:\/\/www.infolibre.es\/politica\/dia-igualdad-salarial-claves-esconden-brecha-hombres-mujeres_1_1151247.html\" class=\"news-know-more partner-vertical-tablet-desktop\"><picture class=\"know-more-img\"><source data-srcset=\"https:\/\/static.infolibre.es\/clip\/6b1c6f7f-eb93-4073-b14f-621cb258ab21_16-9-aspect-ratio_50p_0.jpg\" media=\"(max-width: 768px)\" srcset=\"https:\/\/static.infolibre.es\/clip\/6b1c6f7f-eb93-4073-b14f-621cb258ab21_16-9-aspect-ratio_50p_0.jpg\" \/><source data-srcset=\"https:\/\/static.infolibre.es\/clip\/6b1c6f7f-eb93-4073-b14f-621cb258ab21_16-9-aspect-ratio_50p_0.jpg\" media=\"(min-width: 769px)\" srcset=\"https:\/\/static.infolibre.es\/clip\/6b1c6f7f-eb93-4073-b14f-621cb258ab21_16-9-aspect-ratio_50p_0.jpg\" \/><\/picture><\/a><\/p>\t\t\t\t\t\t<\/div>\n\t\t\t\t<\/div>\n\t\t\t\t\t<\/div>\n\t\t<\/div>\n\t\t\t\t\t<\/div>\n\t\t<\/section>\n\t\t\t\t<\/div>\n\t\t","protected":false},"excerpt":{"rendered":"<p>En las f\u00e1bricas de conserva, los maestros del Grupo 5 (personal de fabricaci\u00f3n), cobran 33,89 euros de salario base al d\u00eda. Los maestros del Grupo 6 (personal de oficios varios), perciben en cambio 38,31 euros. Sus labores son id\u00e9nticas, pero existe una diferencia abismal entre ambos:\u00a0las primeras son en realidad [&hellip;]<\/p>\n","protected":false},"author":3,"featured_media":0,"comment_status":"open","ping_status":"open","sticky":false,"template":"","format":"standard","meta":{"_jetpack_memberships_contains_paid_content":false,"footnotes":""},"categories":[8],"tags":[],"class_list":["post-4556","post","type-post","status-publish","format-standard","hentry","category-noticias"],"jetpack_featured_media_url":"","yoast_head":"<!-- This site is optimized with the Yoast SEO plugin v15.2 - https:\/\/yoast.com\/wordpress\/plugins\/seo\/ -->\n<title>D\u00eda de la Igualdad Salarial: la brecha salarial estaba en conserva dentro de las latas de at\u00fan -<\/title>\n<meta name=\"robots\" content=\"index, follow, max-snippet:-1, max-image-preview:large, max-video-preview:-1\" \/>\n<link rel=\"canonical\" href=\"https:\/\/sermujerytrabajo.es\/?p=4556\" \/>\n<meta property=\"og:locale\" content=\"es_ES\" \/>\n<meta property=\"og:type\" content=\"article\" \/>\n<meta property=\"og:title\" content=\"D\u00eda de la Igualdad Salarial: la brecha salarial estaba en conserva dentro de las latas de at\u00fan -\" \/>\n<meta property=\"og:description\" content=\"En las f\u00e1bricas de conserva, los maestros del Grupo 5 (personal de fabricaci\u00f3n), cobran 33,89 euros de salario base al d\u00eda. Los maestros del Grupo 6 (personal de oficios varios), perciben en cambio 38,31 euros. Sus labores son id\u00e9nticas, pero existe una diferencia abismal entre ambos:\u00a0las primeras son en realidad [&hellip;]\" \/>\n<meta property=\"og:url\" content=\"https:\/\/sermujerytrabajo.es\/?p=4556\" \/>\n<meta property=\"article:published_time\" content=\"2022-02-22T08:53:28+00:00\" \/>\n<meta property=\"article:modified_time\" content=\"2022-02-22T11:37:53+00:00\" \/>\n<meta property=\"og:image\" content=\"https:\/\/sermujerytrabajo.es\/wp-content\/uploads\/2022\/02\/d12ee358-bda3-452b-b5d6-d517a8acde89_16-9-discover-aspect-ratio_default_0-1024x576.jpg\" \/>\n<meta name=\"twitter:card\" content=\"summary_large_image\" \/>\n<meta name=\"twitter:label1\" value=\"Escrito por\">\n\t<meta name=\"twitter:data1\" value=\"Maria Bego\u00f1a Garc\u00eda Gil\">\n\t<meta name=\"twitter:label2\" value=\"Tiempo de lectura\">\n\t<meta name=\"twitter:data2\" value=\"6 minutos\">\n<script type=\"application\/ld+json\" class=\"yoast-schema-graph\">{\"@context\":\"https:\/\/schema.org\",\"@graph\":[{\"@type\":\"Organization\",\"@id\":\"https:\/\/sermujerytrabajo.es\/#organization\",\"name\":\"Ser mujer en el mercado de trabajo\",\"url\":\"https:\/\/sermujerytrabajo.es\/\",\"sameAs\":[],\"logo\":{\"@type\":\"ImageObject\",\"@id\":\"https:\/\/sermujerytrabajo.es\/#logo\",\"inLanguage\":\"es\",\"url\":\"https:\/\/sermujerytrabajo.es\/wp-content\/uploads\/2020\/09\/d134bcc4-4ca2-476c-bef9-f663ae8535d2_200x200.png\",\"width\":200,\"height\":200,\"caption\":\"Ser mujer en el mercado de trabajo\"},\"image\":{\"@id\":\"https:\/\/sermujerytrabajo.es\/#logo\"}},{\"@type\":\"WebSite\",\"@id\":\"https:\/\/sermujerytrabajo.es\/#website\",\"url\":\"https:\/\/sermujerytrabajo.es\/\",\"name\":\"\",\"description\":\"\",\"publisher\":{\"@id\":\"https:\/\/sermujerytrabajo.es\/#organization\"},\"potentialAction\":[{\"@type\":\"SearchAction\",\"target\":\"https:\/\/sermujerytrabajo.es\/?s={search_term_string}\",\"query-input\":\"required name=search_term_string\"}],\"inLanguage\":\"es\"},{\"@type\":\"ImageObject\",\"@id\":\"https:\/\/sermujerytrabajo.es\/?p=4556#primaryimage\",\"inLanguage\":\"es\",\"url\":\"https:\/\/sermujerytrabajo.es\/wp-content\/uploads\/2022\/02\/d12ee358-bda3-452b-b5d6-d517a8acde89_16-9-discover-aspect-ratio_default_0.jpg\",\"width\":1200,\"height\":675},{\"@type\":\"WebPage\",\"@id\":\"https:\/\/sermujerytrabajo.es\/?p=4556#webpage\",\"url\":\"https:\/\/sermujerytrabajo.es\/?p=4556\",\"name\":\"D\\u00eda de la Igualdad Salarial: la brecha salarial estaba en conserva dentro de las latas de at\\u00fan -\",\"isPartOf\":{\"@id\":\"https:\/\/sermujerytrabajo.es\/#website\"},\"primaryImageOfPage\":{\"@id\":\"https:\/\/sermujerytrabajo.es\/?p=4556#primaryimage\"},\"datePublished\":\"2022-02-22T08:53:28+00:00\",\"dateModified\":\"2022-02-22T11:37:53+00:00\",\"inLanguage\":\"es\",\"potentialAction\":[{\"@type\":\"ReadAction\",\"target\":[\"https:\/\/sermujerytrabajo.es\/?p=4556\"]}]},{\"@type\":\"Article\",\"@id\":\"https:\/\/sermujerytrabajo.es\/?p=4556#article\",\"isPartOf\":{\"@id\":\"https:\/\/sermujerytrabajo.es\/?p=4556#webpage\"},\"author\":{\"@id\":\"https:\/\/sermujerytrabajo.es\/#\/schema\/person\/26a3e2d35cfc624b27a74a1d67c7867d\"},\"headline\":\"D\\u00eda de la Igualdad Salarial: la brecha salarial estaba en conserva dentro de las latas de at\\u00fan\",\"datePublished\":\"2022-02-22T08:53:28+00:00\",\"dateModified\":\"2022-02-22T11:37:53+00:00\",\"mainEntityOfPage\":{\"@id\":\"https:\/\/sermujerytrabajo.es\/?p=4556#webpage\"},\"publisher\":{\"@id\":\"https:\/\/sermujerytrabajo.es\/#organization\"},\"image\":{\"@id\":\"https:\/\/sermujerytrabajo.es\/?p=4556#primaryimage\"},\"articleSection\":\"Noticias Nacional\",\"inLanguage\":\"es\",\"potentialAction\":[{\"@type\":\"CommentAction\",\"name\":\"Comment\",\"target\":[\"https:\/\/sermujerytrabajo.es\/?p=4556#respond\"]}]},{\"@type\":\"Person\",\"@id\":\"https:\/\/sermujerytrabajo.es\/#\/schema\/person\/26a3e2d35cfc624b27a74a1d67c7867d\",\"name\":\"Maria Bego\\u00f1a Garc\\u00eda Gil\",\"image\":{\"@type\":\"ImageObject\",\"@id\":\"https:\/\/sermujerytrabajo.es\/#personlogo\",\"inLanguage\":\"es\",\"url\":\"https:\/\/secure.gravatar.com\/avatar\/7474a88b8aa50fe826f30e47589d4051fd5140125777f5b21c317bf835864866?s=96&d=mm&r=g\",\"caption\":\"Maria Bego\\u00f1a Garc\\u00eda Gil\"}}]}<\/script>\n<!-- \/ Yoast SEO plugin. -->","jetpack_sharing_enabled":true,"_links":{"self":[{"href":"https:\/\/sermujerytrabajo.es\/index.php?rest_route=\/wp\/v2\/posts\/4556","targetHints":{"allow":["GET"]}}],"collection":[{"href":"https:\/\/sermujerytrabajo.es\/index.php?rest_route=\/wp\/v2\/posts"}],"about":[{"href":"https:\/\/sermujerytrabajo.es\/index.php?rest_route=\/wp\/v2\/types\/post"}],"author":[{"embeddable":true,"href":"https:\/\/sermujerytrabajo.es\/index.php?rest_route=\/wp\/v2\/users\/3"}],"replies":[{"embeddable":true,"href":"https:\/\/sermujerytrabajo.es\/index.php?rest_route=%2Fwp%2Fv2%2Fcomments&post=4556"}],"version-history":[{"count":4,"href":"https:\/\/sermujerytrabajo.es\/index.php?rest_route=\/wp\/v2\/posts\/4556\/revisions"}],"predecessor-version":[{"id":4561,"href":"https:\/\/sermujerytrabajo.es\/index.php?rest_route=\/wp\/v2\/posts\/4556\/revisions\/4561"}],"wp:attachment":[{"href":"https:\/\/sermujerytrabajo.es\/index.php?rest_route=%2Fwp%2Fv2%2Fmedia&parent=4556"}],"wp:term":[{"taxonomy":"category","embeddable":true,"href":"https:\/\/sermujerytrabajo.es\/index.php?rest_route=%2Fwp%2Fv2%2Fcategories&post=4556"},{"taxonomy":"post_tag","embeddable":true,"href":"https:\/\/sermujerytrabajo.es\/index.php?rest_route=%2Fwp%2Fv2%2Ftags&post=4556"}],"curies":[{"name":"wp","href":"https:\/\/api.w.org\/{rel}","templated":true}]}}