{"id":4571,"date":"2022-02-24T20:28:03","date_gmt":"2022-02-24T18:28:03","guid":{"rendered":"https:\/\/sermujerytrabajo.es\/?p=4571"},"modified":"2022-02-24T20:36:15","modified_gmt":"2022-02-24T18:36:15","slug":"la-justicia-europea-concluye-que-el-regimen-laboral-de-las-empleadas-del-hogar-en-espana-es-discriminatorio","status":"publish","type":"post","link":"https:\/\/sermujerytrabajo.es\/?p=4571","title":{"rendered":"La justicia europea concluye que el r\u00e9gimen laboral de las empleadas del hogar en Espa\u00f1a es discriminatorio"},"content":{"rendered":"\t\t<div data-elementor-type=\"wp-post\" data-elementor-id=\"4571\" class=\"elementor elementor-4571\">\n\t\t\t\t\t\t<section class=\"elementor-section elementor-top-section elementor-element elementor-element-1d92359 elementor-section-boxed elementor-section-height-default elementor-section-height-default\" data-id=\"1d92359\" data-element_type=\"section\">\n\t\t\t\t\t\t<div class=\"elementor-container elementor-column-gap-default\">\n\t\t\t\t\t<div class=\"elementor-column elementor-col-100 elementor-top-column elementor-element elementor-element-ea62f64\" data-id=\"ea62f64\" data-element_type=\"column\">\n\t\t\t<div class=\"elementor-widget-wrap elementor-element-populated\">\n\t\t\t\t\t\t<div class=\"elementor-element elementor-element-ef1c8a3 elementor-widget elementor-widget-image\" data-id=\"ef1c8a3\" data-element_type=\"widget\" data-widget_type=\"image.default\">\n\t\t\t\t<div class=\"elementor-widget-container\">\n\t\t\t\t\t\t\t\t\t\t\t\t\t<img fetchpriority=\"high\" decoding=\"async\" width=\"750\" height=\"500\" src=\"https:\/\/sermujerytrabajo.es\/wp-content\/uploads\/2022\/02\/hogar-1024x683.jpg\" class=\"attachment-large size-large wp-image-4573\" alt=\"\" srcset=\"https:\/\/sermujerytrabajo.es\/wp-content\/uploads\/2022\/02\/hogar-1024x683.jpg 1024w, https:\/\/sermujerytrabajo.es\/wp-content\/uploads\/2022\/02\/hogar-300x200.jpg 300w, https:\/\/sermujerytrabajo.es\/wp-content\/uploads\/2022\/02\/hogar-768x512.jpg 768w, https:\/\/sermujerytrabajo.es\/wp-content\/uploads\/2022\/02\/hogar-1536x1024.jpg 1536w, https:\/\/sermujerytrabajo.es\/wp-content\/uploads\/2022\/02\/hogar-360x240.jpg 360w, https:\/\/sermujerytrabajo.es\/wp-content\/uploads\/2022\/02\/hogar.jpg 1960w\" sizes=\"(max-width: 750px) 100vw, 750px\" \/>\t\t\t\t\t\t\t\t\t\t\t\t\t<\/div>\n\t\t\t\t<\/div>\n\t\t\t\t\t<\/div>\n\t\t<\/div>\n\t\t\t\t\t<\/div>\n\t\t<\/section>\n\t\t\t\t<section class=\"elementor-section elementor-top-section elementor-element elementor-element-7aad615 elementor-section-boxed elementor-section-height-default elementor-section-height-default\" data-id=\"7aad615\" data-element_type=\"section\">\n\t\t\t\t\t\t<div class=\"elementor-container elementor-column-gap-default\">\n\t\t\t\t\t<div class=\"elementor-column elementor-col-100 elementor-top-column elementor-element elementor-element-a40772c\" data-id=\"a40772c\" data-element_type=\"column\">\n\t\t\t<div class=\"elementor-widget-wrap elementor-element-populated\">\n\t\t\t\t\t\t<div class=\"elementor-element elementor-element-2e4e5be elementor-widget elementor-widget-text-editor\" data-id=\"2e4e5be\" data-element_type=\"widget\" data-widget_type=\"text-editor.default\">\n\t\t\t\t<div class=\"elementor-widget-container\">\n\t\t\t\t\t\t\t<p class=\"\">Nuevo rev\u00e9s al r\u00e9gimen laboral de las empleadas del hogar. El Tribunal de Justicia de la Uni\u00f3n Europea (TJUE) ha concluido que el sistema espa\u00f1ol es discriminatorio por no reconocer el derecho al desempleo a este colectivo, integrado casi exclusivamente por mujeres. A finales de septiembre,<span>\u00a0<\/span><a href=\"https:\/\/elpais.com\/economia\/2021-09-30\/el-abogado-general-de-la-ue-considera-discriminatorio-el-regimen-laboral-de-las-empleadas-del-hogar.html\" data-link-track-dtm=\"\">el abogado general de la UE<\/a><span>\u00a0<\/span>ya se hab\u00eda pronunciado en la misma direcci\u00f3n: consider\u00f3 que el r\u00e9gimen laboral de las trabajadoras dom\u00e9sticas es contrario al derecho comunitario, al suponer una discriminaci\u00f3n indirecta por raz\u00f3n de sexo.<\/p><p class=\"\">Tras el pronunciamiento del abogado general llega ahora la sentencia del TJUE. Los jueces comunitarios consideran que la normativa espa\u00f1ola, que niega el paro a las empleadas dom\u00e9sticas, se opone a la directiva sobre igualdad en materia de seguridad social, ya que sit\u00faa al colectivo en \u201cdesventaja particular\u201d con respecto a los trabajadores, sin que la disposici\u00f3n est\u00e9 \u201cjustificada por factores objetivos y ajenos a cualquier discriminaci\u00f3n por raz\u00f3n de sexo\u201d.<\/p><div id=\"_wmass_27409999999403954\" w-type=\"outstream\"><div id=\"jw-0395403954\" class=\"jwplayer jw-reset jw-state-playing jw-stretch-uniform jw-flag-aspect-mode jw-flag-controls-hidden jw-flag-outstream jw-breakpoint-4 jw-flag-ads\" aria-label=\"Reproductor de Video\" role=\"application\" tabindex=\"0\"><div class=\"jw-wrapper jw-reset\"><div class=\"jw-media jw-reset\">Espa\u00f1a aprob\u00f3 en 2011 el actual r\u00e9gimen especial de las empleadas del hogar, en el que est\u00e1n dadas de alta casi 400.000 personas, m\u00e1s del 95% mujeres. Con ello reconoc\u00eda a un colectivo altamente feminizado y <a href=\"https:\/\/elpais.com\/economia\/2021-04-09\/la-inspeccion-de-trabajo-regulariza-la-situacion-de-30000-empleadas-del-hogar.html\" data-link-track-dtm=\"\">con grandes bolsas de econom\u00eda sumergida<\/a>\u00a0derechos como el acceso a las bajas por enfermedad. Pero continu\u00f3 negando la protecci\u00f3n por el desempleo, pese a las continuas reivindicaciones del sector, que lleva a\u00f1os pendiente de que el Estado ratifique\u00a0<a href=\"https:\/\/elpais.com\/economia\/2021-06-07\/belarra-y-montero-piden-incluir-a-las-empleadas-del-hogar-en-el-regimen-general-de-la-seguridad-social-cuanto-antes.html\" data-link-track-dtm=\"\">el Convenio 189 de la OIT sobre el trabajo decente para las empleadas dom\u00e9sticas<\/a>.<\/div><\/div><\/div><\/div><p class=\"\">\u201cEn el a\u00f1o 2012 se perdi\u00f3 una primera oportunidad\u201d, lamenta Javier de<b><span>\u00a0<\/span><\/b>Cominges, el letrado de Vento Abogados &amp; Asesores que ha defendido el caso ante la justicia europea, \u201ccon la sangrante exclusi\u00f3n de la protecci\u00f3n por desempleo\u201d de las empleadas del hogar. \u201cEl Estado ha tenido innumerables ocasiones para impulsar su protecci\u00f3n, varias de ellas con reformas de la Ley de Seguridad Social que se produjeron despu\u00e9s de que el Abogado General del TJUE se pronunciara se\u00f1alando que Espa\u00f1a estaba vulnerando sus derechos. No es secundario que se trate de un colectivo compuesto mayormente por mujeres, muchas veces extranjeras y con ausencia de recursos, para convertirse en un grupo olvidado\u201d, a\u00f1ade.<\/p><h3 class=\"\">Batalla legal<\/h3><p class=\"\">El fallo de la Justicia comunitaria llega despu\u00e9s de que Mariana,<span>\u00a0<\/span><a href=\"https:\/\/elpais.com\/economia\/2021-06-27\/la-cruzada-de-una-empleada-de-hogar-para-tener-derecho-al-paro.html\" data-link-track-dtm=\"\">una empleada dom\u00e9stica<\/a>, solicitara en 2019 cotizar por el paro, apoyada por su empleadora. La Seguridad Social dio portazo a su petici\u00f3n, alegando que la legislaci\u00f3n espa\u00f1ola lo proh\u00edbe expresamente. Y ah\u00ed empez\u00f3 la batalla legal.<\/p><section data-ctn-subscription=\"true\" class=\"w w-cta \" id=\"cta_id\"><div class=\"w_t\"><\/div><div class=\"w_b\"><div class=\"w_tx\">Conoce en profundidad todas las caras de la moneda.<\/div><a class=\"w_bt btn btn-2 b-sb-geo\" data-link-mx=\"https:\/\/apiservices.krxd.net\/click_tracker\/track?kx_event_uid=N93dzz6N&amp;kx_distribuidor=redaccion&amp;kx_origen=elpais&amp;kx_disciplina=editorial&amp;kx_formato=ctaseccion&amp;kx_creatividad=economia&amp;kx_formato_creatividad=ctaseccion_economia&amp;kx_landing_destino=LATAM&amp;clk=https:\/\/elpais.com\/suscripciones\/america\/#\/campaign?cid=ZWxwYWlzX3JlZGFjY2lvbl9ta3Rjb250ZW50X2VkaXRvcmlhbF9jdGFzZWNjaW9uX2Vjb25vbWlhX0xBVEFN&amp;prod=SUSDIGAM&amp;o=susdig_camp\" data-link-am=\"https:\/\/apiservices.krxd.net\/click_tracker\/track?kx_event_uid=N93dzz6N&amp;kx_distribuidor=redaccion&amp;kx_origen=elpais&amp;kx_disciplina=editorial&amp;kx_formato=ctaseccion&amp;kx_creatividad=economia&amp;kx_formato_creatividad=ctaseccion_economia&amp;kx_landing_destino=LATAM&amp;clk=https:\/\/elpais.com\/suscripciones\/america\/#\/campaign?cid=ZWxwYWlzX3JlZGFjY2lvbl9ta3Rjb250ZW50X2VkaXRvcmlhbF9jdGFzZWNjaW9uX2Vjb25vbWlhX0xBVEFN&amp;prod=SUSDIGAM&amp;o=susdig_camp\" href=\"https:\/\/apiservices.krxd.net\/click_tracker\/track?kx_event_uid=N0syfYIF&amp;kx_distribuidor=redaccion&amp;kx_origen=elpais&amp;kx_disciplina=editorial&amp;kx_formato=ctaseccion&amp;kx_creatividad=economia&amp;kx_formato_creatividad=ctaseccion_economia&amp;kx_landing_destino=ES&amp;clk=https:\/\/elpais.com\/landing_oferta\/#\/campaign?cid=ZWxwYWlzX3JlZGFjY2lvbl9ta3Rjb250ZW50X2VkaXRvcmlhbF9jdGFzZWNjaW9uX2Vjb25vbWlhX0VT&amp;prod=SUSDIG&amp;o=susdig_camp&amp;prm=nwl_suscrip_cta_articulo_Subscription_espa%C3%B1a\" id=\"cta_link_btn_id\" data-link-track-dtm=\"\">SUSCR\u00cdBETE<\/a><\/div><\/section><p class=\"\">Defendida por De Cominges, Mariana interpuso un recurso ante el Juzgado de lo Contencioso-Administrativo de Vigo: aleg\u00f3 que el r\u00e9gimen especial de las empleadas del hogar lleva al colectivo a una situaci\u00f3n de desamparo social en caso de p\u00e9rdida del empleo \u2015como dej\u00f3 patente la pandemia, cuando el Gobierno tuvo que poner en marcha una ayuda extraordinaria para el sector\u2015, y que la denegaci\u00f3n del paro impide adem\u00e1s el acceso a toda una serie de ayudas sociales que se activan al extinguirse esa prestaci\u00f3n.<\/p><p class=\"\">De Cominges plante\u00f3 que la normativa nacional podr\u00eda violar la comunitaria, y el juez elev\u00f3 la cuesti\u00f3n al tribunal europeo. El juez de lo Contencioso-Administrativo de Vigo tendr\u00e1 ahora que dictar sentencia sobre el caso de la Mariana, a la luz de la interpretaci\u00f3n ofrecida por la sentencia del TJUE.<\/p><p class=\"\">\u201cHoy estamos en la fase final de un camino que llevamos recorriendo m\u00e1s de dos a\u00f1os, pero que el colectivo de empleadas de hogar lleva esperando toda una vida\u201d, subraya el abogado de la mujer. \u201cAhora le toca al Gobierno dar el siguiente paso: legislar y regularizar el derecho al desempleo, eliminando toda discriminaci\u00f3n por raz\u00f3n de g\u00e9nero\u201d.<\/p><p class=\"\">Mariana, por su parte, dice estar \u201cmuy satisfecha\u201d con el fallo del TJUE. \u201cEn primer lugar, quer\u00eda darle las gracias a mi jefa por apoyarme y al equipo de abogados por acompa\u00f1arme y asesorarme durante estos dos a\u00f1os\u201d, comenta en un breve comunicado distribuido a trav\u00e9s del despacho legal que la defiende en los tribunales. \u201cHa sido un proceso duro que empez\u00f3 al verme desamparada frente a una enfermedad. Fue as\u00ed: enferm\u00e9 y me di cuenta de que estaba totalmente desamparada, sin ninguna garant\u00eda y ning\u00fan derecho, con la incertidumbre de qu\u00e9 pasar\u00eda en el futuro. Por eso tom\u00e9 la decisi\u00f3n de acudir a los tribunales, con la esperanza de que algo cambi\u00e9. Y as\u00ed ha sucedido. Estoy muy satisfecha de haber tomado esa decisi\u00f3n y del resultado que hemos obtenido\u201d, asegura.<\/p><h3 class=\"\">Discriminaci\u00f3n<\/h3><p class=\"\">La normativa comunitaria considera que existe una discriminaci\u00f3n indirecta por raz\u00f3n de sexo cuando \u201cuna disposici\u00f3n, un criterio o una pr\u00e1ctica aparentemente neutros\u201d ponen en \u201cdesventaja particular\u201d a personas de un sexo determinado, salvo que se pueda justificar \u201cobjetivamente con una finalidad leg\u00edtima\u201d y que los medios empleados para alcanzar dicha finalidad sean proporcionados.<\/p><p class=\"\">El Gobierno espa\u00f1ol y la Seguridad Social hab\u00edan alegado ante la justicia europea que la exclusi\u00f3n de las trabajadoras del hogar del derecho al paro estaba justificada por las condiciones particulares de trabajo de este colectivo, un sector con elevadas tasas de empleo y bajas retribuciones, en el que el empleador no es \u201cun empresario profesional, sino un cabeza de familia\u201d. Por ello, defendieron que elevar los costes salariales podr\u00eda fomentar el fraude y reducir las nuevas contrataciones. A la vez, a\u00f1adieron que las trabajadoras del sector \u201cdisfrutan, en principio, de todas las prestaciones concedidas por el R\u00e9gimen General de Seguridad Social espa\u00f1ol, pese a que su contribuci\u00f3n a la financiaci\u00f3n de dicho r\u00e9gimen es menor por disfrutar de tipos de cotizaci\u00f3n reducidos\u201d.<\/p><p class=\"\">El TJUE considera que los objetivos perseguidos por el legislador \u2015lucha contra el fraude, mayor contrataci\u00f3n\u2015 son leg\u00edtimos desde el punto de vista de la pol\u00edtica social, pero a la vez se\u00f1ala que la normativa nacional no parece adecuada para lograrlos. Se\u00f1ala que la exclusi\u00f3n del derecho a paro no se aplica \u201cde manera coherente y sistem\u00e1tica en comparaci\u00f3n con otros colectivos de trabajadores que disfrutan de esas mismas prestaciones, pese a presentar caracter\u00edsticas y condiciones de trabajo an\u00e1logas (&#8230;) y, por tanto, riesgos an\u00e1logos en t\u00e9rminos de reducci\u00f3n de las tasas de empleo, de fraude a la seguridad social y de recurso al trabajo ilegal\u201d, se\u00f1ala la sentencia. Tambi\u00e9n a\u00f1ade que la falta de reconocimiento del desempleo impide el acceso otras prestaciones, lo que \u201centra\u00f1a una mayor desprotecci\u00f3n social de los empleados de hogar, que se traduce en una situaci\u00f3n de desamparo social\u201d.<\/p><p class=\"\">No es la primera vez que el tribunal comunitario falla contra la normativa laboral espa\u00f1ola por detectar una discriminaci\u00f3n por razones de sexo.<a href=\"https:\/\/elpais.com\/economia\/2012\/11\/22\/actualidad\/1353579939_970553.html\" data-link-track-dtm=\"\"><span>\u00a0<\/span>Ya hab\u00eda establecido, en 2012<\/a>, que el acceso a la pensi\u00f3n contributiva en Espa\u00f1a discriminaba a las mujeres de manera indirecta, debido a que hay un n\u00famero mucho m\u00e1s elevado de mujeres en los empleos a tiempo parcial. A\u00f1os m\u00e1s tarde lleg\u00f3 a la misma conclusi\u00f3n con respecto al<span>\u00a0<\/span><a href=\"https:\/\/elpais.com\/economia\/2019\/07\/03\/actualidad\/1562166921_522159.html\" data-link-track-dtm=\"\">c\u00e1lculo del desempleo<\/a><span>\u00a0<\/span>de quien hab\u00eda trabajado a tiempo parcial.<\/p><p><a href=\"https:\/\/elpais.com\/economia\/2022-02-24\/la-justicia-europea-concluye-que-el-regimen-laboral-de-las-empleadas-del-hogar-en-espana-es-discriminatorio.html\">Fuente<\/a><\/p>\t\t\t\t\t\t<\/div>\n\t\t\t\t<\/div>\n\t\t\t\t\t<\/div>\n\t\t<\/div>\n\t\t\t\t\t<\/div>\n\t\t<\/section>\n\t\t\t\t<\/div>\n\t\t","protected":false},"excerpt":{"rendered":"<p>Nuevo rev\u00e9s al r\u00e9gimen laboral de las empleadas del hogar. El Tribunal de Justicia de la Uni\u00f3n Europea (TJUE) ha concluido que el sistema espa\u00f1ol es discriminatorio por no reconocer el derecho al desempleo a este colectivo, integrado casi exclusivamente por mujeres. A finales de septiembre,\u00a0el abogado general de la [&hellip;]<\/p>\n","protected":false},"author":3,"featured_media":0,"comment_status":"open","ping_status":"open","sticky":false,"template":"","format":"standard","meta":{"_jetpack_memberships_contains_paid_content":false,"footnotes":""},"categories":[12],"tags":[],"class_list":["post-4571","post","type-post","status-publish","format-standard","hentry","category-tribunales"],"jetpack_featured_media_url":"","yoast_head":"<!-- This site is optimized with the Yoast SEO plugin v15.2 - https:\/\/yoast.com\/wordpress\/plugins\/seo\/ -->\n<title>La justicia europea concluye que el r\u00e9gimen laboral de las empleadas del hogar en Espa\u00f1a es discriminatorio -<\/title>\n<meta name=\"robots\" content=\"index, follow, max-snippet:-1, max-image-preview:large, max-video-preview:-1\" \/>\n<link rel=\"canonical\" href=\"https:\/\/sermujerytrabajo.es\/?p=4571\" \/>\n<meta property=\"og:locale\" content=\"es_ES\" \/>\n<meta property=\"og:type\" content=\"article\" \/>\n<meta property=\"og:title\" content=\"La justicia europea concluye que el r\u00e9gimen laboral de las empleadas del hogar en Espa\u00f1a es discriminatorio -\" \/>\n<meta property=\"og:description\" content=\"Nuevo rev\u00e9s al r\u00e9gimen laboral de las empleadas del hogar. El Tribunal de Justicia de la Uni\u00f3n Europea (TJUE) ha concluido que el sistema espa\u00f1ol es discriminatorio por no reconocer el derecho al desempleo a este colectivo, integrado casi exclusivamente por mujeres. A finales de septiembre,\u00a0el abogado general de la [&hellip;]\" \/>\n<meta property=\"og:url\" content=\"https:\/\/sermujerytrabajo.es\/?p=4571\" \/>\n<meta property=\"article:published_time\" content=\"2022-02-24T18:28:03+00:00\" \/>\n<meta property=\"article:modified_time\" content=\"2022-02-24T18:36:15+00:00\" \/>\n<meta property=\"og:image\" content=\"https:\/\/sermujerytrabajo.es\/wp-content\/uploads\/2022\/02\/hogar-1024x683.jpg\" \/>\n<meta name=\"twitter:card\" content=\"summary_large_image\" \/>\n<meta name=\"twitter:label1\" value=\"Escrito por\">\n\t<meta name=\"twitter:data1\" value=\"Maria Bego\u00f1a Garc\u00eda Gil\">\n\t<meta name=\"twitter:label2\" value=\"Tiempo de lectura\">\n\t<meta name=\"twitter:data2\" value=\"5 minutos\">\n<script type=\"application\/ld+json\" class=\"yoast-schema-graph\">{\"@context\":\"https:\/\/schema.org\",\"@graph\":[{\"@type\":\"Organization\",\"@id\":\"https:\/\/sermujerytrabajo.es\/#organization\",\"name\":\"Ser mujer en el mercado de trabajo\",\"url\":\"https:\/\/sermujerytrabajo.es\/\",\"sameAs\":[],\"logo\":{\"@type\":\"ImageObject\",\"@id\":\"https:\/\/sermujerytrabajo.es\/#logo\",\"inLanguage\":\"es\",\"url\":\"https:\/\/sermujerytrabajo.es\/wp-content\/uploads\/2020\/09\/d134bcc4-4ca2-476c-bef9-f663ae8535d2_200x200.png\",\"width\":200,\"height\":200,\"caption\":\"Ser mujer en el mercado de trabajo\"},\"image\":{\"@id\":\"https:\/\/sermujerytrabajo.es\/#logo\"}},{\"@type\":\"WebSite\",\"@id\":\"https:\/\/sermujerytrabajo.es\/#website\",\"url\":\"https:\/\/sermujerytrabajo.es\/\",\"name\":\"\",\"description\":\"\",\"publisher\":{\"@id\":\"https:\/\/sermujerytrabajo.es\/#organization\"},\"potentialAction\":[{\"@type\":\"SearchAction\",\"target\":\"https:\/\/sermujerytrabajo.es\/?s={search_term_string}\",\"query-input\":\"required name=search_term_string\"}],\"inLanguage\":\"es\"},{\"@type\":\"ImageObject\",\"@id\":\"https:\/\/sermujerytrabajo.es\/?p=4571#primaryimage\",\"inLanguage\":\"es\",\"url\":\"https:\/\/sermujerytrabajo.es\/wp-content\/uploads\/2022\/02\/hogar.jpg\",\"width\":1960,\"height\":1307},{\"@type\":\"WebPage\",\"@id\":\"https:\/\/sermujerytrabajo.es\/?p=4571#webpage\",\"url\":\"https:\/\/sermujerytrabajo.es\/?p=4571\",\"name\":\"La justicia europea concluye que el r\\u00e9gimen laboral de las empleadas del hogar en Espa\\u00f1a es discriminatorio -\",\"isPartOf\":{\"@id\":\"https:\/\/sermujerytrabajo.es\/#website\"},\"primaryImageOfPage\":{\"@id\":\"https:\/\/sermujerytrabajo.es\/?p=4571#primaryimage\"},\"datePublished\":\"2022-02-24T18:28:03+00:00\",\"dateModified\":\"2022-02-24T18:36:15+00:00\",\"inLanguage\":\"es\",\"potentialAction\":[{\"@type\":\"ReadAction\",\"target\":[\"https:\/\/sermujerytrabajo.es\/?p=4571\"]}]},{\"@type\":\"Article\",\"@id\":\"https:\/\/sermujerytrabajo.es\/?p=4571#article\",\"isPartOf\":{\"@id\":\"https:\/\/sermujerytrabajo.es\/?p=4571#webpage\"},\"author\":{\"@id\":\"https:\/\/sermujerytrabajo.es\/#\/schema\/person\/26a3e2d35cfc624b27a74a1d67c7867d\"},\"headline\":\"La justicia europea concluye que el r\\u00e9gimen laboral de las empleadas del hogar en Espa\\u00f1a es discriminatorio\",\"datePublished\":\"2022-02-24T18:28:03+00:00\",\"dateModified\":\"2022-02-24T18:36:15+00:00\",\"mainEntityOfPage\":{\"@id\":\"https:\/\/sermujerytrabajo.es\/?p=4571#webpage\"},\"commentCount\":1,\"publisher\":{\"@id\":\"https:\/\/sermujerytrabajo.es\/#organization\"},\"image\":{\"@id\":\"https:\/\/sermujerytrabajo.es\/?p=4571#primaryimage\"},\"articleSection\":\"Tribunales\",\"inLanguage\":\"es\",\"potentialAction\":[{\"@type\":\"CommentAction\",\"name\":\"Comment\",\"target\":[\"https:\/\/sermujerytrabajo.es\/?p=4571#respond\"]}]},{\"@type\":\"Person\",\"@id\":\"https:\/\/sermujerytrabajo.es\/#\/schema\/person\/26a3e2d35cfc624b27a74a1d67c7867d\",\"name\":\"Maria Bego\\u00f1a Garc\\u00eda Gil\",\"image\":{\"@type\":\"ImageObject\",\"@id\":\"https:\/\/sermujerytrabajo.es\/#personlogo\",\"inLanguage\":\"es\",\"url\":\"https:\/\/secure.gravatar.com\/avatar\/7474a88b8aa50fe826f30e47589d4051fd5140125777f5b21c317bf835864866?s=96&d=mm&r=g\",\"caption\":\"Maria Bego\\u00f1a Garc\\u00eda Gil\"}}]}<\/script>\n<!-- \/ Yoast SEO plugin. -->","jetpack_sharing_enabled":true,"_links":{"self":[{"href":"https:\/\/sermujerytrabajo.es\/index.php?rest_route=\/wp\/v2\/posts\/4571","targetHints":{"allow":["GET"]}}],"collection":[{"href":"https:\/\/sermujerytrabajo.es\/index.php?rest_route=\/wp\/v2\/posts"}],"about":[{"href":"https:\/\/sermujerytrabajo.es\/index.php?rest_route=\/wp\/v2\/types\/post"}],"author":[{"embeddable":true,"href":"https:\/\/sermujerytrabajo.es\/index.php?rest_route=\/wp\/v2\/users\/3"}],"replies":[{"embeddable":true,"href":"https:\/\/sermujerytrabajo.es\/index.php?rest_route=%2Fwp%2Fv2%2Fcomments&post=4571"}],"version-history":[{"count":3,"href":"https:\/\/sermujerytrabajo.es\/index.php?rest_route=\/wp\/v2\/posts\/4571\/revisions"}],"predecessor-version":[{"id":4575,"href":"https:\/\/sermujerytrabajo.es\/index.php?rest_route=\/wp\/v2\/posts\/4571\/revisions\/4575"}],"wp:attachment":[{"href":"https:\/\/sermujerytrabajo.es\/index.php?rest_route=%2Fwp%2Fv2%2Fmedia&parent=4571"}],"wp:term":[{"taxonomy":"category","embeddable":true,"href":"https:\/\/sermujerytrabajo.es\/index.php?rest_route=%2Fwp%2Fv2%2Fcategories&post=4571"},{"taxonomy":"post_tag","embeddable":true,"href":"https:\/\/sermujerytrabajo.es\/index.php?rest_route=%2Fwp%2Fv2%2Ftags&post=4571"}],"curies":[{"name":"wp","href":"https:\/\/api.w.org\/{rel}","templated":true}]}}