{"id":4858,"date":"2022-04-28T10:30:26","date_gmt":"2022-04-28T08:30:26","guid":{"rendered":"https:\/\/sermujerytrabajo.es\/?p=4858"},"modified":"2022-04-28T10:32:56","modified_gmt":"2022-04-28T08:32:56","slug":"la-salud-laboral-no-es-neutral","status":"publish","type":"post","link":"https:\/\/sermujerytrabajo.es\/?p=4858","title":{"rendered":"D\u00eda de la Salud Laboral: \u00abLa salud laboral no es neutral\u00bb"},"content":{"rendered":"\t\t<div data-elementor-type=\"wp-post\" data-elementor-id=\"4858\" class=\"elementor elementor-4858\">\n\t\t\t\t\t\t<section class=\"elementor-section elementor-top-section elementor-element elementor-element-738f819 elementor-section-boxed elementor-section-height-default elementor-section-height-default\" data-id=\"738f819\" data-element_type=\"section\">\n\t\t\t\t\t\t<div class=\"elementor-container elementor-column-gap-default\">\n\t\t\t\t\t<div class=\"elementor-column elementor-col-100 elementor-top-column elementor-element elementor-element-838f212\" data-id=\"838f212\" data-element_type=\"column\">\n\t\t\t<div class=\"elementor-widget-wrap elementor-element-populated\">\n\t\t\t\t\t\t<div class=\"elementor-element elementor-element-a17afea elementor-widget elementor-widget-text-editor\" data-id=\"a17afea\" data-element_type=\"widget\" data-widget_type=\"text-editor.default\">\n\t\t\t\t<div class=\"elementor-widget-container\">\n\t\t\t\t\t\t\t<h1 class=\"new_title\">La salud laboral no es neutral\u201d, CCOO apuesta por planes de prevenci\u00f3n con perspectiva de g\u00e9nero<\/h1><h3 class=\"new_entry \">Las jornadas de Salud Laboral, Medio Ambiente y Mujer, organizadas por Comisiones Obreras y la UNED, terminaron esta ma\u00f1ana con la participaci\u00f3n de Carolina Vidal, secretaria de la Mujer, Igualdad y Condiciones de Trabajo Confederal de CCOO. La sindicalista apuesta por que los Planes de Prevenci\u00f3n tengan en cuenta la perspectiva de g\u00e9nero ya que las mujeres est\u00e1n expuestas a riesgos concretos y espec\u00edficos<\/h3><div class=\"new_text \"><p>CCOO va a iniciar trabajos a trav\u00e9s de todos los convenios colectivos del pa\u00eds donde anuncien la obligatoriedad de realizar los planes de prevenci\u00f3n con perspectiva de g\u00e9nero y que en cada uno de los sectores donde entiendan que hay riesgos distintos para las mujeres. As\u00ed lo ha anunciado Carolina Vidal, la secretaria de la Mujer, Igualdad y Condiciones de Trabajo Confederal de CCOO, en la rueda de prensa que desde el sindicato han ofrecido al t\u00e9rmino de las jornadas t\u00e9cnicas de Prevenci\u00f3n de Riesgos Laborales, Medio Ambiente y Mujer, organizada por CCOO y UNED, que han tenido lugar estas dos jornadas pasadas en la Biblioteca P\u00fablica de Ceuta.<\/p><p><\/p><div class=\"bodynew_advert_block\"><div class=\"baterybanner\"><\/div><\/div><p>El objetivo de estas conferencias ha sido \u201cotorgar perspectiva de genero en la prevenci\u00f3n de salud laboral para las mujeres\u201d, ya que como ha dejado claro Vidal, \u201clas mujeres tenemos riesgos espec\u00edficos que tienen que ver con el acoso en el trabajo, pero tambi\u00e9n hay que trasverzalizar con la perspectiva de g\u00e9nero todos y cada uno de los riesgos en el puesto de trabajo\u201d.<\/p><p><\/p><p>\u201cLa ergonom\u00eda, los riesgos qu\u00edmicos y sobre todo los riesgos psicosociales est\u00e1n claramente atravesados por una serie de factores, de tipo bil\u00f3gico, sociol\u00f3gico, pol\u00edticos, econ\u00f3micos, que hacen que la salud de las mujeres sea distinta\u201d, ha explicado la secretaria de la Mujer, Igualdad y Condiciones de Trabajo Confederal de CCOO, de ah\u00ed que desde el sindicato quiera implantar esa perspectiva en todos los convenios colectivos.<\/p><p><\/p><p>La sindicalista ha mencionado problemas m\u00e1s all\u00e1 de la lactancia y el embarazo por los que consideran desde CCOO que es necesario \u201chacer una prevenci\u00f3n concreta que ponga fin a determinadas consecuencias laborables y sobre todo por la infradiagnosticaci\u00f3n de las enfermedades laborales\u201d. Ha destacado que durante estas jornadas se ha constatado que \u201cla salud laboral no es neutral\u201d, es decir que no es objetiva y tiene el mismo impacto en hombres y mujeres.<\/p><p><\/p><p>Ha terminado repitiendo una m\u00e1xima del sindicato: \u201cLa precariedad y las malas condiciones laborales matan\u201d. A lo que ha a\u00f1adido que esto \u201cgenera unas consecuencias, las mujeres vivimos m\u00e1s, pero con una salud peor\u201d. En este sentido, Vidal ha a\u00f1adido que es necesaria una revisi\u00f3n de los convenios colectivos, ligados a la prevenci\u00f3n laboral, pero \u201cnecesitamos una mayor formaci\u00f3n y sensibilidad por parte de los servicios de salud p\u00fablicos de todo el estado, para que esta perspectiva de g\u00e9nero la incluyamos tambi\u00e9n a la hora de ver c\u00f3mo est\u00e1 la salud de nuestras mujeres\u201d.<\/p><p><\/p><p>Para tratar de aterrizar todos estos conceptos, Vidal puso el ejemplo de la ergonom\u00eda. \u201cLas lesiones musculoesquel\u00e9ticas est\u00e1n muy generalizadas entre las mujeres, porque cuando vamos a puestos de trabajo que habitualmente est\u00e1n masculinizados los objetos en las cadenas est\u00e1n a una altura que no es apta para las mujeres\u201d, un asunto que se deber\u00eda \u201ctener en cuenta en plan de prevenci\u00f3n de riesgos laborales\u201d.<\/p><p><\/p><p>Para terminar, Vidal apost\u00f3 por la prevenci\u00f3n en todos los trabajos, valorar el puesto en concreto y saber que efectos tiene sobre los hombres y sobre las mujeres y adaptarlos en ambos casos para que no provoquen riesgos innecesarios\u201d.<\/p><p><a href=\"https:\/\/elpueblodeceuta.es\/art\/69591\/la-salud-laboral-no-es-neutral-ccoo-apuesta-por-planes-de-prevencion-con-perspectiva-de-genero\">Fuente<\/a><\/p><\/div>\t\t\t\t\t\t<\/div>\n\t\t\t\t<\/div>\n\t\t\t\t\t<\/div>\n\t\t<\/div>\n\t\t\t\t\t<\/div>\n\t\t<\/section>\n\t\t\t\t<\/div>\n\t\t","protected":false},"excerpt":{"rendered":"<p>La salud laboral no es neutral\u201d, CCOO apuesta por planes de prevenci\u00f3n con perspectiva de g\u00e9nero Las jornadas de Salud Laboral, Medio Ambiente y Mujer, organizadas por Comisiones Obreras y la UNED, terminaron esta ma\u00f1ana con la participaci\u00f3n de Carolina Vidal, secretaria de la Mujer, Igualdad y Condiciones de Trabajo [&hellip;]<\/p>\n","protected":false},"author":3,"featured_media":0,"comment_status":"open","ping_status":"open","sticky":false,"template":"","format":"standard","meta":{"_jetpack_memberships_contains_paid_content":false,"footnotes":""},"categories":[18],"tags":[],"class_list":["post-4858","post","type-post","status-publish","format-standard","hentry","category-aniversario"],"jetpack_featured_media_url":"","yoast_head":"<!-- This site is optimized with the Yoast SEO plugin v15.2 - https:\/\/yoast.com\/wordpress\/plugins\/seo\/ -->\n<title>D\u00eda de la Salud Laboral: &quot;La salud laboral no es neutral&quot; -<\/title>\n<meta name=\"robots\" content=\"index, follow, max-snippet:-1, max-image-preview:large, max-video-preview:-1\" \/>\n<link rel=\"canonical\" href=\"https:\/\/sermujerytrabajo.es\/?p=4858\" \/>\n<meta property=\"og:locale\" content=\"es_ES\" \/>\n<meta property=\"og:type\" content=\"article\" \/>\n<meta property=\"og:title\" content=\"D\u00eda de la Salud Laboral: &quot;La salud laboral no es neutral&quot; -\" \/>\n<meta property=\"og:description\" content=\"La salud laboral no es neutral\u201d, CCOO apuesta por planes de prevenci\u00f3n con perspectiva de g\u00e9nero Las jornadas de Salud Laboral, Medio Ambiente y Mujer, organizadas por Comisiones Obreras y la UNED, terminaron esta ma\u00f1ana con la participaci\u00f3n de Carolina Vidal, secretaria de la Mujer, Igualdad y Condiciones de Trabajo [&hellip;]\" \/>\n<meta property=\"og:url\" content=\"https:\/\/sermujerytrabajo.es\/?p=4858\" \/>\n<meta property=\"article:published_time\" content=\"2022-04-28T08:30:26+00:00\" \/>\n<meta property=\"article:modified_time\" content=\"2022-04-28T08:32:56+00:00\" \/>\n<meta name=\"twitter:card\" content=\"summary_large_image\" \/>\n<meta name=\"twitter:label1\" value=\"Escrito por\">\n\t<meta name=\"twitter:data1\" value=\"Maria Bego\u00f1a Garc\u00eda Gil\">\n\t<meta name=\"twitter:label2\" value=\"Tiempo de lectura\">\n\t<meta name=\"twitter:data2\" value=\"3 minutos\">\n<script type=\"application\/ld+json\" class=\"yoast-schema-graph\">{\"@context\":\"https:\/\/schema.org\",\"@graph\":[{\"@type\":\"Organization\",\"@id\":\"https:\/\/sermujerytrabajo.es\/#organization\",\"name\":\"Ser mujer en el mercado de trabajo\",\"url\":\"https:\/\/sermujerytrabajo.es\/\",\"sameAs\":[],\"logo\":{\"@type\":\"ImageObject\",\"@id\":\"https:\/\/sermujerytrabajo.es\/#logo\",\"inLanguage\":\"es\",\"url\":\"https:\/\/sermujerytrabajo.es\/wp-content\/uploads\/2020\/09\/d134bcc4-4ca2-476c-bef9-f663ae8535d2_200x200.png\",\"width\":200,\"height\":200,\"caption\":\"Ser mujer en el mercado de trabajo\"},\"image\":{\"@id\":\"https:\/\/sermujerytrabajo.es\/#logo\"}},{\"@type\":\"WebSite\",\"@id\":\"https:\/\/sermujerytrabajo.es\/#website\",\"url\":\"https:\/\/sermujerytrabajo.es\/\",\"name\":\"\",\"description\":\"\",\"publisher\":{\"@id\":\"https:\/\/sermujerytrabajo.es\/#organization\"},\"potentialAction\":[{\"@type\":\"SearchAction\",\"target\":\"https:\/\/sermujerytrabajo.es\/?s={search_term_string}\",\"query-input\":\"required name=search_term_string\"}],\"inLanguage\":\"es\"},{\"@type\":\"WebPage\",\"@id\":\"https:\/\/sermujerytrabajo.es\/?p=4858#webpage\",\"url\":\"https:\/\/sermujerytrabajo.es\/?p=4858\",\"name\":\"D\\u00eda de la Salud Laboral: \\\"La salud laboral no es neutral\\\" -\",\"isPartOf\":{\"@id\":\"https:\/\/sermujerytrabajo.es\/#website\"},\"datePublished\":\"2022-04-28T08:30:26+00:00\",\"dateModified\":\"2022-04-28T08:32:56+00:00\",\"inLanguage\":\"es\",\"potentialAction\":[{\"@type\":\"ReadAction\",\"target\":[\"https:\/\/sermujerytrabajo.es\/?p=4858\"]}]},{\"@type\":\"Article\",\"@id\":\"https:\/\/sermujerytrabajo.es\/?p=4858#article\",\"isPartOf\":{\"@id\":\"https:\/\/sermujerytrabajo.es\/?p=4858#webpage\"},\"author\":{\"@id\":\"https:\/\/sermujerytrabajo.es\/#\/schema\/person\/26a3e2d35cfc624b27a74a1d67c7867d\"},\"headline\":\"D\\u00eda de la Salud Laboral: \\u00abLa salud laboral no es neutral\\u00bb\",\"datePublished\":\"2022-04-28T08:30:26+00:00\",\"dateModified\":\"2022-04-28T08:32:56+00:00\",\"mainEntityOfPage\":{\"@id\":\"https:\/\/sermujerytrabajo.es\/?p=4858#webpage\"},\"publisher\":{\"@id\":\"https:\/\/sermujerytrabajo.es\/#organization\"},\"articleSection\":\"Aniversario\",\"inLanguage\":\"es\",\"potentialAction\":[{\"@type\":\"CommentAction\",\"name\":\"Comment\",\"target\":[\"https:\/\/sermujerytrabajo.es\/?p=4858#respond\"]}]},{\"@type\":\"Person\",\"@id\":\"https:\/\/sermujerytrabajo.es\/#\/schema\/person\/26a3e2d35cfc624b27a74a1d67c7867d\",\"name\":\"Maria Bego\\u00f1a Garc\\u00eda Gil\",\"image\":{\"@type\":\"ImageObject\",\"@id\":\"https:\/\/sermujerytrabajo.es\/#personlogo\",\"inLanguage\":\"es\",\"url\":\"https:\/\/secure.gravatar.com\/avatar\/7474a88b8aa50fe826f30e47589d4051fd5140125777f5b21c317bf835864866?s=96&d=mm&r=g\",\"caption\":\"Maria Bego\\u00f1a Garc\\u00eda Gil\"}}]}<\/script>\n<!-- \/ Yoast SEO plugin. -->","jetpack_sharing_enabled":true,"_links":{"self":[{"href":"https:\/\/sermujerytrabajo.es\/index.php?rest_route=\/wp\/v2\/posts\/4858","targetHints":{"allow":["GET"]}}],"collection":[{"href":"https:\/\/sermujerytrabajo.es\/index.php?rest_route=\/wp\/v2\/posts"}],"about":[{"href":"https:\/\/sermujerytrabajo.es\/index.php?rest_route=\/wp\/v2\/types\/post"}],"author":[{"embeddable":true,"href":"https:\/\/sermujerytrabajo.es\/index.php?rest_route=\/wp\/v2\/users\/3"}],"replies":[{"embeddable":true,"href":"https:\/\/sermujerytrabajo.es\/index.php?rest_route=%2Fwp%2Fv2%2Fcomments&post=4858"}],"version-history":[{"count":5,"href":"https:\/\/sermujerytrabajo.es\/index.php?rest_route=\/wp\/v2\/posts\/4858\/revisions"}],"predecessor-version":[{"id":4863,"href":"https:\/\/sermujerytrabajo.es\/index.php?rest_route=\/wp\/v2\/posts\/4858\/revisions\/4863"}],"wp:attachment":[{"href":"https:\/\/sermujerytrabajo.es\/index.php?rest_route=%2Fwp%2Fv2%2Fmedia&parent=4858"}],"wp:term":[{"taxonomy":"category","embeddable":true,"href":"https:\/\/sermujerytrabajo.es\/index.php?rest_route=%2Fwp%2Fv2%2Fcategories&post=4858"},{"taxonomy":"post_tag","embeddable":true,"href":"https:\/\/sermujerytrabajo.es\/index.php?rest_route=%2Fwp%2Fv2%2Ftags&post=4858"}],"curies":[{"name":"wp","href":"https:\/\/api.w.org\/{rel}","templated":true}]}}