{"id":4942,"date":"2022-06-17T22:43:35","date_gmt":"2022-06-17T20:43:35","guid":{"rendered":"https:\/\/sermujerytrabajo.es\/?p=4942"},"modified":"2022-06-17T22:46:09","modified_gmt":"2022-06-17T20:46:09","slug":"aprobaci","status":"publish","type":"post","link":"https:\/\/sermujerytrabajo.es\/?p=4942","title":{"rendered":"Ratificado el convenio 190 de la OIT sobre elemiminaci\u00f3n de la violencia y el acoso en el trabajo"},"content":{"rendered":"\t\t<div data-elementor-type=\"wp-post\" data-elementor-id=\"4942\" class=\"elementor elementor-4942\">\n\t\t\t\t\t\t<section class=\"elementor-section elementor-top-section elementor-element elementor-element-a94c133 elementor-section-boxed elementor-section-height-default elementor-section-height-default\" data-id=\"a94c133\" data-element_type=\"section\">\n\t\t\t\t\t\t<div class=\"elementor-container elementor-column-gap-default\">\n\t\t\t\t\t<div class=\"elementor-column elementor-col-100 elementor-top-column elementor-element elementor-element-7fca894\" data-id=\"7fca894\" data-element_type=\"column\">\n\t\t\t<div class=\"elementor-widget-wrap elementor-element-populated\">\n\t\t\t\t\t\t<div class=\"elementor-element elementor-element-38fe3dd elementor-widget elementor-widget-text-editor\" data-id=\"38fe3dd\" data-element_type=\"widget\" data-widget_type=\"text-editor.default\">\n\t\t\t\t<div class=\"elementor-widget-container\">\n\t\t\t\t\t\t\t<p><span>\u00a0En el BOE de 16 de junio de 2022 se ha publicado el instrumento de adhesi\u00f3n al Convenio sobre la eliminaci\u00f3n de la violencia y el acoso en el mundo del trabajo, hecho en Ginebra el 21 de junio de 2019 que entrar\u00e1 en vigor el 25 de mayo de 2023.\u00a0<\/span><\/p><p style=\"text-align: center;\">La Conferencia General de la Organizaci\u00f3n Internacional del Trabajo:<br \/>Convocada en Ginebra por el Consejo de Administraci\u00f3n de la Oficina Internacional <br \/>del Trabajo, y congregada en dicha ciudad el 10 de junio de 2019, en su cent\u00e9sima <br \/>octava reuni\u00f3n (reuni\u00f3n del centenario);<br \/>Recordando que la Declaraci\u00f3n de Filadelfia afirma que todos los seres humanos, <br \/>sin distinci\u00f3n de raza, credo o sexo, tienen derecho a perseguir su bienestar material y <br \/>su desarrollo espiritual en condiciones de libertad y dignidad, de seguridad econ\u00f3mica <br \/>y en igualdad de oportunidades;<br \/>Reafirmando la pertinencia de los convenios fundamentales de la Organizaci\u00f3n <br \/>Internacional del Trabajo;<br \/>Recordando otros instrumentos internacionales pertinentes, como la Declaraci\u00f3n <br \/>Universal de Derechos Humanos, el Pacto Internacional de Derechos Civiles y Pol\u00edticos, <br \/>el Pacto Internacional de Derechos Econ\u00f3micos, Sociales y Culturales, la Convenci\u00f3n <br \/>Internacional sobre la Eliminaci\u00f3n de Todas las Formas de Discriminaci\u00f3n Racial, la <br \/>Convenci\u00f3n sobre la Eliminaci\u00f3n de Todas las Formas de Discriminaci\u00f3n contra la Mujer, <br \/>la Convenci\u00f3n Internacional sobre la Protecci\u00f3n de los Derechos de Todos los <br \/>Trabajadores Migratorios y de sus Familiares y la Convenci\u00f3n sobre los Derechos de <br \/>las Personas con Discapacidad;<br \/>Reconociendo el derecho de toda persona a un mundo del trabajo libre de violencia y <br \/>acoso, incluidos la violencia y el acoso por raz\u00f3n de g\u00e9nero;<br \/>Reconociendo que la violencia y el acoso en el mundo del trabajo pueden constituir <br \/>una violaci\u00f3n o un abuso de los derechos humanos, y que la violencia y el acoso son una <br \/>amenaza para la igualdad de oportunidades, y son inaceptables e incompatibles con el <br \/>trabajo decente;<br \/>Reconociendo la importancia de una cultura del trabajo basada en el respeto mutuo y <br \/>la dignidad del ser humano para prevenir la violencia y el acoso;<br \/>Recordando que los Miembros tienen la importante responsabilidad de promover un <br \/>entorno general de tolerancia cero frente a la violencia y el acoso con el fin de facilitar la <br \/>prevenci\u00f3n de este tipo de comportamientos y pr\u00e1cticas, y que todos los actores del <br \/>mundo del trabajo deben abstenerse de recurrir a la violencia y el acoso, prevenirlos y <br \/>combatirlos;<br \/>Reconociendo que la violencia y el acoso en el mundo del trabajo afectan a la salud <br \/>psicol\u00f3gica, f\u00edsica y sexual de las personas, a su dignidad, y a su entorno familiar y <br \/>social;<br \/>Reconociendo que la violencia y el acoso tambi\u00e9n afectan a la calidad de los <br \/>servicios p\u00fablicos y privados, y que pueden impedir que las personas, en particular <br \/>las mujeres, accedan al mercado de trabajo, permanezcan en \u00e9l o progresen <br \/>profesionalmente;<br \/>Considerando que la violencia y el acoso son incompatibles con la promoci\u00f3n <br \/>de empresas sostenibles y afectan negativamente a la organizaci\u00f3n del trabajo, las <br \/>relaciones en el lugar de trabajo, el compromiso de los trabajadores, la reputaci\u00f3n de <br \/>las empresas y la productividad;<br \/>Reconociendo que la violencia y el acoso por raz\u00f3n de g\u00e9nero afectan de manera <br \/>desproporcionada a las mujeres y las ni\u00f1as, y reconociendo tambi\u00e9n que la adopci\u00f3n de <br \/>un enfoque inclusivo e integrado que tenga en cuenta las consideraciones de g\u00e9nero y <br \/>aborde las causas subyacentes y los factores de riesgo, entre ellos los estereotipos de <br \/>g\u00e9nero, las formas m\u00faltiples e interseccionales de discriminaci\u00f3n y el abuso de las <br \/>relaciones de poder por raz\u00f3n de g\u00e9nero, es indispensable para acabar con la violencia y <br \/>el acoso en el mundo del trabajo;<br \/>Considerando que la violencia dom\u00e9stica puede afectar al empleo, la productividad <br \/>as\u00ed como la seguridad y salud, y que los gobiernos, las organizaciones de empleadores y <br \/>BOLET\u00cdN OFICIAL DEL ESTADO<br \/>N\u00fam. 143 Jueves 16 de junio de 2022 Sec. I. P\u00e1g. 82960 cve: BOE-A-2022-9978<br \/>Verificable en https:\/\/www.boe.es<br \/>de trabajadores y las instituciones del mercado de trabajo pueden contribuir, como parte <br \/>de otras medidas, a reconocer, afrontar y abordar el impacto de la violencia dom\u00e9stica;<br \/>Despu\u00e9s de haber decidido adoptar diversas proposiciones relativas a la violencia y <br \/>el acoso en el mundo del trabajo, cuesti\u00f3n que constituye el quinto punto del orden del <br \/>d\u00eda de la reuni\u00f3n;<br \/>Despu\u00e9s de haber decidido que dichas proposiciones revistan la forma de un <br \/>convenio internacional, adopta, con fecha veintiuno de junio de dos mil diecinueve, el <br \/>siguiente Convenio, que podr\u00e1 ser citado como el Convenio sobre la violencia y el acoso, <br \/>2019.<br \/>I.\u2003DEFINICIONES<br \/>Art\u00edculo 1.<br \/>1.\u2003A efectos del presente Convenio:<br \/>a)\u2003La expresi\u00f3n \u00abviolencia y acoso\u00bb en el mundo del trabajo designa un conjunto de <br \/>comportamientos y pr\u00e1cticas inaceptables, o de amenazas de tales comportamientos y <br \/>pr\u00e1cticas, ya sea que se manifiesten una sola vez o de manera repetida, que tengan por <br \/>objeto, que causen o sean susceptibles de causar, un da\u00f1o f\u00edsico, psicol\u00f3gico, sexual o <br \/>econ\u00f3mico, e incluye la violencia y el acoso por raz\u00f3n de g\u00e9nero, y<br \/>b)\u2003la expresi\u00f3n \u00abviolencia y acoso por raz\u00f3n de g\u00e9nero\u00bb designa la violencia y el <br \/>acoso que van dirigidos contra las personas por raz\u00f3n de su sexo o g\u00e9nero, o que <br \/>afectan de manera desproporcionada a personas de un sexo o g\u00e9nero determinado, e <br \/>incluye el acoso sexual.<br \/>2.\u2003Sin perjuicio de lo dispuesto en los apartados a) y b) del p\u00e1rrafo 1 del presente <br \/>art\u00edculo, la violencia y el acoso pueden definirse en la legislaci\u00f3n nacional como un <br \/>concepto \u00fanico o como conceptos separados.<br \/>II.\u2003\u00c1MBITO DE APLICACI\u00d3N<br \/>Art\u00edculo 2.<br \/>1.\u2003El presente Convenio protege a los trabajadores y a otras personas en el mundo <br \/>del trabajo, con inclusi\u00f3n de los trabajadores asalariados seg\u00fan se definen en la <br \/>legislaci\u00f3n y la pr\u00e1ctica nacionales, as\u00ed como a las personas que trabajan, cualquiera <br \/>que sea su situaci\u00f3n contractual, las personas en formaci\u00f3n, incluidos los pasantes y <br \/>los aprendices, los trabajadores despedidos, los voluntarios, las personas en busca de <br \/>empleo y los postulantes a un empleo, y los individuos que ejercen la autoridad, las <br \/>funciones o las responsabilidades de un empleador.<br \/>2.\u2003Este Convenio se aplica a todos los sectores, p\u00fablico o privado, de la econom\u00eda <br \/>tanto formal como informal, en zonas urbanas o rurales.<br \/>Art\u00edculo 3.<br \/>El presente Convenio se aplica a la violencia y el acoso en el mundo del trabajo que <br \/>ocurren durante el trabajo, en relaci\u00f3n con el trabajo o como resultado del mismo:<br \/>a)\u2003En el lugar de trabajo, inclusive en los espacios p\u00fablicos y privados cuando son <br \/>un lugar de trabajo;<br \/>b)\u2003En los lugares donde se paga al trabajador, donde \u00e9ste toma su descanso o <br \/>donde come, o en los que utiliza instalaciones sanitarias o de aseo y en los vestuarios;<br \/>c)\u2003En los desplazamientos, viajes, eventos o actividades sociales o de formaci\u00f3n <br \/>relacionados con el trabajo;<br \/>d)\u2003En el marco de las comunicaciones que est\u00e9n relacionadas con el trabajo, <br \/>incluidas las realizadas por medio de tecnolog\u00edas de la informaci\u00f3n y de la comunicaci\u00f3n;<br \/><br \/><\/p>\t\t\t\t\t\t<\/div>\n\t\t\t\t<\/div>\n\t\t\t\t\t<\/div>\n\t\t<\/div>\n\t\t\t\t\t<\/div>\n\t\t<\/section>\n\t\t\t\t<\/div>\n\t\t","protected":false},"excerpt":{"rendered":"<p>&nbsp;En el BOE de 16 de junio de 2022 se ha publicado el instrumento de adhesi\u00f3n al Convenio sobre la eliminaci\u00f3n de la violencia y el acoso en el mundo del trabajo, hecho en Ginebra el 21 de junio de 2019 que entrar\u00e1 en vigor el 25 de mayo de [&hellip;]<\/p>\n","protected":false},"author":3,"featured_media":0,"comment_status":"open","ping_status":"open","sticky":false,"template":"","format":"standard","meta":{"_jetpack_memberships_contains_paid_content":false,"footnotes":""},"categories":[8],"tags":[],"class_list":["post-4942","post","type-post","status-publish","format-standard","hentry","category-noticias"],"jetpack_featured_media_url":"","yoast_head":"<!-- This site is optimized with the Yoast SEO plugin v15.2 - https:\/\/yoast.com\/wordpress\/plugins\/seo\/ -->\n<title>Ratificado el convenio 190 de la OIT sobre elemiminaci\u00f3n de la violencia y el acoso en el trabajo -<\/title>\n<meta name=\"robots\" content=\"index, follow, max-snippet:-1, max-image-preview:large, max-video-preview:-1\" \/>\n<link rel=\"canonical\" href=\"https:\/\/sermujerytrabajo.es\/?p=4942\" \/>\n<meta property=\"og:locale\" content=\"es_ES\" \/>\n<meta property=\"og:type\" content=\"article\" \/>\n<meta property=\"og:title\" content=\"Ratificado el convenio 190 de la OIT sobre elemiminaci\u00f3n de la violencia y el acoso en el trabajo -\" \/>\n<meta property=\"og:description\" content=\"&nbsp;En el BOE de 16 de junio de 2022 se ha publicado el instrumento de adhesi\u00f3n al Convenio sobre la eliminaci\u00f3n de la violencia y el acoso en el mundo del trabajo, hecho en Ginebra el 21 de junio de 2019 que entrar\u00e1 en vigor el 25 de mayo de [&hellip;]\" \/>\n<meta property=\"og:url\" content=\"https:\/\/sermujerytrabajo.es\/?p=4942\" \/>\n<meta property=\"article:published_time\" content=\"2022-06-17T20:43:35+00:00\" \/>\n<meta property=\"article:modified_time\" content=\"2022-06-17T20:46:09+00:00\" \/>\n<meta name=\"twitter:card\" content=\"summary_large_image\" \/>\n<meta name=\"twitter:label1\" value=\"Escrito por\">\n\t<meta name=\"twitter:data1\" value=\"Maria Bego\u00f1a Garc\u00eda Gil\">\n\t<meta name=\"twitter:label2\" value=\"Tiempo de lectura\">\n\t<meta name=\"twitter:data2\" value=\"5 minutos\">\n<script type=\"application\/ld+json\" class=\"yoast-schema-graph\">{\"@context\":\"https:\/\/schema.org\",\"@graph\":[{\"@type\":\"Organization\",\"@id\":\"https:\/\/sermujerytrabajo.es\/#organization\",\"name\":\"Ser mujer en el mercado de trabajo\",\"url\":\"https:\/\/sermujerytrabajo.es\/\",\"sameAs\":[],\"logo\":{\"@type\":\"ImageObject\",\"@id\":\"https:\/\/sermujerytrabajo.es\/#logo\",\"inLanguage\":\"es\",\"url\":\"https:\/\/sermujerytrabajo.es\/wp-content\/uploads\/2020\/09\/d134bcc4-4ca2-476c-bef9-f663ae8535d2_200x200.png\",\"width\":200,\"height\":200,\"caption\":\"Ser mujer en el mercado de trabajo\"},\"image\":{\"@id\":\"https:\/\/sermujerytrabajo.es\/#logo\"}},{\"@type\":\"WebSite\",\"@id\":\"https:\/\/sermujerytrabajo.es\/#website\",\"url\":\"https:\/\/sermujerytrabajo.es\/\",\"name\":\"\",\"description\":\"\",\"publisher\":{\"@id\":\"https:\/\/sermujerytrabajo.es\/#organization\"},\"potentialAction\":[{\"@type\":\"SearchAction\",\"target\":\"https:\/\/sermujerytrabajo.es\/?s={search_term_string}\",\"query-input\":\"required name=search_term_string\"}],\"inLanguage\":\"es\"},{\"@type\":\"WebPage\",\"@id\":\"https:\/\/sermujerytrabajo.es\/?p=4942#webpage\",\"url\":\"https:\/\/sermujerytrabajo.es\/?p=4942\",\"name\":\"Ratificado el convenio 190 de la OIT sobre elemiminaci\\u00f3n de la violencia y el acoso en el trabajo -\",\"isPartOf\":{\"@id\":\"https:\/\/sermujerytrabajo.es\/#website\"},\"datePublished\":\"2022-06-17T20:43:35+00:00\",\"dateModified\":\"2022-06-17T20:46:09+00:00\",\"inLanguage\":\"es\",\"potentialAction\":[{\"@type\":\"ReadAction\",\"target\":[\"https:\/\/sermujerytrabajo.es\/?p=4942\"]}]},{\"@type\":\"Article\",\"@id\":\"https:\/\/sermujerytrabajo.es\/?p=4942#article\",\"isPartOf\":{\"@id\":\"https:\/\/sermujerytrabajo.es\/?p=4942#webpage\"},\"author\":{\"@id\":\"https:\/\/sermujerytrabajo.es\/#\/schema\/person\/26a3e2d35cfc624b27a74a1d67c7867d\"},\"headline\":\"Ratificado el convenio 190 de la OIT sobre elemiminaci\\u00f3n de la violencia y el acoso en el trabajo\",\"datePublished\":\"2022-06-17T20:43:35+00:00\",\"dateModified\":\"2022-06-17T20:46:09+00:00\",\"mainEntityOfPage\":{\"@id\":\"https:\/\/sermujerytrabajo.es\/?p=4942#webpage\"},\"publisher\":{\"@id\":\"https:\/\/sermujerytrabajo.es\/#organization\"},\"articleSection\":\"Noticias Nacional\",\"inLanguage\":\"es\",\"potentialAction\":[{\"@type\":\"CommentAction\",\"name\":\"Comment\",\"target\":[\"https:\/\/sermujerytrabajo.es\/?p=4942#respond\"]}]},{\"@type\":\"Person\",\"@id\":\"https:\/\/sermujerytrabajo.es\/#\/schema\/person\/26a3e2d35cfc624b27a74a1d67c7867d\",\"name\":\"Maria Bego\\u00f1a Garc\\u00eda Gil\",\"image\":{\"@type\":\"ImageObject\",\"@id\":\"https:\/\/sermujerytrabajo.es\/#personlogo\",\"inLanguage\":\"es\",\"url\":\"https:\/\/secure.gravatar.com\/avatar\/7474a88b8aa50fe826f30e47589d4051fd5140125777f5b21c317bf835864866?s=96&d=mm&r=g\",\"caption\":\"Maria Bego\\u00f1a Garc\\u00eda Gil\"}}]}<\/script>\n<!-- \/ Yoast SEO plugin. -->","jetpack_sharing_enabled":true,"_links":{"self":[{"href":"https:\/\/sermujerytrabajo.es\/index.php?rest_route=\/wp\/v2\/posts\/4942","targetHints":{"allow":["GET"]}}],"collection":[{"href":"https:\/\/sermujerytrabajo.es\/index.php?rest_route=\/wp\/v2\/posts"}],"about":[{"href":"https:\/\/sermujerytrabajo.es\/index.php?rest_route=\/wp\/v2\/types\/post"}],"author":[{"embeddable":true,"href":"https:\/\/sermujerytrabajo.es\/index.php?rest_route=\/wp\/v2\/users\/3"}],"replies":[{"embeddable":true,"href":"https:\/\/sermujerytrabajo.es\/index.php?rest_route=%2Fwp%2Fv2%2Fcomments&post=4942"}],"version-history":[{"count":4,"href":"https:\/\/sermujerytrabajo.es\/index.php?rest_route=\/wp\/v2\/posts\/4942\/revisions"}],"predecessor-version":[{"id":4946,"href":"https:\/\/sermujerytrabajo.es\/index.php?rest_route=\/wp\/v2\/posts\/4942\/revisions\/4946"}],"wp:attachment":[{"href":"https:\/\/sermujerytrabajo.es\/index.php?rest_route=%2Fwp%2Fv2%2Fmedia&parent=4942"}],"wp:term":[{"taxonomy":"category","embeddable":true,"href":"https:\/\/sermujerytrabajo.es\/index.php?rest_route=%2Fwp%2Fv2%2Fcategories&post=4942"},{"taxonomy":"post_tag","embeddable":true,"href":"https:\/\/sermujerytrabajo.es\/index.php?rest_route=%2Fwp%2Fv2%2Ftags&post=4942"}],"curies":[{"name":"wp","href":"https:\/\/api.w.org\/{rel}","templated":true}]}}