{"id":5082,"date":"2022-10-07T11:22:26","date_gmt":"2022-10-07T09:22:26","guid":{"rendered":"https:\/\/sermujerytrabajo.es\/?p=5082"},"modified":"2022-10-07T11:25:09","modified_gmt":"2022-10-07T09:25:09","slug":"hoy-es-viernes-y-han-premiado-a-una-mujer-la-grandisima-annie-ernaux","status":"publish","type":"post","link":"https:\/\/sermujerytrabajo.es\/?p=5082","title":{"rendered":"Hoy es viernes. Y han premiado a una mujer: la grand\u00edsima Annie Ernaux"},"content":{"rendered":"\t\t<div data-elementor-type=\"wp-post\" data-elementor-id=\"5082\" class=\"elementor elementor-5082\">\n\t\t\t\t\t\t<section class=\"elementor-section elementor-top-section elementor-element elementor-element-c851d6e elementor-section-boxed elementor-section-height-default elementor-section-height-default\" data-id=\"c851d6e\" data-element_type=\"section\">\n\t\t\t\t\t\t<div class=\"elementor-container elementor-column-gap-default\">\n\t\t\t\t\t<div class=\"elementor-column elementor-col-100 elementor-top-column elementor-element elementor-element-1974803\" data-id=\"1974803\" data-element_type=\"column\">\n\t\t\t<div class=\"elementor-widget-wrap\">\n\t\t\t\t\t\t\t<\/div>\n\t\t<\/div>\n\t\t\t\t\t<\/div>\n\t\t<\/section>\n\t\t\t\t<section class=\"elementor-section elementor-top-section elementor-element elementor-element-90cfe2f elementor-section-boxed elementor-section-height-default elementor-section-height-default\" data-id=\"90cfe2f\" data-element_type=\"section\">\n\t\t\t\t\t\t<div class=\"elementor-container elementor-column-gap-default\">\n\t\t\t\t\t<div class=\"elementor-column elementor-col-100 elementor-top-column elementor-element elementor-element-d05d9b0\" data-id=\"d05d9b0\" data-element_type=\"column\">\n\t\t\t<div class=\"elementor-widget-wrap elementor-element-populated\">\n\t\t\t\t\t\t<div class=\"elementor-element elementor-element-ae2313d elementor-widget elementor-widget-text-editor\" data-id=\"ae2313d\" data-element_type=\"widget\" data-widget_type=\"text-editor.default\">\n\t\t\t\t<div class=\"elementor-widget-container\">\n\t\t\t\t\t\t\t<p style=\"text-align: center;\"><strong class=\"x_elementToProof\"><strong>Hoy es viernes. Y han premiado a una mujer: la grand\u00edsima Annie Ernaux<\/strong><\/strong><\/p><p><\/p><p><strong class=\"x_elementToProof\">Debe ser la primera vez que hacemos algo parecido a acertar en la quiniela del Nobel de Literatura. Lo hemos comentado aqu\u00ed durante toda la semana y en el grupo de WhatsApp de amigos muy lectores y compa\u00f1eros del peri\u00f3dico: suena Annie Ernaux; queremos a Annie Ernaux. Y la francesa ha ganado. Es la decimos\u00e9ptima mujer que lo logra.<\/strong><\/p><p><strong class=\"x_elementToProof\">Una alegr\u00eda al tratarse de una mujer que ha roto moldes, que ha narrado con aparente sencillez, pero honda complejidad, las vicisitudes de su vida, que es como la de todas nosotras; que ha descrito la lucha por salir de una infancia de barrio y de provincias hacia el aprendizaje y la universidad; que ha trabajado por romper la inercia de maridos y parejas de izquierdas que manten\u00edan las peores costumbres del machismo. Una de las creadoras de la autoficci\u00f3n. Que se ha atrevido con los tab\u00faes m\u00e1s intocables como el aborto. Tambi\u00e9n con el dolor, con la pasi\u00f3n, con la clase social.<\/strong><\/p><p><strong class=\"x_elementToProof\">Leer a Annie Ernaux es recorrer la vida de una mujer del \u00faltimo medio siglo en Francia (nuestro universo, al fin y al cabo) con toda la hondura m\u00e1s significativa y luminosa de su sencillez, con todos las tab\u00faes que solemos callar, y con toda la complicaci\u00f3n m\u00e1s aparentemente desnuda de complejidad. Y, aunque parezca parad\u00f3jico, este es el milagro que ha sido posible en sus manos. Ernaux ha cosido a puntadas aparentemente simples, pero altamente elaboradas, con una sofisticada llaneza y un aparente simplismo, nuestras vidas comunes. Aqu\u00ed pod\u00e9is leer<span>\u00a0<\/span><a href=\"http:\/\/t.info.elpais.com\/r\/?id=h4d08f847,9bfb5e0,4998dc9&amp;mid=DM144025&amp;bid=1292433479\" target=\"_blank\" rel=\"noopener noreferrer\" data-auth=\"NotApplicable\" data-safelink=\"true\" data-linkindex=\"0\">la cr\u00f3nica de \u00c1lex Vicente y Marc Bassets<\/a><span>\u00a0<\/span>y aqu\u00ed una<span>\u00a0<\/span><a href=\"http:\/\/t.info.elpais.com\/r\/?id=h4d08f847,9bfb5e0,4998dca&amp;mid=DM144025&amp;bid=1292433479\" target=\"_blank\" rel=\"noopener noreferrer\" data-auth=\"NotApplicable\" data-safelink=\"true\" data-linkindex=\"1\">gu\u00eda de lectura que hemos improvisado r\u00e1pidamente<\/a><span>\u00a0<\/span>Javier Rodr\u00edguez Marcos y servidora.<\/strong><\/p><p><strong class=\"x_elementToProof\">Enhorabuena.<\/strong><\/p><p>Debe ser la primera vez que hacemos algo parecido a acertar en la quiniela del Nobel de Literatura. Lo hemos comentado aqu\u00ed durante toda la semana y en el grupo de WhatsApp de amigos muy lectores y compa\u00f1eros del peri\u00f3dico: suena Annie Ernaux; queremos a Annie Ernaux. Y la francesa ha ganado. Es la decimos\u00e9ptima mujer que lo logra.<\/p><p>Una alegr\u00eda al tratarse de una mujer que ha roto moldes, que ha narrado con aparente sencillez, pero honda complejidad, las vicisitudes de su vida, que es como la de todas nosotras; que ha descrito la lucha por salir de una infancia de barrio y de provincias hacia el aprendizaje y la universidad; que ha trabajado por romper la inercia de maridos y parejas de izquierdas que manten\u00edan las peores costumbres del machismo. Una de las creadoras de la autoficci\u00f3n. Que se ha atrevido con los tab\u00faes m\u00e1s intocables como el aborto. Tambi\u00e9n con el dolor, con la pasi\u00f3n, con la clase social.<\/p><p>Leer a Annie Ernaux es recorrer la vida de una mujer del \u00faltimo medio siglo en Francia (nuestro universo, al fin y al cabo) con toda la hondura m\u00e1s significativa y luminosa de su sencillez, con todos las tab\u00faes que solemos callar, y con toda la complicaci\u00f3n m\u00e1s aparentemente desnuda de complejidad. Y, aunque parezca parad\u00f3jico, este es el milagro que ha sido posible en sus manos. Ernaux ha cosido a puntadas aparentemente simples, pero altamente elaboradas, con una sofisticada llaneza y un aparente simplismo, nuestras vidas comunes. Aqu\u00ed pod\u00e9is leer<span>\u00a0<\/span><a href=\"http:\/\/t.info.elpais.com\/r\/?id=h4d08f847,9bfb5e0,4998dc9&amp;mid=DM144025&amp;bid=1292433479\" target=\"_blank\" rel=\"noopener noreferrer\" data-auth=\"NotApplicable\" data-safelink=\"true\" data-linkindex=\"2\">la cr\u00f3nica de \u00c1lex Vicente y Marc Bassets<\/a><span>\u00a0<\/span>y aqu\u00ed una<span>\u00a0<\/span><a href=\"http:\/\/t.info.elpais.com\/r\/?id=h4d08f847,9bfb5e0,4998dca&amp;mid=DM144025&amp;bid=1292433479\" target=\"_blank\" rel=\"noopener noreferrer\" data-auth=\"NotApplicable\" data-safelink=\"true\" data-linkindex=\"3\">gu\u00eda de lectura que hemos improvisado r\u00e1pidamente<\/a><span>\u00a0<\/span>Javier Rodr\u00edguez Marcos y servidora.<\/p><p>Enhorabuena.<\/p><div class=\"x_elementToProof\"><div class=\"x_a_e_txt x__df\"><h1 class=\"x_a_t x_ContentPasted0\">La escritora francesa Annie Ernaux gana el Premio Nobel de Literatura 2022<\/h1><h2 class=\"x_a_st x_ContentPasted0\">La Academia Sueca concede el m\u00e1ximo galard\u00f3n literario a uno de los grandes exponentes de la autoficci\u00f3n europea, autora de una obra situada entre la narrativa y la sociolog\u00eda, el feminismo y el compromiso social<\/h2><\/div><div class=\"x_a_e_m\"><div class=\"x_videoTop x_videoTop-v\"><div><div><div class=\"x__pa x_ph-v_b x_ph-v_b-xl\"><div class=\"x_ph-v_c x__pa\"><div class=\"x_ph-v_d x__dib x_ContentPasted0\">01:29<\/div><div class=\"x_ph-v_t x_ContentPasted0\">Annie Ernaux gana el Premio Nobel de Literatura<\/div><\/div><\/div><img fetchpriority=\"high\" decoding=\"async\" data-imagetype=\"External\" src=\"https:\/\/imagenes.elpais.com\/resizer\/_UOR8iV4RHe9sy3kjbAnY8oz7SY=\/1960x1103\/cloudfront-eu-central-1.images.arcpublishing.com\/prisa\/GT3EQUXQQRDHZDXRODGEUNU27A.jpg\" width=\"1155\" height=\"649\" class=\"x_ContentPasted0\" \/><\/div><\/div><\/div>La escritora Annie Ernaux comparece en rueda de prensa tras ganar el Premio Nobel de Literatura este jueves en la editorial Gallimard en Par\u00eds.<\/div><\/div>\t\t\t\t\t\t<\/div>\n\t\t\t\t<\/div>\n\t\t\t\t\t<\/div>\n\t\t<\/div>\n\t\t\t\t\t<\/div>\n\t\t<\/section>\n\t\t\t\t<\/div>\n\t\t","protected":false},"excerpt":{"rendered":"<p>Hoy es viernes. Y han premiado a una mujer: la grand\u00edsima Annie Ernaux Debe ser la primera vez que hacemos algo parecido a acertar en la quiniela del Nobel de Literatura. Lo hemos comentado aqu\u00ed durante toda la semana y en el grupo de WhatsApp de amigos muy lectores y [&hellip;]<\/p>\n","protected":false},"author":3,"featured_media":0,"comment_status":"open","ping_status":"open","sticky":false,"template":"","format":"standard","meta":{"_jetpack_memberships_contains_paid_content":false,"footnotes":""},"categories":[13],"tags":[],"class_list":["post-5082","post","type-post","status-publish","format-standard","hentry","category-noticias-internacional"],"jetpack_featured_media_url":"","yoast_head":"<!-- This site is optimized with the Yoast SEO plugin v15.2 - https:\/\/yoast.com\/wordpress\/plugins\/seo\/ -->\n<title>Hoy es viernes. Y han premiado a una mujer: la grand\u00edsima Annie Ernaux -<\/title>\n<meta name=\"robots\" content=\"index, follow, max-snippet:-1, max-image-preview:large, max-video-preview:-1\" \/>\n<link rel=\"canonical\" href=\"https:\/\/sermujerytrabajo.es\/?p=5082\" \/>\n<meta property=\"og:locale\" content=\"es_ES\" \/>\n<meta property=\"og:type\" content=\"article\" \/>\n<meta property=\"og:title\" content=\"Hoy es viernes. Y han premiado a una mujer: la grand\u00edsima Annie Ernaux -\" \/>\n<meta property=\"og:description\" content=\"Hoy es viernes. Y han premiado a una mujer: la grand\u00edsima Annie Ernaux Debe ser la primera vez que hacemos algo parecido a acertar en la quiniela del Nobel de Literatura. Lo hemos comentado aqu\u00ed durante toda la semana y en el grupo de WhatsApp de amigos muy lectores y [&hellip;]\" \/>\n<meta property=\"og:url\" content=\"https:\/\/sermujerytrabajo.es\/?p=5082\" \/>\n<meta property=\"article:published_time\" content=\"2022-10-07T09:22:26+00:00\" \/>\n<meta property=\"article:modified_time\" content=\"2022-10-07T09:25:09+00:00\" \/>\n<meta property=\"og:image\" content=\"https:\/\/imagenes.elpais.com\/resizer\/_UOR8iV4RHe9sy3kjbAnY8oz7SY=\/1960x1103\/cloudfront-eu-central-1.images.arcpublishing.com\/prisa\/GT3EQUXQQRDHZDXRODGEUNU27A.jpg\" \/>\n<meta name=\"twitter:card\" content=\"summary_large_image\" \/>\n<meta name=\"twitter:label1\" value=\"Escrito por\">\n\t<meta name=\"twitter:data1\" value=\"Maria Bego\u00f1a Garc\u00eda Gil\">\n\t<meta name=\"twitter:label2\" value=\"Tiempo de lectura\">\n\t<meta name=\"twitter:data2\" value=\"3 minutos\">\n<script type=\"application\/ld+json\" class=\"yoast-schema-graph\">{\"@context\":\"https:\/\/schema.org\",\"@graph\":[{\"@type\":\"Organization\",\"@id\":\"https:\/\/sermujerytrabajo.es\/#organization\",\"name\":\"Ser mujer en el mercado de trabajo\",\"url\":\"https:\/\/sermujerytrabajo.es\/\",\"sameAs\":[],\"logo\":{\"@type\":\"ImageObject\",\"@id\":\"https:\/\/sermujerytrabajo.es\/#logo\",\"inLanguage\":\"es\",\"url\":\"https:\/\/sermujerytrabajo.es\/wp-content\/uploads\/2020\/09\/d134bcc4-4ca2-476c-bef9-f663ae8535d2_200x200.png\",\"width\":200,\"height\":200,\"caption\":\"Ser mujer en el mercado de trabajo\"},\"image\":{\"@id\":\"https:\/\/sermujerytrabajo.es\/#logo\"}},{\"@type\":\"WebSite\",\"@id\":\"https:\/\/sermujerytrabajo.es\/#website\",\"url\":\"https:\/\/sermujerytrabajo.es\/\",\"name\":\"\",\"description\":\"\",\"publisher\":{\"@id\":\"https:\/\/sermujerytrabajo.es\/#organization\"},\"potentialAction\":[{\"@type\":\"SearchAction\",\"target\":\"https:\/\/sermujerytrabajo.es\/?s={search_term_string}\",\"query-input\":\"required name=search_term_string\"}],\"inLanguage\":\"es\"},{\"@type\":\"ImageObject\",\"@id\":\"https:\/\/sermujerytrabajo.es\/?p=5082#primaryimage\",\"inLanguage\":\"es\",\"url\":\"https:\/\/imagenes.elpais.com\/resizer\/_UOR8iV4RHe9sy3kjbAnY8oz7SY=\/1960x1103\/cloudfront-eu-central-1.images.arcpublishing.com\/prisa\/GT3EQUXQQRDHZDXRODGEUNU27A.jpg\"},{\"@type\":\"WebPage\",\"@id\":\"https:\/\/sermujerytrabajo.es\/?p=5082#webpage\",\"url\":\"https:\/\/sermujerytrabajo.es\/?p=5082\",\"name\":\"Hoy es viernes. Y han premiado a una mujer: la grand\\u00edsima Annie Ernaux -\",\"isPartOf\":{\"@id\":\"https:\/\/sermujerytrabajo.es\/#website\"},\"primaryImageOfPage\":{\"@id\":\"https:\/\/sermujerytrabajo.es\/?p=5082#primaryimage\"},\"datePublished\":\"2022-10-07T09:22:26+00:00\",\"dateModified\":\"2022-10-07T09:25:09+00:00\",\"inLanguage\":\"es\",\"potentialAction\":[{\"@type\":\"ReadAction\",\"target\":[\"https:\/\/sermujerytrabajo.es\/?p=5082\"]}]},{\"@type\":\"Article\",\"@id\":\"https:\/\/sermujerytrabajo.es\/?p=5082#article\",\"isPartOf\":{\"@id\":\"https:\/\/sermujerytrabajo.es\/?p=5082#webpage\"},\"author\":{\"@id\":\"https:\/\/sermujerytrabajo.es\/#\/schema\/person\/26a3e2d35cfc624b27a74a1d67c7867d\"},\"headline\":\"Hoy es viernes. Y han premiado a una mujer: la grand\\u00edsima Annie Ernaux\",\"datePublished\":\"2022-10-07T09:22:26+00:00\",\"dateModified\":\"2022-10-07T09:25:09+00:00\",\"mainEntityOfPage\":{\"@id\":\"https:\/\/sermujerytrabajo.es\/?p=5082#webpage\"},\"publisher\":{\"@id\":\"https:\/\/sermujerytrabajo.es\/#organization\"},\"image\":{\"@id\":\"https:\/\/sermujerytrabajo.es\/?p=5082#primaryimage\"},\"articleSection\":\"Noticias Internacional\",\"inLanguage\":\"es\",\"potentialAction\":[{\"@type\":\"CommentAction\",\"name\":\"Comment\",\"target\":[\"https:\/\/sermujerytrabajo.es\/?p=5082#respond\"]}]},{\"@type\":\"Person\",\"@id\":\"https:\/\/sermujerytrabajo.es\/#\/schema\/person\/26a3e2d35cfc624b27a74a1d67c7867d\",\"name\":\"Maria Bego\\u00f1a Garc\\u00eda Gil\",\"image\":{\"@type\":\"ImageObject\",\"@id\":\"https:\/\/sermujerytrabajo.es\/#personlogo\",\"inLanguage\":\"es\",\"url\":\"https:\/\/secure.gravatar.com\/avatar\/7474a88b8aa50fe826f30e47589d4051fd5140125777f5b21c317bf835864866?s=96&d=mm&r=g\",\"caption\":\"Maria Bego\\u00f1a Garc\\u00eda Gil\"}}]}<\/script>\n<!-- \/ Yoast SEO plugin. -->","jetpack_sharing_enabled":true,"_links":{"self":[{"href":"https:\/\/sermujerytrabajo.es\/index.php?rest_route=\/wp\/v2\/posts\/5082","targetHints":{"allow":["GET"]}}],"collection":[{"href":"https:\/\/sermujerytrabajo.es\/index.php?rest_route=\/wp\/v2\/posts"}],"about":[{"href":"https:\/\/sermujerytrabajo.es\/index.php?rest_route=\/wp\/v2\/types\/post"}],"author":[{"embeddable":true,"href":"https:\/\/sermujerytrabajo.es\/index.php?rest_route=\/wp\/v2\/users\/3"}],"replies":[{"embeddable":true,"href":"https:\/\/sermujerytrabajo.es\/index.php?rest_route=%2Fwp%2Fv2%2Fcomments&post=5082"}],"version-history":[{"count":3,"href":"https:\/\/sermujerytrabajo.es\/index.php?rest_route=\/wp\/v2\/posts\/5082\/revisions"}],"predecessor-version":[{"id":5085,"href":"https:\/\/sermujerytrabajo.es\/index.php?rest_route=\/wp\/v2\/posts\/5082\/revisions\/5085"}],"wp:attachment":[{"href":"https:\/\/sermujerytrabajo.es\/index.php?rest_route=%2Fwp%2Fv2%2Fmedia&parent=5082"}],"wp:term":[{"taxonomy":"category","embeddable":true,"href":"https:\/\/sermujerytrabajo.es\/index.php?rest_route=%2Fwp%2Fv2%2Fcategories&post=5082"},{"taxonomy":"post_tag","embeddable":true,"href":"https:\/\/sermujerytrabajo.es\/index.php?rest_route=%2Fwp%2Fv2%2Ftags&post=5082"}],"curies":[{"name":"wp","href":"https:\/\/api.w.org\/{rel}","templated":true}]}}