{"id":5408,"date":"2023-03-29T10:33:25","date_gmt":"2023-03-29T08:33:25","guid":{"rendered":"https:\/\/sermujerytrabajo.es\/?p=5408"},"modified":"2023-03-29T10:35:20","modified_gmt":"2023-03-29T08:35:20","slug":"constitucionalidad-del-rdley-de-igualdad-entre-hombres-y-mujeres-en-el-empleo","status":"publish","type":"post","link":"https:\/\/sermujerytrabajo.es\/?p=5408","title":{"rendered":"Constitucionalidad del RDLey de igualdad entre hombres y mujeres en el empleo"},"content":{"rendered":"\t\t<div data-elementor-type=\"wp-post\" data-elementor-id=\"5408\" class=\"elementor elementor-5408\">\n\t\t\t\t\t\t<section class=\"elementor-section elementor-top-section elementor-element elementor-element-76d945d elementor-section-boxed elementor-section-height-default elementor-section-height-default\" data-id=\"76d945d\" data-element_type=\"section\">\n\t\t\t\t\t\t<div class=\"elementor-container elementor-column-gap-default\">\n\t\t\t\t\t<div class=\"elementor-column elementor-col-100 elementor-top-column elementor-element elementor-element-25cf3e4\" data-id=\"25cf3e4\" data-element_type=\"column\">\n\t\t\t<div class=\"elementor-widget-wrap elementor-element-populated\">\n\t\t\t\t\t\t<div class=\"elementor-element elementor-element-a2a907e elementor-widget elementor-widget-text-editor\" data-id=\"a2a907e\" data-element_type=\"widget\" data-widget_type=\"text-editor.default\">\n\t\t\t\t<div class=\"elementor-widget-container\">\n\t\t\t\t\t\t\t<p class=\"first-paragraph\">El Pleno del Tribunal Constitucional ha avalado la adecuaci\u00f3n a la Constituci\u00f3n del Real Decreto Ley 6\/2019, de 1 de marzo, de medidas urgentes para garant\u00eda de la igualdad de trato y de oportunidades entre mujeres y hombres en el empleo y la ocupaci\u00f3n, norma que fue impugnada por m\u00e1s de cincuenta diputados del Grupo Parlamentario Popular por ausencia del presupuesto habilitante del art. 86.1 CE.<\/p><article class=\"main\" itemprop=\"articleBody\"><figure class=\"img-extended\"><img decoding=\"async\" data-src=\"https:\/\/elderecho.com\/wp-content\/uploads\/2023\/03\/Igualdad-entre-mujeres-y-hombres-p386077-m1189179-768x334_w100.jpg\" class=\"img-responsive lazyload\" itemprop=\"image\" srcset=\"https:\/\/elderecho.com\/wp-content\/uploads\/2023\/03\/Igualdad-entre-mujeres-y-hombres-p386077-m1189179-768x334_w100.jpg\" alt=\"Igualdad entre mujeres y hombres\" src=\"https:\/\/elderecho.com\/wp-content\/uploads\/2023\/03\/Igualdad-entre-mujeres-y-hombres-p386077-m1189179-768x334_w100.jpg\" \/><\/figure><hr \/><p>La sentencia, de la que ha sido ponente el Presidente C\u00e1ndido Conde-Pumpido Tour\u00f3n, afirma que el Gobierno ha explicado y razonado de forma suficiente, tal y como demanda el art\u00edculo 86.1 CE, la situaci\u00f3n de \u201cextraordinaria y urgente necesidad\u201d que justifica la norma. Adem\u00e1s, la sentencia subraya que existen razones de peso al considerar \u201clos resultados discretos, cuando no insignificantes\u201d alcanzados hasta ese momento por la regulaci\u00f3n legal en la materia, la LO 3\/2007, as\u00ed como la demora que se estaba produciendo en la realizaci\u00f3n efectiva la igualdad entre hombres y mujeres, lo que exig\u00eda acci\u00f3n normativa inmediata mediante la elaboraci\u00f3n de un nuevo texto articulado, integral y transversal, fundado en los arts. 9.2 y 14 de la Constituci\u00f3n.<\/p><div id=\"div-gpt-ad-1568802772911-0\" data-google-query-id=\"CNa5yP7cgP4CFWcX0wodnpwKig\"><div id=\"google_ads_iframe_\/267212276\/PROD_CLIENT-LINK_All_0__container__\">El Pleno confirma la existencia de una conexi\u00f3n adecuada entre dicha situaci\u00f3n de necesidad y las medidas articuladas en el real decreto ley, que afectan a un total de siete textos legales, dirigidas a poner fin a la persistencia a unas desigualdades en las condiciones laborales entre hombres y mujeres que acarrean a las mujeres unos perjuicios de dif\u00edcil reparaci\u00f3n, dif\u00edcilmente asumibles en una sociedad moderna como la espa\u00f1ola.<\/div><\/div><p>El Tribunal Constitucional destaca tambi\u00e9n la \u00edntima conexi\u00f3n de las medidas adoptadas con la esfera individual de la persona y el libre desarrollo de la personalidad, as\u00ed como sus profundos v\u00ednculos con disposiciones fundamentales de la Constituci\u00f3n (arts. 1, 9.2, 10.1, 14, 35.1 y 41 CE), trat\u00e1ndose de cuestiones de la m\u00e1xima relevancia que exig\u00edan una acci\u00f3n normativa absolutamente inmediata, sin que la actuaci\u00f3n p\u00fablica orientada al logro de esos objetivos admitiera ning\u00fan retraso, ni siquiera el que conllevar\u00eda culminar la tramitaci\u00f3n legislativa de las proposiciones de ley que estaban en curso en el momento de la aprobaci\u00f3n del real decreto ley.<\/p><p>Por \u00faltimo, la sentencia descarta que el Gobierno haya incurrido en un uso abusivo o arbitrario de la alegaci\u00f3n de la existencia de una situaci\u00f3n de\u00a0 extraordinaria y urgente necesidad.<\/p><p>La sentencia cuenta con el voto particular conjunto formulado por los magistrados Ricardo Enr\u00edquez, Enrique Arnaldo y C\u00e9sar Tolosa y la magistrada\u00a0 Concepci\u00f3n Espejel.\u00a0Consideran que el poder ejecutivo dicte normas con rango de ley debiera ser una excepci\u00f3n, al incidir en la separaci\u00f3n de poderes e imposibilitar que los representantes populares puedan debatir y en su caso aprobar tales normas, menoscabando el principio democr\u00e1tico. El decretoley no es una alternativa a la ley, ni un cheque en blanco, sino un remedio excepcional para supuestos de extraordinaria y urgente necesidad.<\/p><p>El Tribunal Constitucional no debe claudicar en la funci\u00f3n de control de los decretos leyes, pues nuestro cometido -indican- es garantizar la preminencia de la \u00fanica norma que es expresi\u00f3n del poder constituyente. En esa funci\u00f3n de control de los decretos leyes, el TC no puede confundir necesidad con: conveniencia u oportunidad pol\u00edtica o con extraordinaria y urgente necesidad. Tampoco cabe confundir la correcci\u00f3n de las medidas con la justificaci\u00f3n de la urgencia, ni sustituir al Gobierno en esa funci\u00f3n de justificaci\u00f3n por las alegaciones del abogado del Estado, ni considerar que justificar sea lo mismo que sentar afirmaciones apod\u00edcticas o explicar las medidas.<\/p><p>En el voto particular los magistrados consideran que la fundamentaci\u00f3n de la sentencia ha sustituido el enjuiciamiento de la existencia del presupuesto habilitante por la valoraci\u00f3n de las razones dadas por los recurrentes. Afirman, que no se justifica la necesidad de utilizar una norma de urgencia y excepcional, evitando la tramitaci\u00f3n por el procedimiento legislativo ordinario, atendido adem\u00e1s que se trataba de una norma de la m\u00e1xima relevancia, lo que obligaba al Gobierno a extremar el celo a la hora de justificar y razonar la urgencia que fundamentaba su decisi\u00f3n de acudir a una norma excepcional.<\/p><\/article><p><a href=\"ttps:\/\/elderecho.com\/constitucionalidad-rdley-igualdad-hombres-mujeres-empleo?utm_medium=email&amp;utm_source=newsletter&amp;utm_campaign=20230323_Nwl&amp;utm_id=674\">Fuente<\/a><\/p><article class=\"main\" itemprop=\"articleBody\"><div class=\"cont-ppal\"><div class=\"cont-info\"><div role=\"heading\" class=\"text-13 text-uppercase d-inline-block label-bg\"><\/div><\/div><\/div><\/article><p><\/p>\t\t\t\t\t\t<\/div>\n\t\t\t\t<\/div>\n\t\t\t\t\t<\/div>\n\t\t<\/div>\n\t\t\t\t\t<\/div>\n\t\t<\/section>\n\t\t\t\t<\/div>\n\t\t","protected":false},"excerpt":{"rendered":"<p>El Pleno del Tribunal Constitucional ha avalado la adecuaci\u00f3n a la Constituci\u00f3n del Real Decreto Ley 6\/2019, de 1 de marzo, de medidas urgentes para garant\u00eda de la igualdad de trato y de oportunidades entre mujeres y hombres en el empleo y la ocupaci\u00f3n, norma que fue impugnada por m\u00e1s [&hellip;]<\/p>\n","protected":false},"author":3,"featured_media":0,"comment_status":"open","ping_status":"open","sticky":false,"template":"","format":"standard","meta":{"_jetpack_memberships_contains_paid_content":false,"footnotes":""},"categories":[12],"tags":[],"class_list":["post-5408","post","type-post","status-publish","format-standard","hentry","category-tribunales"],"jetpack_featured_media_url":"","yoast_head":"<!-- This site is optimized with the Yoast SEO plugin v15.2 - https:\/\/yoast.com\/wordpress\/plugins\/seo\/ -->\n<title>Constitucionalidad del RDLey de igualdad entre hombres y mujeres en el empleo -<\/title>\n<meta name=\"robots\" content=\"index, follow, max-snippet:-1, max-image-preview:large, max-video-preview:-1\" \/>\n<link rel=\"canonical\" href=\"https:\/\/sermujerytrabajo.es\/?p=5408\" \/>\n<meta property=\"og:locale\" content=\"es_ES\" \/>\n<meta property=\"og:type\" content=\"article\" \/>\n<meta property=\"og:title\" content=\"Constitucionalidad del RDLey de igualdad entre hombres y mujeres en el empleo -\" \/>\n<meta property=\"og:description\" content=\"El Pleno del Tribunal Constitucional ha avalado la adecuaci\u00f3n a la Constituci\u00f3n del Real Decreto Ley 6\/2019, de 1 de marzo, de medidas urgentes para garant\u00eda de la igualdad de trato y de oportunidades entre mujeres y hombres en el empleo y la ocupaci\u00f3n, norma que fue impugnada por m\u00e1s [&hellip;]\" \/>\n<meta property=\"og:url\" content=\"https:\/\/sermujerytrabajo.es\/?p=5408\" \/>\n<meta property=\"article:published_time\" content=\"2023-03-29T08:33:25+00:00\" \/>\n<meta property=\"article:modified_time\" content=\"2023-03-29T08:35:20+00:00\" \/>\n<meta property=\"og:image\" content=\"https:\/\/elderecho.com\/wp-content\/uploads\/2023\/03\/Igualdad-entre-mujeres-y-hombres-p386077-m1189179-768x334_w100.jpg\" \/>\n<meta name=\"twitter:card\" content=\"summary_large_image\" \/>\n<meta name=\"twitter:label1\" value=\"Escrito por\">\n\t<meta name=\"twitter:data1\" value=\"Maria Bego\u00f1a Garc\u00eda Gil\">\n\t<meta name=\"twitter:label2\" value=\"Tiempo de lectura\">\n\t<meta name=\"twitter:data2\" value=\"3 minutos\">\n<script type=\"application\/ld+json\" class=\"yoast-schema-graph\">{\"@context\":\"https:\/\/schema.org\",\"@graph\":[{\"@type\":\"Organization\",\"@id\":\"https:\/\/sermujerytrabajo.es\/#organization\",\"name\":\"Ser mujer en el mercado de trabajo\",\"url\":\"https:\/\/sermujerytrabajo.es\/\",\"sameAs\":[],\"logo\":{\"@type\":\"ImageObject\",\"@id\":\"https:\/\/sermujerytrabajo.es\/#logo\",\"inLanguage\":\"es\",\"url\":\"https:\/\/sermujerytrabajo.es\/wp-content\/uploads\/2020\/09\/d134bcc4-4ca2-476c-bef9-f663ae8535d2_200x200.png\",\"width\":200,\"height\":200,\"caption\":\"Ser mujer en el mercado de trabajo\"},\"image\":{\"@id\":\"https:\/\/sermujerytrabajo.es\/#logo\"}},{\"@type\":\"WebSite\",\"@id\":\"https:\/\/sermujerytrabajo.es\/#website\",\"url\":\"https:\/\/sermujerytrabajo.es\/\",\"name\":\"\",\"description\":\"\",\"publisher\":{\"@id\":\"https:\/\/sermujerytrabajo.es\/#organization\"},\"potentialAction\":[{\"@type\":\"SearchAction\",\"target\":\"https:\/\/sermujerytrabajo.es\/?s={search_term_string}\",\"query-input\":\"required name=search_term_string\"}],\"inLanguage\":\"es\"},{\"@type\":\"ImageObject\",\"@id\":\"https:\/\/sermujerytrabajo.es\/?p=5408#primaryimage\",\"inLanguage\":\"es\",\"url\":\"https:\/\/elderecho.com\/wp-content\/uploads\/2023\/03\/Igualdad-entre-mujeres-y-hombres-p386077-m1189179-768x334_w100.jpg\"},{\"@type\":\"WebPage\",\"@id\":\"https:\/\/sermujerytrabajo.es\/?p=5408#webpage\",\"url\":\"https:\/\/sermujerytrabajo.es\/?p=5408\",\"name\":\"Constitucionalidad del RDLey de igualdad entre hombres y mujeres en el empleo -\",\"isPartOf\":{\"@id\":\"https:\/\/sermujerytrabajo.es\/#website\"},\"primaryImageOfPage\":{\"@id\":\"https:\/\/sermujerytrabajo.es\/?p=5408#primaryimage\"},\"datePublished\":\"2023-03-29T08:33:25+00:00\",\"dateModified\":\"2023-03-29T08:35:20+00:00\",\"inLanguage\":\"es\",\"potentialAction\":[{\"@type\":\"ReadAction\",\"target\":[\"https:\/\/sermujerytrabajo.es\/?p=5408\"]}]},{\"@type\":\"Article\",\"@id\":\"https:\/\/sermujerytrabajo.es\/?p=5408#article\",\"isPartOf\":{\"@id\":\"https:\/\/sermujerytrabajo.es\/?p=5408#webpage\"},\"author\":{\"@id\":\"https:\/\/sermujerytrabajo.es\/#\/schema\/person\/26a3e2d35cfc624b27a74a1d67c7867d\"},\"headline\":\"Constitucionalidad del RDLey de igualdad entre hombres y mujeres en el empleo\",\"datePublished\":\"2023-03-29T08:33:25+00:00\",\"dateModified\":\"2023-03-29T08:35:20+00:00\",\"mainEntityOfPage\":{\"@id\":\"https:\/\/sermujerytrabajo.es\/?p=5408#webpage\"},\"publisher\":{\"@id\":\"https:\/\/sermujerytrabajo.es\/#organization\"},\"image\":{\"@id\":\"https:\/\/sermujerytrabajo.es\/?p=5408#primaryimage\"},\"articleSection\":\"Tribunales\",\"inLanguage\":\"es\",\"potentialAction\":[{\"@type\":\"CommentAction\",\"name\":\"Comment\",\"target\":[\"https:\/\/sermujerytrabajo.es\/?p=5408#respond\"]}]},{\"@type\":\"Person\",\"@id\":\"https:\/\/sermujerytrabajo.es\/#\/schema\/person\/26a3e2d35cfc624b27a74a1d67c7867d\",\"name\":\"Maria Bego\\u00f1a Garc\\u00eda Gil\",\"image\":{\"@type\":\"ImageObject\",\"@id\":\"https:\/\/sermujerytrabajo.es\/#personlogo\",\"inLanguage\":\"es\",\"url\":\"https:\/\/secure.gravatar.com\/avatar\/7474a88b8aa50fe826f30e47589d4051fd5140125777f5b21c317bf835864866?s=96&d=mm&r=g\",\"caption\":\"Maria Bego\\u00f1a Garc\\u00eda Gil\"}}]}<\/script>\n<!-- \/ Yoast SEO plugin. -->","jetpack_sharing_enabled":true,"_links":{"self":[{"href":"https:\/\/sermujerytrabajo.es\/index.php?rest_route=\/wp\/v2\/posts\/5408","targetHints":{"allow":["GET"]}}],"collection":[{"href":"https:\/\/sermujerytrabajo.es\/index.php?rest_route=\/wp\/v2\/posts"}],"about":[{"href":"https:\/\/sermujerytrabajo.es\/index.php?rest_route=\/wp\/v2\/types\/post"}],"author":[{"embeddable":true,"href":"https:\/\/sermujerytrabajo.es\/index.php?rest_route=\/wp\/v2\/users\/3"}],"replies":[{"embeddable":true,"href":"https:\/\/sermujerytrabajo.es\/index.php?rest_route=%2Fwp%2Fv2%2Fcomments&post=5408"}],"version-history":[{"count":2,"href":"https:\/\/sermujerytrabajo.es\/index.php?rest_route=\/wp\/v2\/posts\/5408\/revisions"}],"predecessor-version":[{"id":5410,"href":"https:\/\/sermujerytrabajo.es\/index.php?rest_route=\/wp\/v2\/posts\/5408\/revisions\/5410"}],"wp:attachment":[{"href":"https:\/\/sermujerytrabajo.es\/index.php?rest_route=%2Fwp%2Fv2%2Fmedia&parent=5408"}],"wp:term":[{"taxonomy":"category","embeddable":true,"href":"https:\/\/sermujerytrabajo.es\/index.php?rest_route=%2Fwp%2Fv2%2Fcategories&post=5408"},{"taxonomy":"post_tag","embeddable":true,"href":"https:\/\/sermujerytrabajo.es\/index.php?rest_route=%2Fwp%2Fv2%2Ftags&post=5408"}],"curies":[{"name":"wp","href":"https:\/\/api.w.org\/{rel}","templated":true}]}}