{"id":5449,"date":"2023-05-11T18:12:48","date_gmt":"2023-05-11T16:12:48","guid":{"rendered":"https:\/\/sermujerytrabajo.es\/?p=5449"},"modified":"2023-05-11T18:15:28","modified_gmt":"2023-05-11T16:15:28","slug":"la-justicia-exige-razones-poderosas-para-negar-un-cambio-de-turno-a-una-madre-trabajadora","status":"publish","type":"post","link":"https:\/\/sermujerytrabajo.es\/?p=5449","title":{"rendered":"La justicia exige \u201crazones poderosas\u201d para negar un cambio de turno a una madre trabajadora"},"content":{"rendered":"\t\t<div data-elementor-type=\"wp-post\" data-elementor-id=\"5449\" class=\"elementor elementor-5449\">\n\t\t\t\t\t\t<section class=\"elementor-section elementor-top-section elementor-element elementor-element-c9db1f2 elementor-section-boxed elementor-section-height-default elementor-section-height-default\" data-id=\"c9db1f2\" data-element_type=\"section\">\n\t\t\t\t\t\t<div class=\"elementor-container elementor-column-gap-default\">\n\t\t\t\t\t<div class=\"elementor-column elementor-col-100 elementor-top-column elementor-element elementor-element-dd9c113\" data-id=\"dd9c113\" data-element_type=\"column\">\n\t\t\t<div class=\"elementor-widget-wrap elementor-element-populated\">\n\t\t\t\t\t\t<div class=\"elementor-element elementor-element-d8268d9 elementor-widget elementor-widget-text-editor\" data-id=\"d8268d9\" data-element_type=\"widget\" data-widget_type=\"text-editor.default\">\n\t\t\t\t<div class=\"elementor-widget-container\">\n\t\t\t\t\t\t\t<header class=\"a_e _g _g-xs\"><div class=\"a_e_txt _df\"><h2 class=\"a_st\">El TSJ de Galicia avala el derecho de una enfermera a trabajar por la ma\u00f1ana aunque el hospital aleg\u00f3 que la alteraci\u00f3n perjudicaba a sus compa\u00f1eros<\/h2><\/div><div class=\"a_e_m\"><figure class=\"a_m a_m-h c_m--nf\"><span class=\"a_m_w _db\"><img fetchpriority=\"high\" alt=\"\" decoding=\"auto\" class=\"_re  a_m-h\" height=\"276\" srcset=\"https:\/\/imagenes.elpais.com\/resizer\/kjN0dmzu9RQzIjq163OqKXXEYzo=\/414x0\/cloudfront-eu-central-1.images.arcpublishing.com\/prisa\/L3ER3AD27FOZPJQFSSOSXRWEBI.jpg 414w,https:\/\/imagenes.elpais.com\/resizer\/44TR9xA4e10eu1hIxDEm6YJ3OOw=\/828x0\/cloudfront-eu-central-1.images.arcpublishing.com\/prisa\/L3ER3AD27FOZPJQFSSOSXRWEBI.jpg 640w,https:\/\/imagenes.elpais.com\/resizer\/Bv_tQHpxnoG8gpMdNbpnaRT80EY=\/980x0\/cloudfront-eu-central-1.images.arcpublishing.com\/prisa\/L3ER3AD27FOZPJQFSSOSXRWEBI.jpg 1000w,https:\/\/imagenes.elpais.com\/resizer\/z41rZ-oZKrMVsSYAkVI50S9y0C8=\/1200x0\/cloudfront-eu-central-1.images.arcpublishing.com\/prisa\/L3ER3AD27FOZPJQFSSOSXRWEBI.jpg 1200w\" width=\"414\" loading=\"eager\" src=\"https:\/\/imagenes.elpais.com\/resizer\/kjN0dmzu9RQzIjq163OqKXXEYzo=\/414x0\/cloudfront-eu-central-1.images.arcpublishing.com\/prisa\/L3ER3AD27FOZPJQFSSOSXRWEBI.jpg\" sizes=\"(min-width:1199px)1155px,(min-width:1001px)95vw,(min-width:768px)767px,100vw\" \/><\/span><\/figure><figure class=\"a_m a_m-h c_m--nf\"><span class=\"a_m_w _db\">Las empresas no pueden oponerse a que sus empleados adapten su jornada laboral a un horario que les permita cuidar de sus hijos menores si el cambio no es inviable. As\u00ed se desprende de una reciente sentencia del Tribunal Superior de Justicia (TSJ) de Galicia que rechaza el recurso de un hospital que fue condenado a dejar en el turno de ma\u00f1ana a una enfermera con reducci\u00f3n de jornada a la que previamente hab\u00eda negado este horario.<\/span><\/figure><\/div><\/header><div class=\"a_c clearfix\" data-dtm-region=\"articulo_cuerpo\"><p class=\"\">El fallo, de 17 de abril, confirma asimismo la indemnizaci\u00f3n de 3.500 euros que el centro deber\u00e1 abonar a la trabajadora por da\u00f1o moral. Los magistrados concluyen en su resoluci\u00f3n la enfermera tiene derecho a trabajar en el horario solicitado porque el hospital \u201cno acredit\u00f3 razones organizativas que vayan m\u00e1s all\u00e1 de las ordinarias de la empresa que justificasen la denegaci\u00f3n\u201d. La empresa, subrayan los jueces, tienen que acreditar \u201cque confluyen razones m\u00e1s poderosas y concretas de la imposibilidad o dificultad de adaptar el horario\u201d. En estas circunstancias, la solicitud de adaptaci\u00f3n de jornada como herramienta para la lograr conciliar familia y trabajo \u201cdebe decaer s\u00f3lo en supuestos excepcionales de abuso de derecho, mala fe o manifiesto quebranto para la empresa\u201d.<\/p><div id=\"_wmass_1195\" w-type=\"outstream\"><div id=\"jw-_11951195\" class=\"jwplayer jw-reset jw-state-playing jw-stretch-uniform jw-flag-aspect-mode jw-flag-controls-hidden jw-flag-outstream jw-breakpoint-4 jw-flag-ads\" aria-label=\"Reproductor de Video\" role=\"application\" tabindex=\"0\"><div class=\"jw-aspect jw-reset\"><\/div><div class=\"jw-wrapper jw-reset\"><div><div><div><\/div><\/div><div class=\"jw-contract-trigger\"><\/div><\/div><div class=\"jw-top jw-reset\"><\/div><div class=\"jw-aspect jw-reset\"><\/div><\/div><\/div><\/div><div id=\"elpais_gpt-INTEXT\" data-google-query-id=\"CK68yNTT7f4CFZBApAQdoaUMnA\"><div id=\"google_ads_iframe_7811748\/elpais_finanzas_cincodias_web\/legal_9__container__\">Como se\u00f1ala Rafael Busto, abogado laboralista de CCS que defendi\u00f3 a la trabajadora, la sentencia \u201csigue la l\u00ednea que muchos tribunales de justicia de las distintas comunidades aut\u00f3nomas est\u00e1n manteniendo a la hora de estimar las pretensiones de conciliaci\u00f3n de los trabajadores siempre y cuando sean razonables y proporcionadas a sus necesidades y a las necesidades organizativas de la empresa\u201d. En este caso, destaca, se abunda en el an\u00e1lisis de la cuesti\u00f3n \u201cdesde el punto de vista del inter\u00e9s superior del menor\u201d.<\/div><\/div><h3 class=\"\">Conciliaci\u00f3n<\/h3><p class=\"\">Seg\u00fan recoge la resoluci\u00f3n, la enfermera, madre de una menor de dos a\u00f1os en el momento de los hechos, solicit\u00f3 hasta en dos ocasiones pasar al turno fijo de ma\u00f1ana (de 8 a 15 horas) para compatibilizar su horario con el del colegio de su hija. La trabajadora, adscrita al servicio de hospitalizaci\u00f3n, ten\u00eda jornada reducida, pero desde hac\u00eda un a\u00f1o rotaba ma\u00f1ana y tarde de lunes a viernes. El centro rechaz\u00f3 ambas peticiones y le ofreci\u00f3 cambiar de servicio, con los mismos turnos, o realizar rotaciones de ma\u00f1ana, tarde y noche. Un juzgado dio la raz\u00f3n a la trabajadora y conden\u00f3 al hospital a pagarle 3.500 euros por da\u00f1o moral.<\/p><p class=\"\">El tribunal superior gallego avala ahora este fallo al rechazar todos los argumentos del recurso interpuesto por el centro. El hospital aleg\u00f3 que el cambio de turno de la enfermera compromet\u00eda su organizaci\u00f3n y perjudicaba al resto de sus compa\u00f1eros. Los magistrados, en cambio, no consideran que la empresa hubiera probado razones \u201cpoderosas\u201d para denegar el cambio a la trabajadora. \u201cNo se acredita la imposibilidad ni un perjuicio de considerable gravedad\u201d, expresan. Tampoco constaban las condiciones del resto de la plantilla, a\u00f1aden. El derecho fundamental a la conciliaci\u00f3n es prioritario frente a la dificultad de adaptar unos cuadrantes, concluyen.<\/p><p class=\"\">El tribunal se\u00f1ala en su resoluci\u00f3n que el art\u00edculo 34.8 del Estatuto de los Trabajadores en el que se apoy\u00f3 la trabajadora para adaptar su jornada no concede un derecho absoluto, pero indica que solo es admisible limitarlo en funci\u00f3n del inter\u00e9s empresarial cuando se trate de una medida id\u00f3nea, necesaria y proporcional. Los magistrados destacan que el derecho a conciliar trabajo y familia entronca con el de los menores a poder disfrutar del cuidado de sus progenitores.<\/p><h3 class=\"\">Derecho<\/h3><p class=\"\">Frente a la defensa del centro hospitalario, que asegur\u00f3 que no hab\u00eda vulnerado ning\u00fan derecho fundamental de la trabajadora ni provocado ning\u00fan da\u00f1o resarcible para evitar la condena econ\u00f3mica, el TSG de Galicia responde que \u201cdesde una perspectiva constitucional, los derechos de conciliaci\u00f3n son derechos fundamentales dada su vinculaci\u00f3n con la prohibici\u00f3n de discriminaci\u00f3n sexista\u201d. La directiva que regula las f\u00f3rmulas flexibles de trabajo en la Uni\u00f3n Europea, agrega, lo expresa \u201ccon meridiana claridad\u201d en su pre\u00e1mbulo al indicar que \u00aba fin de animar a los trabajadores que sean progenitores y cuidadores a permanecer en el mercado laboral, estos deben poder adaptar su calendario de trabajo a sus necesidades y preferencias personales\u00bb.<\/p><div id=\"_wmass_1195-multi1\" w-type=\"'multi-outstream-free'\"><div id=\"sm-it-main-container-1683821603602\" class=\"sm-it-main-container\" data-it=\"4582efb2-3332-4b7e-a031-2e2b44c6867a\" data-device=\"desktop\" data-index=\"0\"><div id=\"sm-reference-1683821603602\" class=\"sm-reference\"><\/div><\/div><div id=\"jw-_11951195-multi1\"><\/div><\/div><p class=\"\">Con estos mimbres, los magistrados del tribunal superior gallego confirman la sentencia del juzgado que concedi\u00f3 a la trabajadora el turno fijo de ma\u00f1ana y una indemnizaci\u00f3n de 3.500 euros.<\/p><p class=\"\">La moraleja de este caso, explica el abogado Rafael Bustos, es que en relaci\u00f3n a las peticiones de adaptaci\u00f3n de horario los tribunales tienen muy en cuenta dos aspectos concretos. En primer lugar, \u201cque las empresas hayan iniciado el proceso negociador\u201d previsto en el Estatuto. La empresa debe formular propuestas y contraofertas \u201creales\u201d para considerar que est\u00e1 negociando de \u201cbuena fe\u201d, apunta el TSJ en su resoluci\u00f3n. Por otro lado, prosigue el experto, que la negativa venga acompa\u00f1ada de razones objetivas (por causas econ\u00f3micas, t\u00e9cnicas, organizativas o de producci\u00f3n) \u201csuficientemente probadas\u201d. No caben, ilustra, \u201cmeras denegaciones gen\u00e9ricas por dificultades para organizar turnos\u201d.<\/p><\/div><p><a href=\"https:\/\/cincodias.elpais.com\/cincodias\/2023\/04\/28\/legal\/1682685137_557397.html\">Fuente<\/a><\/p>\t\t\t\t\t\t<\/div>\n\t\t\t\t<\/div>\n\t\t\t\t\t<\/div>\n\t\t<\/div>\n\t\t\t\t\t<\/div>\n\t\t<\/section>\n\t\t\t\t<\/div>\n\t\t","protected":false},"excerpt":{"rendered":"<p>El TSJ de Galicia avala el derecho de una enfermera a trabajar por la ma\u00f1ana aunque el hospital aleg\u00f3 que la alteraci\u00f3n perjudicaba a sus compa\u00f1eros Las empresas no pueden oponerse a que sus empleados adapten su jornada laboral a un horario que les permita cuidar de sus hijos menores [&hellip;]<\/p>\n","protected":false},"author":3,"featured_media":0,"comment_status":"open","ping_status":"open","sticky":false,"template":"","format":"standard","meta":{"_jetpack_memberships_contains_paid_content":false,"footnotes":""},"categories":[12],"tags":[],"class_list":["post-5449","post","type-post","status-publish","format-standard","hentry","category-tribunales"],"jetpack_featured_media_url":"","yoast_head":"<!-- This site is optimized with the Yoast SEO plugin v15.2 - https:\/\/yoast.com\/wordpress\/plugins\/seo\/ -->\n<title>La justicia exige \u201crazones poderosas\u201d para negar un cambio de turno a una madre trabajadora -<\/title>\n<meta name=\"robots\" content=\"index, follow, max-snippet:-1, max-image-preview:large, max-video-preview:-1\" \/>\n<link rel=\"canonical\" href=\"https:\/\/sermujerytrabajo.es\/?p=5449\" \/>\n<meta property=\"og:locale\" content=\"es_ES\" \/>\n<meta property=\"og:type\" content=\"article\" \/>\n<meta property=\"og:title\" content=\"La justicia exige \u201crazones poderosas\u201d para negar un cambio de turno a una madre trabajadora -\" \/>\n<meta property=\"og:description\" content=\"El TSJ de Galicia avala el derecho de una enfermera a trabajar por la ma\u00f1ana aunque el hospital aleg\u00f3 que la alteraci\u00f3n perjudicaba a sus compa\u00f1eros Las empresas no pueden oponerse a que sus empleados adapten su jornada laboral a un horario que les permita cuidar de sus hijos menores [&hellip;]\" \/>\n<meta property=\"og:url\" content=\"https:\/\/sermujerytrabajo.es\/?p=5449\" \/>\n<meta property=\"article:published_time\" content=\"2023-05-11T16:12:48+00:00\" \/>\n<meta property=\"article:modified_time\" content=\"2023-05-11T16:15:28+00:00\" \/>\n<meta property=\"og:image\" content=\"https:\/\/imagenes.elpais.com\/resizer\/kjN0dmzu9RQzIjq163OqKXXEYzo=\/414x0\/cloudfront-eu-central-1.images.arcpublishing.com\/prisa\/L3ER3AD27FOZPJQFSSOSXRWEBI.jpg\" \/>\n<meta name=\"twitter:card\" content=\"summary_large_image\" \/>\n<meta name=\"twitter:label1\" value=\"Escrito por\">\n\t<meta name=\"twitter:data1\" value=\"Maria Bego\u00f1a Garc\u00eda Gil\">\n\t<meta name=\"twitter:label2\" value=\"Tiempo de lectura\">\n\t<meta name=\"twitter:data2\" value=\"4 minutos\">\n<script type=\"application\/ld+json\" class=\"yoast-schema-graph\">{\"@context\":\"https:\/\/schema.org\",\"@graph\":[{\"@type\":\"Organization\",\"@id\":\"https:\/\/sermujerytrabajo.es\/#organization\",\"name\":\"Ser mujer en el mercado de trabajo\",\"url\":\"https:\/\/sermujerytrabajo.es\/\",\"sameAs\":[],\"logo\":{\"@type\":\"ImageObject\",\"@id\":\"https:\/\/sermujerytrabajo.es\/#logo\",\"inLanguage\":\"es\",\"url\":\"https:\/\/sermujerytrabajo.es\/wp-content\/uploads\/2020\/09\/d134bcc4-4ca2-476c-bef9-f663ae8535d2_200x200.png\",\"width\":200,\"height\":200,\"caption\":\"Ser mujer en el mercado de trabajo\"},\"image\":{\"@id\":\"https:\/\/sermujerytrabajo.es\/#logo\"}},{\"@type\":\"WebSite\",\"@id\":\"https:\/\/sermujerytrabajo.es\/#website\",\"url\":\"https:\/\/sermujerytrabajo.es\/\",\"name\":\"\",\"description\":\"\",\"publisher\":{\"@id\":\"https:\/\/sermujerytrabajo.es\/#organization\"},\"potentialAction\":[{\"@type\":\"SearchAction\",\"target\":\"https:\/\/sermujerytrabajo.es\/?s={search_term_string}\",\"query-input\":\"required name=search_term_string\"}],\"inLanguage\":\"es\"},{\"@type\":\"ImageObject\",\"@id\":\"https:\/\/sermujerytrabajo.es\/?p=5449#primaryimage\",\"inLanguage\":\"es\",\"url\":\"https:\/\/imagenes.elpais.com\/resizer\/kjN0dmzu9RQzIjq163OqKXXEYzo=\/414x0\/cloudfront-eu-central-1.images.arcpublishing.com\/prisa\/L3ER3AD27FOZPJQFSSOSXRWEBI.jpg\"},{\"@type\":\"WebPage\",\"@id\":\"https:\/\/sermujerytrabajo.es\/?p=5449#webpage\",\"url\":\"https:\/\/sermujerytrabajo.es\/?p=5449\",\"name\":\"La justicia exige \\u201crazones poderosas\\u201d para negar un cambio de turno a una madre trabajadora -\",\"isPartOf\":{\"@id\":\"https:\/\/sermujerytrabajo.es\/#website\"},\"primaryImageOfPage\":{\"@id\":\"https:\/\/sermujerytrabajo.es\/?p=5449#primaryimage\"},\"datePublished\":\"2023-05-11T16:12:48+00:00\",\"dateModified\":\"2023-05-11T16:15:28+00:00\",\"inLanguage\":\"es\",\"potentialAction\":[{\"@type\":\"ReadAction\",\"target\":[\"https:\/\/sermujerytrabajo.es\/?p=5449\"]}]},{\"@type\":\"Article\",\"@id\":\"https:\/\/sermujerytrabajo.es\/?p=5449#article\",\"isPartOf\":{\"@id\":\"https:\/\/sermujerytrabajo.es\/?p=5449#webpage\"},\"author\":{\"@id\":\"https:\/\/sermujerytrabajo.es\/#\/schema\/person\/26a3e2d35cfc624b27a74a1d67c7867d\"},\"headline\":\"La justicia exige \\u201crazones poderosas\\u201d para negar un cambio de turno a una madre trabajadora\",\"datePublished\":\"2023-05-11T16:12:48+00:00\",\"dateModified\":\"2023-05-11T16:15:28+00:00\",\"mainEntityOfPage\":{\"@id\":\"https:\/\/sermujerytrabajo.es\/?p=5449#webpage\"},\"publisher\":{\"@id\":\"https:\/\/sermujerytrabajo.es\/#organization\"},\"image\":{\"@id\":\"https:\/\/sermujerytrabajo.es\/?p=5449#primaryimage\"},\"articleSection\":\"Tribunales\",\"inLanguage\":\"es\",\"potentialAction\":[{\"@type\":\"CommentAction\",\"name\":\"Comment\",\"target\":[\"https:\/\/sermujerytrabajo.es\/?p=5449#respond\"]}]},{\"@type\":\"Person\",\"@id\":\"https:\/\/sermujerytrabajo.es\/#\/schema\/person\/26a3e2d35cfc624b27a74a1d67c7867d\",\"name\":\"Maria Bego\\u00f1a Garc\\u00eda Gil\",\"image\":{\"@type\":\"ImageObject\",\"@id\":\"https:\/\/sermujerytrabajo.es\/#personlogo\",\"inLanguage\":\"es\",\"url\":\"https:\/\/secure.gravatar.com\/avatar\/7474a88b8aa50fe826f30e47589d4051fd5140125777f5b21c317bf835864866?s=96&d=mm&r=g\",\"caption\":\"Maria Bego\\u00f1a Garc\\u00eda Gil\"}}]}<\/script>\n<!-- \/ Yoast SEO plugin. -->","jetpack_sharing_enabled":true,"_links":{"self":[{"href":"https:\/\/sermujerytrabajo.es\/index.php?rest_route=\/wp\/v2\/posts\/5449","targetHints":{"allow":["GET"]}}],"collection":[{"href":"https:\/\/sermujerytrabajo.es\/index.php?rest_route=\/wp\/v2\/posts"}],"about":[{"href":"https:\/\/sermujerytrabajo.es\/index.php?rest_route=\/wp\/v2\/types\/post"}],"author":[{"embeddable":true,"href":"https:\/\/sermujerytrabajo.es\/index.php?rest_route=\/wp\/v2\/users\/3"}],"replies":[{"embeddable":true,"href":"https:\/\/sermujerytrabajo.es\/index.php?rest_route=%2Fwp%2Fv2%2Fcomments&post=5449"}],"version-history":[{"count":2,"href":"https:\/\/sermujerytrabajo.es\/index.php?rest_route=\/wp\/v2\/posts\/5449\/revisions"}],"predecessor-version":[{"id":5451,"href":"https:\/\/sermujerytrabajo.es\/index.php?rest_route=\/wp\/v2\/posts\/5449\/revisions\/5451"}],"wp:attachment":[{"href":"https:\/\/sermujerytrabajo.es\/index.php?rest_route=%2Fwp%2Fv2%2Fmedia&parent=5449"}],"wp:term":[{"taxonomy":"category","embeddable":true,"href":"https:\/\/sermujerytrabajo.es\/index.php?rest_route=%2Fwp%2Fv2%2Fcategories&post=5449"},{"taxonomy":"post_tag","embeddable":true,"href":"https:\/\/sermujerytrabajo.es\/index.php?rest_route=%2Fwp%2Fv2%2Ftags&post=5449"}],"curies":[{"name":"wp","href":"https:\/\/api.w.org\/{rel}","templated":true}]}}