{"id":5713,"date":"2024-01-18T10:30:28","date_gmt":"2024-01-18T08:30:28","guid":{"rendered":"https:\/\/sermujerytrabajo.es\/?p=5713"},"modified":"2024-01-18T10:32:25","modified_gmt":"2024-01-18T08:32:25","slug":"la-audiencia-nacional-condena-a-abonar-indemnizacion-diaria-hasta-aprobar-plan-de-igualdad","status":"publish","type":"post","link":"https:\/\/sermujerytrabajo.es\/?p=5713","title":{"rendered":"La Audiencia Nacional condena a abonar indemnizaci\u00f3n diaria hasta aprobar plan de igualdad"},"content":{"rendered":"\t\t<div data-elementor-type=\"wp-post\" data-elementor-id=\"5713\" class=\"elementor elementor-5713\">\n\t\t\t\t\t\t<section class=\"elementor-section elementor-top-section elementor-element elementor-element-a169955 elementor-section-boxed elementor-section-height-default elementor-section-height-default\" data-id=\"a169955\" data-element_type=\"section\">\n\t\t\t\t\t\t<div class=\"elementor-container elementor-column-gap-default\">\n\t\t\t\t\t<div class=\"elementor-column elementor-col-100 elementor-top-column elementor-element elementor-element-579a18e\" data-id=\"579a18e\" data-element_type=\"column\">\n\t\t\t<div class=\"elementor-widget-wrap elementor-element-populated\">\n\t\t\t\t\t\t<div class=\"elementor-element elementor-element-898f6ef elementor-widget elementor-widget-wp-widget-text\" data-id=\"898f6ef\" data-element_type=\"widget\" data-widget_type=\"wp-widget-text.default\">\n\t\t\t\t<div class=\"elementor-widget-container\">\n\t\t\t\t\t\t<div class=\"textwidget\"><\/div>\n\t\t\t\t<\/div>\n\t\t\t\t<\/div>\n\t\t\t\t\t<\/div>\n\t\t<\/div>\n\t\t\t\t\t<\/div>\n\t\t<\/section>\n\t\t\t\t<section class=\"elementor-section elementor-top-section elementor-element elementor-element-9128ba9 elementor-section-boxed elementor-section-height-default elementor-section-height-default\" data-id=\"9128ba9\" data-element_type=\"section\">\n\t\t\t\t\t\t<div class=\"elementor-container elementor-column-gap-default\">\n\t\t\t\t\t<div class=\"elementor-column elementor-col-100 elementor-top-column elementor-element elementor-element-e430ad8\" data-id=\"e430ad8\" data-element_type=\"column\">\n\t\t\t<div class=\"elementor-widget-wrap elementor-element-populated\">\n\t\t\t\t\t\t<div class=\"elementor-element elementor-element-fc3d391 elementor-widget elementor-widget-text-editor\" data-id=\"fc3d391\" data-element_type=\"widget\" data-widget_type=\"text-editor.default\">\n\t\t\t\t<div class=\"elementor-widget-container\">\n\t\t\t\t\t\t\t<p><span>La AN ha declarado que la negativa reiterada de la empresa a facilitar la informaci\u00f3n necesaria para elaborar el diagn\u00f3stico de situaci\u00f3n, y la consiguiente imposibilidad de aprobar el plan de igualdad, vulnera el derecho fundamental del sindicato actor a su libertad sindical en su vertiente de negociaci\u00f3n colectiva.<\/span><\/p><p>La AN recuerda que, con car\u00e1cter general, para la\u00a0elaboraci\u00f3n de un plan de igualdad\u00a0resulta imprescindible la elaboraci\u00f3n de un diagn\u00f3stico de situaci\u00f3n relativo a la igualdad entre hombres y mujeres en la empresa, el cual constituye el elemento central para la elaboraci\u00f3n posterior del plan.\u00a0Adem\u00e1s, la elaboraci\u00f3n del plan requiere la negociaci\u00f3n y acuerdo con los representantes de los trabajadores.<\/p><p>Y de la redacci\u00f3n de hechos probados la Sala concluye que la empresa no ha cumplido con su obligaci\u00f3n de\u00a0facilitar la informaci\u00f3n precisa, a pesar de haberse celebrado m\u00e1s de 20 reuniones con la comisi\u00f3n negociadora del plan y de la solicitud reiterada y constante por parte de la representaci\u00f3n legal de los trabajadores. Por el contrario, aprecia\u00a0deficiencias e insuficiencias\u00a0en la informaci\u00f3n proporcionada por aqu\u00e9lla, a pesar, incluso, del requerimiento de la ITSS en este sentido. Y la misma conclusi\u00f3n alcanza respecto a la informaci\u00f3n precisa para elaborar el registro retributivo y la valoraci\u00f3n de puestos de trabajo.<\/p><p>Por tanto, concluye que se ha vulnerado el derecho del sindicato al ejercicio de su actividad sindical en su vertiente del derecho a la negociaci\u00f3n por lo que\u00a0estima\u00a0la demanda interpuesta.<\/p><p>En cuanto al abono de la indemnizaci\u00f3n reclamada, la Sala se aleja del criterio orientador de las sanciones pecuniarias previstas en la LISOS y fija una\u00a0indemnizaci\u00f3n creciente en tres tramos:<\/p><p>\u2013 72,34 \u20ac\/d\u00eda, desde el 1-12-2020 (fecha final para la aprobaci\u00f3n del plan de igualdad) hasta el 7-9-2023 (fecha de interposici\u00f3n de la demanda).<\/p><p>\u2013 108,51 \u20ac\/d\u00eda, por el periodo transcurrido desde el d\u00eda siguiente a la fecha de interposici\u00f3n de la demanda hasta la fecha de la sentencia.<\/p><p>\u2013 144,68 \u20ac\/d\u00eda por el periodo transcurrido desde el d\u00eda siguiente a la fecha de la sentencia hasta aqu\u00e9l en que concluya el procedimiento de negociaci\u00f3n y se apruebe el definitivo Plan de Igualdad.<\/p><p>Justifica\u00a0esta decisi\u00f3n por la reiteraci\u00f3n de la conducta empresarial, la imposibilidad de aprobarse un plan de igualdad en plazo y la desprotecci\u00f3n de parte de los trabajadores de la plantilla que no disponen de un plan de igualdad actualizado y aplicable a toda la plantilla. Considera que la fijaci\u00f3n de una indemnizaci\u00f3n \u00fanica no permite alcanzar el fin perseguido que es, junto con la reparaci\u00f3n del da\u00f1o, lograr una negociaci\u00f3n que permita la aprobaci\u00f3n del plan de igualdad.<\/p><p><strong>NOTA. La sentencia es\u00a0recurrible\u00a0en casaci\u00f3n ante el TS.<\/strong><\/p><p><a href=\"https:\/\/online.elderecho.com\/?producto_inicial=*&amp;nref=2023\/761637&amp;acc=null&amp;cd_camp=null\">SAN (SOCIAL) DE 17 NOVIEMBRE DE 2023. EDJ 2023\/761637<\/a><\/p>\t\t\t\t\t\t<\/div>\n\t\t\t\t<\/div>\n\t\t\t\t\t<\/div>\n\t\t<\/div>\n\t\t\t\t\t<\/div>\n\t\t<\/section>\n\t\t\t\t<\/div>\n\t\t","protected":false},"excerpt":{"rendered":"<p>La AN ha declarado que la negativa reiterada de la empresa a facilitar la informaci\u00f3n necesaria para elaborar el diagn\u00f3stico de situaci\u00f3n, y la consiguiente imposibilidad de aprobar el plan de igualdad, vulnera el derecho fundamental del sindicato actor a su libertad sindical en su vertiente de negociaci\u00f3n colectiva. La [&hellip;]<\/p>\n","protected":false},"author":3,"featured_media":0,"comment_status":"open","ping_status":"open","sticky":false,"template":"","format":"standard","meta":{"_jetpack_memberships_contains_paid_content":false,"footnotes":""},"categories":[12],"tags":[],"class_list":["post-5713","post","type-post","status-publish","format-standard","hentry","category-tribunales"],"jetpack_featured_media_url":"","yoast_head":"<!-- This site is optimized with the Yoast SEO plugin v15.2 - https:\/\/yoast.com\/wordpress\/plugins\/seo\/ -->\n<title>La Audiencia Nacional condena a abonar indemnizaci\u00f3n diaria hasta aprobar plan de igualdad -<\/title>\n<meta name=\"robots\" content=\"index, follow, max-snippet:-1, max-image-preview:large, max-video-preview:-1\" \/>\n<link rel=\"canonical\" href=\"https:\/\/sermujerytrabajo.es\/?p=5713\" \/>\n<meta property=\"og:locale\" content=\"es_ES\" \/>\n<meta property=\"og:type\" content=\"article\" \/>\n<meta property=\"og:title\" content=\"La Audiencia Nacional condena a abonar indemnizaci\u00f3n diaria hasta aprobar plan de igualdad -\" \/>\n<meta property=\"og:description\" content=\"La AN ha declarado que la negativa reiterada de la empresa a facilitar la informaci\u00f3n necesaria para elaborar el diagn\u00f3stico de situaci\u00f3n, y la consiguiente imposibilidad de aprobar el plan de igualdad, vulnera el derecho fundamental del sindicato actor a su libertad sindical en su vertiente de negociaci\u00f3n colectiva. La [&hellip;]\" \/>\n<meta property=\"og:url\" content=\"https:\/\/sermujerytrabajo.es\/?p=5713\" \/>\n<meta property=\"article:published_time\" content=\"2024-01-18T08:30:28+00:00\" \/>\n<meta property=\"article:modified_time\" content=\"2024-01-18T08:32:25+00:00\" \/>\n<meta name=\"twitter:card\" content=\"summary_large_image\" \/>\n<meta name=\"twitter:label1\" value=\"Escrito por\">\n\t<meta name=\"twitter:data1\" value=\"Maria Bego\u00f1a Garc\u00eda Gil\">\n\t<meta name=\"twitter:label2\" value=\"Tiempo de lectura\">\n\t<meta name=\"twitter:data2\" value=\"2 minutos\">\n<script type=\"application\/ld+json\" class=\"yoast-schema-graph\">{\"@context\":\"https:\/\/schema.org\",\"@graph\":[{\"@type\":\"Organization\",\"@id\":\"https:\/\/sermujerytrabajo.es\/#organization\",\"name\":\"Ser mujer en el mercado de trabajo\",\"url\":\"https:\/\/sermujerytrabajo.es\/\",\"sameAs\":[],\"logo\":{\"@type\":\"ImageObject\",\"@id\":\"https:\/\/sermujerytrabajo.es\/#logo\",\"inLanguage\":\"es\",\"url\":\"https:\/\/sermujerytrabajo.es\/wp-content\/uploads\/2020\/09\/d134bcc4-4ca2-476c-bef9-f663ae8535d2_200x200.png\",\"width\":200,\"height\":200,\"caption\":\"Ser mujer en el mercado de trabajo\"},\"image\":{\"@id\":\"https:\/\/sermujerytrabajo.es\/#logo\"}},{\"@type\":\"WebSite\",\"@id\":\"https:\/\/sermujerytrabajo.es\/#website\",\"url\":\"https:\/\/sermujerytrabajo.es\/\",\"name\":\"\",\"description\":\"\",\"publisher\":{\"@id\":\"https:\/\/sermujerytrabajo.es\/#organization\"},\"potentialAction\":[{\"@type\":\"SearchAction\",\"target\":\"https:\/\/sermujerytrabajo.es\/?s={search_term_string}\",\"query-input\":\"required name=search_term_string\"}],\"inLanguage\":\"es\"},{\"@type\":\"WebPage\",\"@id\":\"https:\/\/sermujerytrabajo.es\/?p=5713#webpage\",\"url\":\"https:\/\/sermujerytrabajo.es\/?p=5713\",\"name\":\"La Audiencia Nacional condena a abonar indemnizaci\\u00f3n diaria hasta aprobar plan de igualdad -\",\"isPartOf\":{\"@id\":\"https:\/\/sermujerytrabajo.es\/#website\"},\"datePublished\":\"2024-01-18T08:30:28+00:00\",\"dateModified\":\"2024-01-18T08:32:25+00:00\",\"inLanguage\":\"es\",\"potentialAction\":[{\"@type\":\"ReadAction\",\"target\":[\"https:\/\/sermujerytrabajo.es\/?p=5713\"]}]},{\"@type\":\"Article\",\"@id\":\"https:\/\/sermujerytrabajo.es\/?p=5713#article\",\"isPartOf\":{\"@id\":\"https:\/\/sermujerytrabajo.es\/?p=5713#webpage\"},\"author\":{\"@id\":\"https:\/\/sermujerytrabajo.es\/#\/schema\/person\/26a3e2d35cfc624b27a74a1d67c7867d\"},\"headline\":\"La Audiencia Nacional condena a abonar indemnizaci\\u00f3n diaria hasta aprobar plan de igualdad\",\"datePublished\":\"2024-01-18T08:30:28+00:00\",\"dateModified\":\"2024-01-18T08:32:25+00:00\",\"mainEntityOfPage\":{\"@id\":\"https:\/\/sermujerytrabajo.es\/?p=5713#webpage\"},\"publisher\":{\"@id\":\"https:\/\/sermujerytrabajo.es\/#organization\"},\"articleSection\":\"Tribunales\",\"inLanguage\":\"es\",\"potentialAction\":[{\"@type\":\"CommentAction\",\"name\":\"Comment\",\"target\":[\"https:\/\/sermujerytrabajo.es\/?p=5713#respond\"]}]},{\"@type\":\"Person\",\"@id\":\"https:\/\/sermujerytrabajo.es\/#\/schema\/person\/26a3e2d35cfc624b27a74a1d67c7867d\",\"name\":\"Maria Bego\\u00f1a Garc\\u00eda Gil\",\"image\":{\"@type\":\"ImageObject\",\"@id\":\"https:\/\/sermujerytrabajo.es\/#personlogo\",\"inLanguage\":\"es\",\"url\":\"https:\/\/secure.gravatar.com\/avatar\/7474a88b8aa50fe826f30e47589d4051fd5140125777f5b21c317bf835864866?s=96&d=mm&r=g\",\"caption\":\"Maria Bego\\u00f1a Garc\\u00eda Gil\"}}]}<\/script>\n<!-- \/ Yoast SEO plugin. -->","jetpack_sharing_enabled":true,"_links":{"self":[{"href":"https:\/\/sermujerytrabajo.es\/index.php?rest_route=\/wp\/v2\/posts\/5713","targetHints":{"allow":["GET"]}}],"collection":[{"href":"https:\/\/sermujerytrabajo.es\/index.php?rest_route=\/wp\/v2\/posts"}],"about":[{"href":"https:\/\/sermujerytrabajo.es\/index.php?rest_route=\/wp\/v2\/types\/post"}],"author":[{"embeddable":true,"href":"https:\/\/sermujerytrabajo.es\/index.php?rest_route=\/wp\/v2\/users\/3"}],"replies":[{"embeddable":true,"href":"https:\/\/sermujerytrabajo.es\/index.php?rest_route=%2Fwp%2Fv2%2Fcomments&post=5713"}],"version-history":[{"count":3,"href":"https:\/\/sermujerytrabajo.es\/index.php?rest_route=\/wp\/v2\/posts\/5713\/revisions"}],"predecessor-version":[{"id":5717,"href":"https:\/\/sermujerytrabajo.es\/index.php?rest_route=\/wp\/v2\/posts\/5713\/revisions\/5717"}],"wp:attachment":[{"href":"https:\/\/sermujerytrabajo.es\/index.php?rest_route=%2Fwp%2Fv2%2Fmedia&parent=5713"}],"wp:term":[{"taxonomy":"category","embeddable":true,"href":"https:\/\/sermujerytrabajo.es\/index.php?rest_route=%2Fwp%2Fv2%2Fcategories&post=5713"},{"taxonomy":"post_tag","embeddable":true,"href":"https:\/\/sermujerytrabajo.es\/index.php?rest_route=%2Fwp%2Fv2%2Ftags&post=5713"}],"curies":[{"name":"wp","href":"https:\/\/api.w.org\/{rel}","templated":true}]}}