{"id":5966,"date":"2024-03-25T10:08:50","date_gmt":"2024-03-25T08:08:50","guid":{"rendered":"https:\/\/sermujerytrabajo.es\/?p=5966"},"modified":"2024-03-25T10:23:15","modified_gmt":"2024-03-25T08:23:15","slug":"ley-europea-de-inteligencia-artificial","status":"publish","type":"post","link":"https:\/\/sermujerytrabajo.es\/?p=5966","title":{"rendered":"LEY EUROPEA DE INTELIGENCIA ARTIFICIAL"},"content":{"rendered":"\t\t<div data-elementor-type=\"wp-post\" data-elementor-id=\"5966\" class=\"elementor elementor-5966\">\n\t\t\t\t\t\t<section class=\"elementor-section elementor-top-section elementor-element elementor-element-ef1f967 elementor-section-boxed elementor-section-height-default elementor-section-height-default\" data-id=\"ef1f967\" data-element_type=\"section\">\n\t\t\t\t\t\t<div class=\"elementor-container elementor-column-gap-default\">\n\t\t\t\t\t<div class=\"elementor-column elementor-col-100 elementor-top-column elementor-element elementor-element-39d17ed\" data-id=\"39d17ed\" data-element_type=\"column\">\n\t\t\t<div class=\"elementor-widget-wrap elementor-element-populated\">\n\t\t\t\t\t\t<div class=\"elementor-element elementor-element-bf888ed elementor-widget elementor-widget-image\" data-id=\"bf888ed\" data-element_type=\"widget\" data-widget_type=\"image.default\">\n\t\t\t\t<div class=\"elementor-widget-container\">\n\t\t\t\t\t\t\t\t\t\t\t\t\t<img fetchpriority=\"high\" decoding=\"async\" width=\"357\" height=\"234\" src=\"https:\/\/sermujerytrabajo.es\/wp-content\/uploads\/2024\/03\/ley-inteligencia.jpg\" class=\"attachment-large size-large wp-image-5968\" alt=\"\" srcset=\"https:\/\/sermujerytrabajo.es\/wp-content\/uploads\/2024\/03\/ley-inteligencia.jpg 357w, https:\/\/sermujerytrabajo.es\/wp-content\/uploads\/2024\/03\/ley-inteligencia-300x197.jpg 300w\" sizes=\"(max-width: 357px) 100vw, 357px\" \/>\t\t\t\t\t\t\t\t\t\t\t\t\t<\/div>\n\t\t\t\t<\/div>\n\t\t\t\t\t<\/div>\n\t\t<\/div>\n\t\t\t\t\t<\/div>\n\t\t<\/section>\n\t\t\t\t<section class=\"elementor-section elementor-top-section elementor-element elementor-element-8ab3bd2 elementor-section-boxed elementor-section-height-default elementor-section-height-default\" data-id=\"8ab3bd2\" data-element_type=\"section\">\n\t\t\t\t\t\t<div class=\"elementor-container elementor-column-gap-default\">\n\t\t\t\t\t<div class=\"elementor-column elementor-col-100 elementor-top-column elementor-element elementor-element-825c6ea\" data-id=\"825c6ea\" data-element_type=\"column\">\n\t\t\t<div class=\"elementor-widget-wrap elementor-element-populated\">\n\t\t\t\t\t\t<div class=\"elementor-element elementor-element-0c897c0 elementor-widget elementor-widget-text-editor\" data-id=\"0c897c0\" data-element_type=\"widget\" data-widget_type=\"text-editor.default\">\n\t\t\t\t<div class=\"elementor-widget-container\">\n\t\t\t\t\t\t\t<p data-mrf-recirculation=\"links-parrafos\">El d\u00eda esperado ha llegado. El Parlamento Europeo acaba de dar luz verde a lo que es<span>\u00a0<\/span><strong>la primera ley que regula la IA en el continente<\/strong>, el Reglamento Europeo de la Inteligencia Artificial,<span>\u00a0<\/span><a href=\"https:\/\/www.elconfidencial.com\/tecnologia\/2023-12-08\/ue-acuerdo-inteligencia-artificial_3789650\/\" target=\"_self\" data-mrf-link=\"https:\/\/www.elconfidencial.com\/tecnologia\/2023-12-08\/ue-acuerdo-inteligencia-artificial_3789650\/\" cmp-ltrk=\"links-parrafos\" cmp-ltrk-idx=\"0\" mrfobservableid=\"bd922276-b7c2-4642-8a4a-69b9ccb83fa7\">un marco legislativo ya acordado el 8 de diciembre del a\u00f1o pasado<\/a><span>\u00a0<\/span>por la Comisi\u00f3n, el Consejo y el propio Parlamento Europeo. \u00bfLa misi\u00f3n? Limitar los peligros de esta tecnolog\u00eda sin perjudicar la innovaci\u00f3n. El voto en el pleno de la Euroc\u00e1mara era el \u00faltimo tr\u00e1mite pendiente para la adopci\u00f3n de la normativa europea, que se acord\u00f3 tras unas maratonianas negociaciones en los \u00faltimos d\u00edas de la presidencia espa\u00f1ola del Consejo de la Uni\u00f3n Europea a finales de 2023, con Carme Artigas, entonces secretaria de Estado de Digitalizaci\u00f3n, al frente de los trabajos para poner de acuerdo a los Estados miembros y a los negociadores del Parlamento Europeo.<\/p><p><span>\u00a0<\/span><\/p><p data-mrf-recirculation=\"links-parrafos\">Aprobada con una<span>\u00a0<\/span><strong>abrumadora mayor\u00eda<\/strong><span>\u00a0<\/span>(523 votos a favor, 46 en contra y 49 abstenciones), esta nueva regulaci\u00f3n para el uso de sistemas de IA en los Estados miembros de la UE tiene como objetivo<span>\u00a0<\/span><a href=\"https:\/\/www.elconfidencial.com\/tecnologia\/2023-12-12\/criticas-ley-ia-inteligencia-artificial-union-europea_3790477\/\" target=\"_self\" data-mrf-link=\"https:\/\/www.elconfidencial.com\/tecnologia\/2023-12-12\/criticas-ley-ia-inteligencia-artificial-union-europea_3790477\/\" cmp-ltrk=\"links-parrafos\" cmp-ltrk-idx=\"1\" mrfobservableid=\"4bc099ba-4482-4176-9f89-81c8555a4c31\">sentar las bases de esta nueva industria incipiente que est\u00e1 moldeando la tecnolog\u00eda y la sociedad a pasos agigantados<\/a>, priorizando la seguridad, la transparencia y la responsabilidad. \u00abLa ley regular\u00e1 la IA en base a sus riesgos. Cuanto mayor sea el riesgo, m\u00e1s estrictas ser\u00e1n las normas\u00bb, hab\u00eda avisado la instituci\u00f3n cuando se redact\u00f3 el texto legislativo.<\/p><p><span>\u00a0<\/span><\/p><p data-mrf-recirculation=\"links-parrafos\">\u00abLa Ley Europea de Inteligencia Artificial es un triunfo de la democracia europea, una norma que ha sido compleja de realizar y negociar, pero que finalmente hemos conseguido sacar adelante y ser los primeros en el mundo en hacerlo. Una norma que generar\u00e1 confianza para los ciudadanos, proteger\u00e1 sus derechos, y seguridad jur\u00eddica para inversores e innovadores\u00bb, ha se\u00f1alado Iban Garc\u00eda del Blanco, eurodiputado del PSOE que particip\u00f3 en las negociaciones.<\/p><p><span>\u00a0<\/span><\/p><p data-mrf-recirculation=\"links-parrafos\">La negociaci\u00f3n fue muy compleja e, incluso, cuando se cerr\u00f3 el acuerdo en diciembre, algunos Estados miembros, como Francia o Alemania,<span>\u00a0<\/span><strong>plantearon dudas sobre el compromiso<\/strong><span>\u00a0<\/span>que se hab\u00eda alcanzado con la Euroc\u00e1mara. Teniendo en cuenta los recientes precedentes en los que un acuerdo pol\u00edtico cerrado en \u00abtr\u00edlogos\u00bb, es decir, las negociaciones entre las distintas instituciones, ha sido incapaz de obtener la mayor\u00eda necesaria para ser aprobada en el Consejo, hab\u00eda cierto nerviosismo sobre la viabilidad del acuerdo. Despu\u00e9s de que Emmanuel Macron, presidente franc\u00e9s, asegurara que la ley afectar\u00eda a la innovaci\u00f3n, Margrethe Vestager, vicepresidenta ejecutiva de la Comisi\u00f3n Europea, tuvo que salir a defender el texto se\u00f1alando que \u00ab<strong>no perjudica la innovaci\u00f3n<\/strong><span>\u00a0<\/span>y la investigaci\u00f3n, sino que las potencia\u00bb.<\/p><div class=\"bodyObject contestSubs\"><div class=\"tp-container-inner\">A grandes rasgos, la ley proh\u00edbe de manera oficial los <strong>sistemas algor\u00edtmicos que vulneren los derechos fundamentales<\/strong>, como los<a href=\"https:\/\/www.elconfidencial.com\/mundo\/2017-11-09\/china-prepara-un-carne-por-puntos-que-distinga-entre-buenos-y-malos-ciudadanos_1474811\/\" target=\"_self\" data-mrf-link=\"https:\/\/www.elconfidencial.com\/mundo\/2017-11-09\/china-prepara-un-carne-por-puntos-que-distinga-entre-buenos-y-malos-ciudadanos_1474811\/\" cmp-ltrk=\"links-parrafos\" cmp-ltrk-idx=\"4\" mrfobservableid=\"89857040-66c2-48fe-8da0-c965317199dc\">\u00a0sistemas de puntuaci\u00f3n social<\/a>, el reconocimiento de emociones, la vigilancia policial predictiva o el rastreo de\u00a0<a href=\"https:\/\/blogs.elconfidencial.com\/juridico\/tribuna\/2024-03-13\/worldcoin-y-el-precio-de-tus-datos-biometricos_3847659\/\" target=\"_self\" data-mrf-link=\"https:\/\/blogs.elconfidencial.com\/juridico\/tribuna\/2024-03-13\/worldcoin-y-el-precio-de-tus-datos-biometricos_3847659\/\" cmp-ltrk=\"links-parrafos\" cmp-ltrk-idx=\"5\" mrfobservableid=\"9a4bf19c-5378-41f5-8485-12d3c45019c9\">datos biom\u00e9tricos<\/a>\u00a0para inferir la raza, orientaci\u00f3n sexual u opiniones pol\u00edticas de personas. Por ejemplo, los que puedan influir en el resultado de unas elecciones o los que empleen las entidades financieras para evaluar la solvencia y la calificaci\u00f3n crediticia de clientes.<\/div><\/div><p><span>\u00a0<\/span><\/p><p data-mrf-recirculation=\"links-parrafos\">Sin embargo, se deja en el tintero cuestiones peliagudas y muy debatidas como la defensa de los derechos de autor, en un momento en el que los modelos de IA generativa de im\u00e1genes, v\u00eddeo y texto<span>\u00a0<\/span><a href=\"https:\/\/www.elconfidencial.com\/tecnologia\/2024-03-07\/reddit-venta-inteligencia-artificial-datos-internet_3843674\/\" target=\"_self\" data-mrf-link=\"https:\/\/www.elconfidencial.com\/tecnologia\/2024-03-07\/reddit-venta-inteligencia-artificial-datos-internet_3843674\/\" cmp-ltrk=\"links-parrafos\" cmp-ltrk-idx=\"6\" mrfobservableid=\"fb16ff48-7f9a-45a0-99c9-e5576cae2b88\">est\u00e1n siendo entrenados con los datos de la web<\/a><span>\u00a0<\/span>sin miramiento alguno.<\/p><p><span>\u00a0<\/span><\/p><p data-mrf-recirculation=\"links-parrafos\">Concretamente, la nueva ley establece distintos requisitos y obligaciones a las aplicaciones de IA en funci\u00f3n de los riesgos que presente su uso. Lo hace mediante un nuevo sistema que clasifica los riesgos asociados con los usos de la IA en diferentes niveles para determinar<span>\u00a0<\/span><strong>la peligrosidad que entra\u00f1an<\/strong><span>\u00a0<\/span>y, por lo tanto, si se proh\u00edben o no: riesgo inaceptable, alto, limitado y m\u00ednimo.<\/p><p data-mrf-recirculation=\"links-parrafos\">En la escala m\u00e1s alta se encuentran los sistemas de<span>\u00a0<\/span><strong>identificaci\u00f3n biom\u00e9trica remota<\/strong>, algo que el Parlamento quer\u00eda prohibir de manera dr\u00e1stica desde un principio. Aunque s\u00ed permite que las fuerzas del orden puedan emplear c\u00e1maras de identificaci\u00f3n biom\u00e9trica con previa autorizaci\u00f3n judicial con el fin de prevenir una amenaza terrorista inminente.<\/p><p><span>\u00a0<\/span><\/p><p data-mrf-recirculation=\"links-parrafos\">Tambi\u00e9n quedan terminantemente prohibidos los<span>\u00a0<\/span><a href=\"https:\/\/elpais.com\/tecnologia\/2024-03-13\/el-parlamento-europeo-vota-una-historica-ley-de-inteligencia-artificial-sin-resolver-dilemas-clave.html\" target=\"_blank\" rel=\"nofollow noopener\" data-mrf-link=\"https:\/\/elpais.com\/tecnologia\/2024-03-13\/el-parlamento-europeo-vota-una-historica-ley-de-inteligencia-artificial-sin-resolver-dilemas-clave.html\" cmp-ltrk=\"links-parrafos\" cmp-ltrk-idx=\"7\" mrfobservableid=\"f8a38b06-d65f-4562-9503-ec3d362d9b26\">sistemas que afecten a la seguridad de las infraestructuras cr\u00edticas<\/a><span>\u00a0<\/span>y los relacionados con la educaci\u00f3n (evaluaci\u00f3n de comportamientos, sistemas de admisi\u00f3n y ex\u00e1menes), el empleo (selecci\u00f3n de personal) y la prestaci\u00f3n de servicios p\u00fablicos esenciales, la aplicaci\u00f3n de la ley o la gesti\u00f3n de la migraci\u00f3n.<\/p><section class=\"htmlWrapper\"><blockquote class=\"twitter-tweet\"><p>Y, en la escala de riesgo m\u00e1s bajo, se encuentran funciones como los <strong>filtros de\u00a0<em>spam<\/em>\u00a0o los detectores de duplicados de textos<\/strong>\u00a0que, seg\u00fan la ley,\u00a0<a href=\"https:\/\/www.elperiodico.com\/es\/internacional\/20240313\/europa-parlamento-europeo-aprueba-ley-inteligencia-artificial-regulacion-ia-chatgpt-bruselas-union-europea-99388849\" target=\"_blank\" rel=\"nofollow noopener\" data-mrf-link=\"https:\/\/www.elperiodico.com\/es\/internacional\/20240313\/europa-parlamento-europeo-aprueba-ley-inteligencia-artificial-regulacion-ia-chatgpt-bruselas-union-europea-99388849\" cmp-ltrk=\"links-parrafos\" cmp-ltrk-idx=\"8\" mrfobservableid=\"720d7ea2-a561-4710-bc1d-f41a32089fb9\">se pueden usar sin restricci\u00f3n alguna<\/a>\u00a0siempre y cuando los proveedores informen a los usuarios de que est\u00e1n manejando una herramienta de IA. El reglamento tambi\u00e9n establece una serie de obligaciones para los sistemas de IA generativa en los que se basan programas como ChatGPT, de la empresa OpenAI, o Gemini, de Google. Por ejemplo,\u00a0<a href=\"https:\/\/www.xataka.com\/robotica-e-ia\/google-ha-creado-primera-marca-agua-para-ia-invisible-para-ojo-humano-no-para-maquinas\" target=\"_blank\" rel=\"nofollow noopener\" data-mrf-link=\"https:\/\/www.xataka.com\/robotica-e-ia\/google-ha-creado-primera-marca-agua-para-ia-invisible-para-ojo-humano-no-para-maquinas\" cmp-ltrk=\"links-parrafos\" cmp-ltrk-idx=\"9\" mrfobservableid=\"8b15a3fc-10ba-4ceb-932c-e2f566a88aed\">tendr\u00e1n que especificar si un texto, una canci\u00f3n o una fotograf\u00eda se han generado a trav\u00e9s de la IA<\/a>.<\/p><\/blockquote><\/section><p><span>\u00a0<\/span><\/p><p data-mrf-recirculation=\"links-parrafos\">La instituci\u00f3n tambi\u00e9n ha dado a conocer las<span>\u00a0<\/span><strong>sanciones<span>\u00a0<\/span><\/strong>que conllevar\u00e1 el no cumplimiento de la ley, con<span>\u00a0<\/span><a href=\"https:\/\/www.elespanol.com\/invertia\/disruptores-innovadores\/politica-digital\/europa\/20240312\/ley-europea-ia-vuelve-protagonizar-debate-parlamento-avanza-camino-legislativo\/837916289_0.html\" target=\"_blank\" rel=\"nofollow noopener\" data-mrf-link=\"https:\/\/www.elespanol.com\/invertia\/disruptores-innovadores\/politica-digital\/europa\/20240312\/ley-europea-ia-vuelve-protagonizar-debate-parlamento-avanza-camino-legislativo\/837916289_0.html\" cmp-ltrk=\"links-parrafos\" cmp-ltrk-idx=\"10\" mrfobservableid=\"c8091de3-b854-4c9d-b008-2ae03b76706b\">multas de hasta 7,5 millones de euros o el 1,5% del volumen del negocio<\/a>, hasta los 35 millones o el 7% del volumen de negocio, dependiendo de la infracci\u00f3n y del tama\u00f1o de la empresa. Todo ello ser\u00e1 gestionado a trav\u00e9s de la AI Office, la entidad creada espec\u00edficamente para velar por el cumplimiento de la norma.<\/p><p><span>\u00a0<\/span><\/p><p data-mrf-recirculation=\"links-parrafos\">\u201cEs el resultado de a\u00f1os de preparaci\u00f3n, consultas y negociaciones, incluido el hist\u00f3rico di\u00e1logo final a tres bandas de 38 horas de diciembre\u201d, destacaba el comisario europeo de Mercado Interior, Thierry Breton. Hace hincapi\u00e9 en que, a lo largo del proceso, han \u201cresistido a los intereses especiales y a los grupos de presi\u00f3n que ped\u00edan excluir del reglamento los grandes modelos de IA\u201d. El franc\u00e9s ha escrito al aprobarse el texto que \u00abEuropa es ahora un referente mundial en IA\u00bb. \u00abEstamos regulando lo menos posible, pero tanto como sea necesario\u00bb, ha subrayado el comisario. En la misma l\u00ednea, la directora general adjunta de la Organizaci\u00f3n Europea de Consumidores (BEUC), Ursula Pachl,<span>\u00a0<\/span><a href=\"https:\/\/www.euronews.com\/my-europe\/2024\/03\/13\/lawmakers-approve-ai-act-with-overwhelming-majority\" target=\"_blank\" rel=\"nofollow noopener\" data-mrf-link=\"https:\/\/www.euronews.com\/my-europe\/2024\/03\/13\/lawmakers-approve-ai-act-with-overwhelming-majority\" cmp-ltrk=\"links-parrafos\" cmp-ltrk-idx=\"11\" mrfobservableid=\"20a65264-0721-4ddc-bbb8-b270a928e421\">ha se\u00f1alado que, con esta ley<\/a>, la UE \u201cest\u00e1 dejando claro que una tecnolog\u00eda tan potente como la IA, con todas sus ventajas, necesita unos l\u00edmites\u201d.<\/p><p data-mrf-recirculation=\"links-parrafos\"><a href=\"https:\/\/www.elconfidencial.com\/tecnologia\/2024-03-13\/parlamento-europeo-aprueba-ley-de-la-ia-regulacion_3847943\/\">FUENTE<\/a><\/p>\t\t\t\t\t\t<\/div>\n\t\t\t\t<\/div>\n\t\t\t\t\t<\/div>\n\t\t<\/div>\n\t\t\t\t\t<\/div>\n\t\t<\/section>\n\t\t\t\t<\/div>\n\t\t","protected":false},"excerpt":{"rendered":"<p>El d\u00eda esperado ha llegado. El Parlamento Europeo acaba de dar luz verde a lo que es\u00a0la primera ley que regula la IA en el continente, el Reglamento Europeo de la Inteligencia Artificial,\u00a0un marco legislativo ya acordado el 8 de diciembre del a\u00f1o pasado\u00a0por la Comisi\u00f3n, el Consejo y el [&hellip;]<\/p>\n","protected":false},"author":3,"featured_media":5968,"comment_status":"open","ping_status":"open","sticky":false,"template":"","format":"standard","meta":{"_jetpack_memberships_contains_paid_content":false,"footnotes":""},"categories":[13],"tags":[],"class_list":["post-5966","post","type-post","status-publish","format-standard","has-post-thumbnail","hentry","category-noticias-internacional"],"jetpack_featured_media_url":"https:\/\/sermujerytrabajo.es\/wp-content\/uploads\/2024\/03\/ley-inteligencia.jpg","yoast_head":"<!-- This site is optimized with the Yoast SEO plugin v15.2 - https:\/\/yoast.com\/wordpress\/plugins\/seo\/ -->\n<title>LEY EUROPEA DE INTELIGENCIA ARTIFICIAL -<\/title>\n<meta name=\"robots\" content=\"index, follow, max-snippet:-1, max-image-preview:large, max-video-preview:-1\" \/>\n<link rel=\"canonical\" href=\"https:\/\/sermujerytrabajo.es\/?p=5966\" \/>\n<meta property=\"og:locale\" content=\"es_ES\" \/>\n<meta property=\"og:type\" content=\"article\" \/>\n<meta property=\"og:title\" content=\"LEY EUROPEA DE INTELIGENCIA ARTIFICIAL -\" \/>\n<meta property=\"og:description\" content=\"El d\u00eda esperado ha llegado. El Parlamento Europeo acaba de dar luz verde a lo que es\u00a0la primera ley que regula la IA en el continente, el Reglamento Europeo de la Inteligencia Artificial,\u00a0un marco legislativo ya acordado el 8 de diciembre del a\u00f1o pasado\u00a0por la Comisi\u00f3n, el Consejo y el [&hellip;]\" \/>\n<meta property=\"og:url\" content=\"https:\/\/sermujerytrabajo.es\/?p=5966\" \/>\n<meta property=\"article:published_time\" content=\"2024-03-25T08:08:50+00:00\" \/>\n<meta property=\"article:modified_time\" content=\"2024-03-25T08:23:15+00:00\" \/>\n<meta property=\"og:image\" content=\"https:\/\/sermujerytrabajo.es\/wp-content\/uploads\/2024\/03\/ley-inteligencia.jpg\" \/>\n\t<meta property=\"og:image:width\" content=\"357\" \/>\n\t<meta property=\"og:image:height\" content=\"234\" \/>\n<meta name=\"twitter:card\" content=\"summary_large_image\" \/>\n<meta name=\"twitter:label1\" value=\"Escrito por\">\n\t<meta name=\"twitter:data1\" value=\"Maria Bego\u00f1a Garc\u00eda Gil\">\n\t<meta name=\"twitter:label2\" value=\"Tiempo de lectura\">\n\t<meta name=\"twitter:data2\" value=\"4 minutos\">\n<script type=\"application\/ld+json\" class=\"yoast-schema-graph\">{\"@context\":\"https:\/\/schema.org\",\"@graph\":[{\"@type\":\"Organization\",\"@id\":\"https:\/\/sermujerytrabajo.es\/#organization\",\"name\":\"Ser mujer en el mercado de trabajo\",\"url\":\"https:\/\/sermujerytrabajo.es\/\",\"sameAs\":[],\"logo\":{\"@type\":\"ImageObject\",\"@id\":\"https:\/\/sermujerytrabajo.es\/#logo\",\"inLanguage\":\"es\",\"url\":\"https:\/\/sermujerytrabajo.es\/wp-content\/uploads\/2020\/09\/d134bcc4-4ca2-476c-bef9-f663ae8535d2_200x200.png\",\"width\":200,\"height\":200,\"caption\":\"Ser mujer en el mercado de trabajo\"},\"image\":{\"@id\":\"https:\/\/sermujerytrabajo.es\/#logo\"}},{\"@type\":\"WebSite\",\"@id\":\"https:\/\/sermujerytrabajo.es\/#website\",\"url\":\"https:\/\/sermujerytrabajo.es\/\",\"name\":\"\",\"description\":\"\",\"publisher\":{\"@id\":\"https:\/\/sermujerytrabajo.es\/#organization\"},\"potentialAction\":[{\"@type\":\"SearchAction\",\"target\":\"https:\/\/sermujerytrabajo.es\/?s={search_term_string}\",\"query-input\":\"required name=search_term_string\"}],\"inLanguage\":\"es\"},{\"@type\":\"ImageObject\",\"@id\":\"https:\/\/sermujerytrabajo.es\/?p=5966#primaryimage\",\"inLanguage\":\"es\",\"url\":\"https:\/\/sermujerytrabajo.es\/wp-content\/uploads\/2024\/03\/ley-inteligencia.jpg\",\"width\":357,\"height\":234},{\"@type\":\"WebPage\",\"@id\":\"https:\/\/sermujerytrabajo.es\/?p=5966#webpage\",\"url\":\"https:\/\/sermujerytrabajo.es\/?p=5966\",\"name\":\"LEY EUROPEA DE INTELIGENCIA ARTIFICIAL -\",\"isPartOf\":{\"@id\":\"https:\/\/sermujerytrabajo.es\/#website\"},\"primaryImageOfPage\":{\"@id\":\"https:\/\/sermujerytrabajo.es\/?p=5966#primaryimage\"},\"datePublished\":\"2024-03-25T08:08:50+00:00\",\"dateModified\":\"2024-03-25T08:23:15+00:00\",\"inLanguage\":\"es\",\"potentialAction\":[{\"@type\":\"ReadAction\",\"target\":[\"https:\/\/sermujerytrabajo.es\/?p=5966\"]}]},{\"@type\":\"Article\",\"@id\":\"https:\/\/sermujerytrabajo.es\/?p=5966#article\",\"isPartOf\":{\"@id\":\"https:\/\/sermujerytrabajo.es\/?p=5966#webpage\"},\"author\":{\"@id\":\"https:\/\/sermujerytrabajo.es\/#\/schema\/person\/26a3e2d35cfc624b27a74a1d67c7867d\"},\"headline\":\"LEY EUROPEA DE INTELIGENCIA ARTIFICIAL\",\"datePublished\":\"2024-03-25T08:08:50+00:00\",\"dateModified\":\"2024-03-25T08:23:15+00:00\",\"mainEntityOfPage\":{\"@id\":\"https:\/\/sermujerytrabajo.es\/?p=5966#webpage\"},\"publisher\":{\"@id\":\"https:\/\/sermujerytrabajo.es\/#organization\"},\"image\":{\"@id\":\"https:\/\/sermujerytrabajo.es\/?p=5966#primaryimage\"},\"articleSection\":\"Noticias Internacional\",\"inLanguage\":\"es\",\"potentialAction\":[{\"@type\":\"CommentAction\",\"name\":\"Comment\",\"target\":[\"https:\/\/sermujerytrabajo.es\/?p=5966#respond\"]}]},{\"@type\":\"Person\",\"@id\":\"https:\/\/sermujerytrabajo.es\/#\/schema\/person\/26a3e2d35cfc624b27a74a1d67c7867d\",\"name\":\"Maria Bego\\u00f1a Garc\\u00eda Gil\",\"image\":{\"@type\":\"ImageObject\",\"@id\":\"https:\/\/sermujerytrabajo.es\/#personlogo\",\"inLanguage\":\"es\",\"url\":\"https:\/\/secure.gravatar.com\/avatar\/7474a88b8aa50fe826f30e47589d4051fd5140125777f5b21c317bf835864866?s=96&d=mm&r=g\",\"caption\":\"Maria Bego\\u00f1a Garc\\u00eda Gil\"}}]}<\/script>\n<!-- \/ Yoast SEO plugin. -->","jetpack_sharing_enabled":true,"_links":{"self":[{"href":"https:\/\/sermujerytrabajo.es\/index.php?rest_route=\/wp\/v2\/posts\/5966","targetHints":{"allow":["GET"]}}],"collection":[{"href":"https:\/\/sermujerytrabajo.es\/index.php?rest_route=\/wp\/v2\/posts"}],"about":[{"href":"https:\/\/sermujerytrabajo.es\/index.php?rest_route=\/wp\/v2\/types\/post"}],"author":[{"embeddable":true,"href":"https:\/\/sermujerytrabajo.es\/index.php?rest_route=\/wp\/v2\/users\/3"}],"replies":[{"embeddable":true,"href":"https:\/\/sermujerytrabajo.es\/index.php?rest_route=%2Fwp%2Fv2%2Fcomments&post=5966"}],"version-history":[{"count":3,"href":"https:\/\/sermujerytrabajo.es\/index.php?rest_route=\/wp\/v2\/posts\/5966\/revisions"}],"predecessor-version":[{"id":5972,"href":"https:\/\/sermujerytrabajo.es\/index.php?rest_route=\/wp\/v2\/posts\/5966\/revisions\/5972"}],"wp:featuredmedia":[{"embeddable":true,"href":"https:\/\/sermujerytrabajo.es\/index.php?rest_route=\/wp\/v2\/media\/5968"}],"wp:attachment":[{"href":"https:\/\/sermujerytrabajo.es\/index.php?rest_route=%2Fwp%2Fv2%2Fmedia&parent=5966"}],"wp:term":[{"taxonomy":"category","embeddable":true,"href":"https:\/\/sermujerytrabajo.es\/index.php?rest_route=%2Fwp%2Fv2%2Fcategories&post=5966"},{"taxonomy":"post_tag","embeddable":true,"href":"https:\/\/sermujerytrabajo.es\/index.php?rest_route=%2Fwp%2Fv2%2Ftags&post=5966"}],"curies":[{"name":"wp","href":"https:\/\/api.w.org\/{rel}","templated":true}]}}