{"id":5981,"date":"2024-03-30T12:25:57","date_gmt":"2024-03-30T10:25:57","guid":{"rendered":"https:\/\/sermujerytrabajo.es\/?p=5981"},"modified":"2024-03-30T12:31:15","modified_gmt":"2024-03-30T10:31:15","slug":"feliz-dia-a-las-empleadas-de-hogar-seguimos-apostando-por-garantizar-vuestros-derechos","status":"publish","type":"post","link":"https:\/\/sermujerytrabajo.es\/?p=5981","title":{"rendered":"FELIZ D\u00cdA A LAS EMPLEADAS DE HOGAR: SEGUIMOS APOYANDO QUE SE GARANTICEN VUESTROS DERECHOS LABORALES"},"content":{"rendered":"\t\t<div data-elementor-type=\"wp-post\" data-elementor-id=\"5981\" class=\"elementor elementor-5981\">\n\t\t\t\t\t\t<section class=\"elementor-section elementor-top-section elementor-element elementor-element-68b8b65 elementor-section-boxed elementor-section-height-default elementor-section-height-default\" data-id=\"68b8b65\" data-element_type=\"section\">\n\t\t\t\t\t\t<div class=\"elementor-container elementor-column-gap-default\">\n\t\t\t\t\t<div class=\"elementor-column elementor-col-100 elementor-top-column elementor-element elementor-element-5e63f28\" data-id=\"5e63f28\" data-element_type=\"column\">\n\t\t\t<div class=\"elementor-widget-wrap elementor-element-populated\">\n\t\t\t\t\t\t<div class=\"elementor-element elementor-element-567424c elementor-widget elementor-widget-text-editor\" data-id=\"567424c\" data-element_type=\"widget\" data-widget_type=\"text-editor.default\">\n\t\t\t\t<div class=\"elementor-widget-container\">\n\t\t\t\t\t\t\t<div class=\"article-image-slot image-slot-placeholder\" data-is-first=\"true\" data-doc-id=\"cms\/api\/amp\/image\/BB1kN1Lf\"><div class=\"article-image-slot\" slot=\"BB1kN8Q5-image-cms\/api\/amp\/image\/BB1kN1Lf\"><p><cp-article-image :target=\"\"><\/cp-article-image><\/p><div class=\"article-image-container \" data-t=\"{\" n=\"\" :=\"\" openmodal=\"\" t=\"\" :13=\"\" c=\"\" i=\"\" bb1kn8q5=\"\" v=\"\" finance=\"\" finance-economy=\"\" b=\"\" aa1xwjc=\"\" hl=\"\" empleadas=\"\" del=\"\" hogar:=\"\" un=\"\" trabajo=\"\" silencioso=\"\" y=\"\" con=\"\" lagunas=\"\" laborales=\"\" data-test-id=\"BB1kN1Lf\"><p><a role=\"button\" class=\"image_switchModeLinkContainer\" target=\"_self\" aria-label=\"Una empleada del hogar trabajando.\" data-t=\"{\" n=\"\" :=\"\" destination=\"\" t=\"\" :14=\"\" b=\"\" :1=\"\" c=\"\" i=\"\" bb1kn8q5=\"\" v=\"\" finance=\"\" finance-economy=\"\" aa1xwjc=\"\" hl=\"\" empleadas=\"\" del=\"\" hogar:=\"\" un=\"\" trabajo=\"\" silencioso=\"\" y=\"\" con=\"\" lagunas=\"\" laborales=\"\" data-customhandled=\"true\" title=\"Pantalla completa\" tabindex=\"0\"><img decoding=\"async\" alt=\"Fullscreen button\" aria-hidden=\"true\" src=\"https:\/\/assets.msn.com\/staticsb\/statics\/latest\/views\/icons\/ArticleImageFullscreen.svg\" \/><\/a><\/p><div data-customhandled=\"true\" class=\"article-image-height-wrapper expandable article-image-height-wrapper-new\" data-t=\"{\" n=\"\" :=\"\" destination=\"\" t=\"\" :14=\"\" b=\"\" :1=\"\" c=\"\" i=\"\" bb1kn8q5=\"\" v=\"\" finance=\"\" finance-economy=\"\" aa1xwjc=\"\" hl=\"\" empleadas=\"\" del=\"\" hogar:=\"\" un=\"\" trabajo=\"\" silencioso=\"\" y=\"\" con=\"\" lagunas=\"\" laborales=\"\"><div><\/div><p><img decoding=\"async\" class=\"article-image article-image-ux-impr article-image-new expandable\" src=\"https:\/\/img-s-msn-com.akamaized.net\/tenant\/amp\/entityid\/BB1kN1Lf.img?w=768&amp;h=409&amp;m=6\" alt=\"Una empleada del hogar trabajando.\" title=\"Una empleada del hogar trabajando.\" loading=\"eager\" \/><\/p><\/div><div class=\"image-caption-container image-caption-container-ux-impr articlewc-image-caption-container \"><span class=\"image-caption\">Una empleada del hogar trabajando.<\/span><span class=\"image-attribution image-attribution-ux-impr\">\u00a9<span>\u00a0<\/span>ISTOCKPHOTO THINKSTOCK<\/span><\/div><\/div><p><\/p><\/div><\/div><p data-t=\"{\" n=\"\" :=\"\" bluelinks=\"\">No estar dadas de alta en la Seguridad Social, bajos salarios o sin descanso semanal. Son algunas de las irregularidades a las que se enfrentan las empleadas del hogar, hoy es su d\u00eda Internacional para visibilizar su trabajo. En Espa\u00f1a, el trabajo dom\u00e9stico representa menos del 2%; la mayor\u00eda son inmigrantes, con un alto porcentaje de internas.<\/p><div class=\"intra-article-module\" data-t=\"{\" n=\"\" :=\"\" intraarticle=\"\" t=\"\" :13=\"\"><p><slot name=\"BB1kN8Q5-intraArticleModule-0\"><\/slot><\/p><div slot=\"BB1kN8Q5-intraArticleModule-0\" class=\"articlePageIntraArticleFullWidth ad-slot-placeholder left-image-intra-ad\"><div class=\"intra-article-ad-full left-image-intra-ad\"><p><\/p><p><\/p><\/div><\/div><p><\/p><\/div><p data-t=\"{\" n=\"\" :=\"\" bluelinks=\"\">Son requeridas para hacerse cargo de mayores o de personas con discapacidad. La realidad y la legislaci\u00f3n vigente no est\u00e1n del todo equiparadas; incluso hay lagunas. Lo perciben en la asesor\u00eda jur\u00eddica de la Casa de la Mujer de Zaragoza. Sira Hern\u00e1ez, una de sus abogadas, explica que \u00aben el contrato se deber\u00eda estipular el n\u00famero de horas que van a trabajar, si van a pernoctar en el domicilio o la retribuci\u00f3n salarial\u00bb.<\/p><p data-t=\"{\" n=\"\" :=\"\" bluelinks=\"\">\u00abCuando vienen a la asesor\u00eda a consultar, se les informa en ese sentido, que todo tiene que estar debidamente establecido\u00bb. Sin embargo, \u00abes cierto que la ley no obliga a que sea un contrato escrito pero s\u00ed que obliga a que las condiciones esenciales del contrato est\u00e9n formuladas por escrito\u00bb, contin\u00faa Hern\u00e1ez.<\/p><h3 class=\"article-sub-heading\">Irregularidades<\/h3><p data-t=\"{\" n=\"\" :=\"\" bluelinks=\"\">Entre las irregularidades, la m\u00e1s com\u00fan es que no est\u00e1n dadas de alta en la Seguridad Social, pero no es la \u00fanica, \u00abdesde personas que est\u00e1n trabajando y no les pagan el salario a las personas que no tienen los descansos que hay establecidos, como puede ser el descanso semanal o el descanso entre una jornada y la siguiente\u00bb.<\/p><div class=\"intra-article-module\" data-t=\"{\" n=\"\" :=\"\" intraarticle=\"\" t=\"\" :13=\"\"><p><slot name=\"BB1kN8Q5-intraArticleModule-1\"><\/slot><\/p><div slot=\"BB1kN8Q5-intraArticleModule-1\" class=\"articlePageIntraArticleFullWidth ad-slot-placeholder left-image-intra-ad\"><div class=\"intra-article-ad-full left-image-intra-ad\"><p><views-native-ad config-instance-src=\"config_index_views_intraarticle_article_page-BB1dLKBM\" instance-id=\"intraArticleNativeAd-BB1kN8Q5-1\" data-t=\"{\" n=\"\" :=\"\" viewsnativead=\"\" t=\"\" :8=\"\" class=\"\"><\/views-native-ad><\/p><div class=\"left-image-intra-ad\"><p><\/p><div part=\"content\" class=\"content\"><p><slot name=\"media\"><\/slot><\/p><div id=\"media-overlay\" class=\"media-overlay\" part=\"media-overlay\"><slot fast-zq75tb=\"\" fast-zq75tb-5947=\"\" name=\"media-overlay\"><\/slot><\/div><div class=\"text\" part=\"text\"><p>Ciertamente es muy complicado la distancia que hay entre la regulaci\u00f3n y la realidad cuando esa persona est\u00e1 viviendo en el mismo domicilio donde trabaja; es muy dif\u00edcil finalizar esa jornada laboral\u00bb. Tambi\u00e9n llegan reclamaciones \u00abpor los tratos recibidos dentro del ejercicio de su trabajo\u00bb.<\/p><\/div><\/div><\/div><\/div><\/div><\/div><h3 class=\"article-sub-heading\">Cambios legislativos<\/h3><p data-t=\"{\" n=\"\" :=\"\" bluelinks=\"\">Una de las \u00faltimas modificaciones de la normativa, en 2022, permite su cotizaci\u00f3n a la jubilaci\u00f3n y el desempleo. Adem\u00e1s, regula la extinci\u00f3n de los contratos, con tres supuestos, como disminuci\u00f3n de ingresos, variaci\u00f3n en las necesidades o p\u00e9rdida de confianza. Estos motivos deben ser justificados. La indemnizaci\u00f3n de 12 d\u00edas por a\u00f1o trabajado.<\/p><p data-t=\"{\" n=\"\" :=\"\" bluelinks=\"\"><a href=\"https:\/\/www.msn.com\/es-es\/dinero\/economia\/empleadas-del-hogar-un-trabajo-silencioso-y-con-lagunas-laborales\/ar-BB1kN8Q5\">fuente<\/a><\/p>\t\t\t\t\t\t<\/div>\n\t\t\t\t<\/div>\n\t\t\t\t\t<\/div>\n\t\t<\/div>\n\t\t\t\t\t<\/div>\n\t\t<\/section>\n\t\t\t\t<\/div>\n\t\t","protected":false},"excerpt":{"rendered":"<p>Una empleada del hogar trabajando.\u00a9\u00a0ISTOCKPHOTO THINKSTOCK No estar dadas de alta en la Seguridad Social, bajos salarios o sin descanso semanal. Son algunas de las irregularidades a las que se enfrentan las empleadas del hogar, hoy es su d\u00eda Internacional para visibilizar su trabajo. En Espa\u00f1a, el trabajo dom\u00e9stico representa [&hellip;]<\/p>\n","protected":false},"author":3,"featured_media":5984,"comment_status":"open","ping_status":"open","sticky":false,"template":"","format":"standard","meta":{"_jetpack_memberships_contains_paid_content":false,"footnotes":""},"categories":[18,1],"tags":[],"class_list":["post-5981","post","type-post","status-publish","format-standard","has-post-thumbnail","hentry","category-aniversario","category-eventos"],"jetpack_featured_media_url":"https:\/\/sermujerytrabajo.es\/wp-content\/uploads\/2024\/03\/empleadas-de-hogar.jpg","yoast_head":"<!-- This site is optimized with the Yoast SEO plugin v15.2 - https:\/\/yoast.com\/wordpress\/plugins\/seo\/ -->\n<title>FELIZ D\u00cdA A LAS EMPLEADAS DE HOGAR: SEGUIMOS APOYANDO QUE SE GARANTICEN VUESTROS DERECHOS LABORALES -<\/title>\n<meta name=\"robots\" content=\"index, follow, max-snippet:-1, max-image-preview:large, max-video-preview:-1\" \/>\n<link rel=\"canonical\" href=\"https:\/\/sermujerytrabajo.es\/?p=5981\" \/>\n<meta property=\"og:locale\" content=\"es_ES\" \/>\n<meta property=\"og:type\" content=\"article\" \/>\n<meta property=\"og:title\" content=\"FELIZ D\u00cdA A LAS EMPLEADAS DE HOGAR: SEGUIMOS APOYANDO QUE SE GARANTICEN VUESTROS DERECHOS LABORALES -\" \/>\n<meta property=\"og:description\" content=\"Una empleada del hogar trabajando.\u00a9\u00a0ISTOCKPHOTO THINKSTOCK No estar dadas de alta en la Seguridad Social, bajos salarios o sin descanso semanal. Son algunas de las irregularidades a las que se enfrentan las empleadas del hogar, hoy es su d\u00eda Internacional para visibilizar su trabajo. En Espa\u00f1a, el trabajo dom\u00e9stico representa [&hellip;]\" \/>\n<meta property=\"og:url\" content=\"https:\/\/sermujerytrabajo.es\/?p=5981\" \/>\n<meta property=\"article:published_time\" content=\"2024-03-30T10:25:57+00:00\" \/>\n<meta property=\"article:modified_time\" content=\"2024-03-30T10:31:15+00:00\" \/>\n<meta property=\"og:image\" content=\"https:\/\/sermujerytrabajo.es\/wp-content\/uploads\/2024\/03\/empleadas-de-hogar.jpg\" \/>\n\t<meta property=\"og:image:width\" content=\"768\" \/>\n\t<meta property=\"og:image:height\" content=\"409\" \/>\n<meta name=\"twitter:card\" content=\"summary_large_image\" \/>\n<meta name=\"twitter:label1\" value=\"Escrito por\">\n\t<meta name=\"twitter:data1\" value=\"Maria Bego\u00f1a Garc\u00eda Gil\">\n\t<meta name=\"twitter:label2\" value=\"Tiempo de lectura\">\n\t<meta name=\"twitter:data2\" value=\"2 minutos\">\n<script type=\"application\/ld+json\" class=\"yoast-schema-graph\">{\"@context\":\"https:\/\/schema.org\",\"@graph\":[{\"@type\":\"Organization\",\"@id\":\"https:\/\/sermujerytrabajo.es\/#organization\",\"name\":\"Ser mujer en el mercado de trabajo\",\"url\":\"https:\/\/sermujerytrabajo.es\/\",\"sameAs\":[],\"logo\":{\"@type\":\"ImageObject\",\"@id\":\"https:\/\/sermujerytrabajo.es\/#logo\",\"inLanguage\":\"es\",\"url\":\"https:\/\/sermujerytrabajo.es\/wp-content\/uploads\/2020\/09\/d134bcc4-4ca2-476c-bef9-f663ae8535d2_200x200.png\",\"width\":200,\"height\":200,\"caption\":\"Ser mujer en el mercado de trabajo\"},\"image\":{\"@id\":\"https:\/\/sermujerytrabajo.es\/#logo\"}},{\"@type\":\"WebSite\",\"@id\":\"https:\/\/sermujerytrabajo.es\/#website\",\"url\":\"https:\/\/sermujerytrabajo.es\/\",\"name\":\"\",\"description\":\"\",\"publisher\":{\"@id\":\"https:\/\/sermujerytrabajo.es\/#organization\"},\"potentialAction\":[{\"@type\":\"SearchAction\",\"target\":\"https:\/\/sermujerytrabajo.es\/?s={search_term_string}\",\"query-input\":\"required name=search_term_string\"}],\"inLanguage\":\"es\"},{\"@type\":\"ImageObject\",\"@id\":\"https:\/\/sermujerytrabajo.es\/?p=5981#primaryimage\",\"inLanguage\":\"es\",\"url\":\"https:\/\/sermujerytrabajo.es\/wp-content\/uploads\/2024\/03\/empleadas-de-hogar.jpg\",\"width\":768,\"height\":409},{\"@type\":\"WebPage\",\"@id\":\"https:\/\/sermujerytrabajo.es\/?p=5981#webpage\",\"url\":\"https:\/\/sermujerytrabajo.es\/?p=5981\",\"name\":\"FELIZ D\\u00cdA A LAS EMPLEADAS DE HOGAR: SEGUIMOS APOYANDO QUE SE GARANTICEN VUESTROS DERECHOS LABORALES -\",\"isPartOf\":{\"@id\":\"https:\/\/sermujerytrabajo.es\/#website\"},\"primaryImageOfPage\":{\"@id\":\"https:\/\/sermujerytrabajo.es\/?p=5981#primaryimage\"},\"datePublished\":\"2024-03-30T10:25:57+00:00\",\"dateModified\":\"2024-03-30T10:31:15+00:00\",\"inLanguage\":\"es\",\"potentialAction\":[{\"@type\":\"ReadAction\",\"target\":[\"https:\/\/sermujerytrabajo.es\/?p=5981\"]}]},{\"@type\":\"Article\",\"@id\":\"https:\/\/sermujerytrabajo.es\/?p=5981#article\",\"isPartOf\":{\"@id\":\"https:\/\/sermujerytrabajo.es\/?p=5981#webpage\"},\"author\":{\"@id\":\"https:\/\/sermujerytrabajo.es\/#\/schema\/person\/26a3e2d35cfc624b27a74a1d67c7867d\"},\"headline\":\"FELIZ D\\u00cdA A LAS EMPLEADAS DE HOGAR: SEGUIMOS APOYANDO QUE SE GARANTICEN VUESTROS DERECHOS LABORALES\",\"datePublished\":\"2024-03-30T10:25:57+00:00\",\"dateModified\":\"2024-03-30T10:31:15+00:00\",\"mainEntityOfPage\":{\"@id\":\"https:\/\/sermujerytrabajo.es\/?p=5981#webpage\"},\"publisher\":{\"@id\":\"https:\/\/sermujerytrabajo.es\/#organization\"},\"image\":{\"@id\":\"https:\/\/sermujerytrabajo.es\/?p=5981#primaryimage\"},\"articleSection\":\"Aniversario,Eventos\",\"inLanguage\":\"es\",\"potentialAction\":[{\"@type\":\"CommentAction\",\"name\":\"Comment\",\"target\":[\"https:\/\/sermujerytrabajo.es\/?p=5981#respond\"]}]},{\"@type\":\"Person\",\"@id\":\"https:\/\/sermujerytrabajo.es\/#\/schema\/person\/26a3e2d35cfc624b27a74a1d67c7867d\",\"name\":\"Maria Bego\\u00f1a Garc\\u00eda Gil\",\"image\":{\"@type\":\"ImageObject\",\"@id\":\"https:\/\/sermujerytrabajo.es\/#personlogo\",\"inLanguage\":\"es\",\"url\":\"https:\/\/secure.gravatar.com\/avatar\/7474a88b8aa50fe826f30e47589d4051fd5140125777f5b21c317bf835864866?s=96&d=mm&r=g\",\"caption\":\"Maria Bego\\u00f1a Garc\\u00eda Gil\"}}]}<\/script>\n<!-- \/ Yoast SEO plugin. -->","jetpack_sharing_enabled":true,"_links":{"self":[{"href":"https:\/\/sermujerytrabajo.es\/index.php?rest_route=\/wp\/v2\/posts\/5981","targetHints":{"allow":["GET"]}}],"collection":[{"href":"https:\/\/sermujerytrabajo.es\/index.php?rest_route=\/wp\/v2\/posts"}],"about":[{"href":"https:\/\/sermujerytrabajo.es\/index.php?rest_route=\/wp\/v2\/types\/post"}],"author":[{"embeddable":true,"href":"https:\/\/sermujerytrabajo.es\/index.php?rest_route=\/wp\/v2\/users\/3"}],"replies":[{"embeddable":true,"href":"https:\/\/sermujerytrabajo.es\/index.php?rest_route=%2Fwp%2Fv2%2Fcomments&post=5981"}],"version-history":[{"count":4,"href":"https:\/\/sermujerytrabajo.es\/index.php?rest_route=\/wp\/v2\/posts\/5981\/revisions"}],"predecessor-version":[{"id":5986,"href":"https:\/\/sermujerytrabajo.es\/index.php?rest_route=\/wp\/v2\/posts\/5981\/revisions\/5986"}],"wp:featuredmedia":[{"embeddable":true,"href":"https:\/\/sermujerytrabajo.es\/index.php?rest_route=\/wp\/v2\/media\/5984"}],"wp:attachment":[{"href":"https:\/\/sermujerytrabajo.es\/index.php?rest_route=%2Fwp%2Fv2%2Fmedia&parent=5981"}],"wp:term":[{"taxonomy":"category","embeddable":true,"href":"https:\/\/sermujerytrabajo.es\/index.php?rest_route=%2Fwp%2Fv2%2Fcategories&post=5981"},{"taxonomy":"post_tag","embeddable":true,"href":"https:\/\/sermujerytrabajo.es\/index.php?rest_route=%2Fwp%2Fv2%2Ftags&post=5981"}],"curies":[{"name":"wp","href":"https:\/\/api.w.org\/{rel}","templated":true}]}}