{"id":6356,"date":"2024-07-05T09:13:44","date_gmt":"2024-07-05T07:13:44","guid":{"rendered":"https:\/\/sermujerytrabajo.es\/?p=6356"},"modified":"2024-07-05T09:14:33","modified_gmt":"2024-07-05T07:14:33","slug":"la-madres-cuidadoras-de-dependientes-se-reivindican-somos-insustituibles-queremos-que-se-nos-escuche","status":"publish","type":"post","link":"https:\/\/sermujerytrabajo.es\/?p=6356","title":{"rendered":"LA MADRES CUIDADORAS DE DEPENDIENTES SE REIVINDICAN: \u00abSOMOS INSUSTITUIBLES, QUEREMOS QUE SE NOS ESCUCHE\u00bb"},"content":{"rendered":"\t\t<div data-elementor-type=\"wp-post\" data-elementor-id=\"6356\" class=\"elementor elementor-6356\">\n\t\t\t\t\t\t<section class=\"elementor-section elementor-top-section elementor-element elementor-element-d9ba3c8 elementor-section-boxed elementor-section-height-default elementor-section-height-default\" data-id=\"d9ba3c8\" data-element_type=\"section\">\n\t\t\t\t\t\t<div class=\"elementor-container elementor-column-gap-default\">\n\t\t\t\t\t<div class=\"elementor-column elementor-col-100 elementor-top-column elementor-element elementor-element-844b32f\" data-id=\"844b32f\" data-element_type=\"column\">\n\t\t\t<div class=\"elementor-widget-wrap elementor-element-populated\">\n\t\t\t\t\t\t<div class=\"elementor-element elementor-element-fcafef4 elementor-widget elementor-widget-text-editor\" data-id=\"fcafef4\" data-element_type=\"widget\" data-widget_type=\"text-editor.default\">\n\t\t\t\t<div class=\"elementor-widget-container\">\n\t\t\t\t\t\t\t<p class=\"paragraph\">Seg\u00fan el Instituto de la Mujer, las<span>&nbsp;<\/span><b>tareas de cuidado son una labor realizada mayoritariamente por mujeres<\/b>, concretamente en el 91,9% de los casos. Se trata, adem\u00e1s, de un trabajo sin remuneraci\u00f3n y sin apenas apoyos, salvo la prestaci\u00f3n por cuidados en el entorno del hogar y una cotizaci\u00f3n a la<span>&nbsp;<\/span><a href=\"https:\/\/www.20minutos.es\/minuteca\/seguridad-social\/\" title=\"Seguridad Social\" class=\"trk-relacionada-intext\" data-mrf-recirculation=\"Articulo - Enlaces en p\u00e1rrafos\" data-mrf-link=\"https:\/\/www.20minutos.es\/minuteca\/seguridad-social\/\" cmp-ltrk=\"Articulo - Enlaces en p\u00e1rrafos\" cmp-ltrk-idx=\"0\" mrfobservableid=\"bfe4bb40-c2fc-4a22-abaa-7bd1213ade9f\">Seguridad Social<\/a><span>&nbsp;<\/span>si no tienen un trabajo remunerado, ambas contempladas en la<span>&nbsp;<\/span><a href=\"https:\/\/www.20minutos.es\/minuteca\/ley-de-dependencia\/\" title=\"Ley de Dependencia\" target=\"_blank\" class=\"trk-relacionada-intext\" data-mrf-recirculation=\"Articulo - Enlaces en p\u00e1rrafos\" data-mrf-link=\"https:\/\/www.20minutos.es\/minuteca\/ley-de-dependencia\/\" cmp-ltrk=\"Articulo - Enlaces en p\u00e1rrafos\" cmp-ltrk-idx=\"1\" mrfobservableid=\"44758a06-0325-4175-aeab-34af5dac2f0b\" rel=\"noopener\">Ley de dependencia<\/a>.<\/p>\n<p class=\"paragraph\">En marco de la reci\u00e9n presentada Estrategia estatal de desinstitucionalizaci\u00f3n, que contempla la profesionalizaci\u00f3n de los cuidados y la mejora de las condiciones de los profesionales de los cuidados,<span>&nbsp;<\/span><b>las cuidadoras principales tambi\u00e9n quieren ser escuchadas<\/b><span>&nbsp;<\/span>y reivindicar su espacio en una reforma que les ata\u00f1e muy directamente.<\/p>\n<div id=\"axds-Intext\" class=\"axds\">\n<div id=\"Intext\" class=\"henneoHB\" data-google-query-id=\"CMnH-surj4cDFae2JwId0fAEuQ\">\n<div id=\"google_ads_iframe_\/34616581\/20minutos.es\/capaces\/noticia\/Intext_0__container__\"><\/div>\n<\/div>\n<\/div>\n<div class=\"engagement prometeo-box-2\">\n<div id=\"integrado-intext-1\" data-prometeo-mediaid=\"002\" data-prometeo-widget=\"WIDGET-PROMETEO-BOX-ACTIVATOR\" class=\"WIDGET-PROMETEO-BOX-ACTIVATOR prometeo-content\"><\/div>\n<\/div>\n<p class=\"paragraph\">En este contexto surgi\u00f3 hace pocas semanas la<span>&nbsp;<\/span><b>Plataforma Estatal de Cuidadoras Principales<\/b>, un grupo de madres de personas dependientes que ven c\u00f3mo a menudo estas reformas van m\u00e1s enfocadas a los dependientes de edad adulta y se olvidan de ni\u00f1os, j\u00f3venes y, sobre todo, de sus cuidadores, \u00absurge de una manera muy espont\u00e1nea, de la mano de un grupo de mam\u00e1s de<span>&nbsp;<\/span><b>Asociaci\u00f3n Mam\u00e1s de sin l\u00edmites<\/b><span>&nbsp;<\/span>que deciden crearla y difundirlo por distintos grupos de Whatapp. Y as\u00ed nos fuimos sumando. Yo fui una de las primeras porque estoy en la Asociaci\u00f3n dependencia de CyL.<span>&nbsp;<\/span><b>Empezamos siendo 20 y ya somos m\u00e1s de 700<\/b>\u00ab, cuenta Yolanda de la Viuda, portavoz de la Plataforma.<\/p>\n<article class=\"media media-integrated trk-relacionada-caja \" id=\"m9718-9717-9719\" data-mrf-recirculation=\"Articulo - Relacionada entre p\u00e1rrafos \">\n<div>\n<figure class=\"figure-100\"><a href=\"https:\/\/www.20minutos.es\/noticia\/5474847\/0\/gobierno-aprueba-estrategia-cuidados-partida-1300-millones-avanzar-modelo-mas-personalizado\/\" data-mrf-link=\"https:\/\/www.20minutos.es\/noticia\/5474847\/0\/gobierno-aprueba-estrategia-cuidados-partida-1300-millones-avanzar-modelo-mas-personalizado\/\" cmp-ltrk=\"Articulo - Relacionada entre p\u00e1rrafos \" cmp-ltrk-idx=\"0\" mrfobservableid=\"09266189-f23b-4e98-82e9-529f1a8b38c2\"><img loading=\"lazy\" decoding=\"async\" loading=\"lazy\" width=\"320\" height=\"180\" alt=\"Foto de archivo de una persona mayor y su cuidadora.\" src=\"https:\/\/imagenes.20minutos.es\/files\/image_320_180\/uploads\/imagenes\/2024\/06\/10\/foto-de-archivo-de-una-persona-mayor-y-su-cuidadora.jpeg\" data-full-src=\"https:\/\/imagenes.20minutos.es\/uploads\/imagenes\/2024\/06\/10\/foto-de-archivo-de-una-persona-mayor-y-su-cuidadora.jpeg\"><\/a><\/figure>\n<div class=\"media-content\">\n<header><span><a id=\"m9849-9848-9850\" href=\"https:\/\/www.20minutos.es\/noticia\/5474847\/0\/gobierno-aprueba-estrategia-cuidados-partida-1300-millones-avanzar-modelo-mas-personalizado\/\" data-mrf-link=\"https:\/\/www.20minutos.es\/noticia\/5474847\/0\/gobierno-aprueba-estrategia-cuidados-partida-1300-millones-avanzar-modelo-mas-personalizado\/\" cmp-ltrk=\"Articulo - Relacionada entre p\u00e1rrafos \" cmp-ltrk-idx=\"0\" mrfobservableid=\"0d04afa4-25cf-4f5a-a59e-ab3b94ea02a0\">El Gobierno aprueba la estrategia de cuidados con una partida inicial de 1.300 millones para avanzar hacia un modelo m\u00e1s personalizado<\/a><\/span><\/header>\n<\/div>\n<\/div>\n<\/article>\n<p class=\"paragraph\">Tras la presentaci\u00f3n de la citada Estrategia, y del anuncio por parte del ministerio de Derechos Sociales, Consumo y Agenda 2030, de sacar a<span>&nbsp;<\/span><b>consulta p\u00fablica<\/b><span>&nbsp;<\/span>el anteproyecto para la<span>&nbsp;<\/span><b>reforma de las leyes de Discapacidad y Dependencia<\/b>, la Plataforma decidi\u00f3 presentar sus propias alegaciones, pero temen que no sean escuchadas, pues, seg\u00fan aseguran,<b><span>&nbsp;<\/span>este cambio de modelo de los cuidados no las contempla ni las reconoce<\/b>, \u00abqueremos que se cuente con nosotras y se tomen en cuenta nuestras alegaciones para la Estrategia y para la reformas de estas leyes, el Ministerio tiene que ver todas las realidades\u00bb.<\/p>\n<p class=\"paragraph\">Ahora mismo, dicen \u00abni siquiera se nos menciona,<span>&nbsp;<\/span><b>se refieren a nosotras como \u2018cuidadores no profesionales\u2019, y<\/b><span>&nbsp;<\/span><b>nos parece injusto<\/b>, porque todas nosotras, desde que salimos del hospital, estamos m\u00e1s que formadas en el cuidado de nuestros hijos, y nos vamos especializando con el paso del tiempo. Sabemos manejar maquinaria, sondas g\u00e1stricas\u2026 para que nuestros hijos puedan seguir viviendo. Mayor formaci\u00f3n que tenemos nosotras como madres no la tiene nadie\u00bb, asegura Yolanda de la Viuda.<\/p>\n<div id=\"axds-Intext2\" class=\"axds\">\n<div id=\"Intext2\" class=\"henneoHB\" data-google-query-id=\"CMrH-surj4cDFae2JwId0fAEuQ\">\n<div id=\"google_ads_iframe_\/34616581\/20minutos.es\/capaces\/noticia\/Intext2_0__container__\"><\/div>\n<\/div>\n<\/div>\n<blockquote class=\"content-title-phrase\"><p>Sabemos manejar maquinaria, sondas g\u00e1stricas\u2026 para que nuestros hijos puedan seguir viviendo<\/p><\/blockquote>\n<p class=\"paragraph\">Desde la Plataforma quieren reconocimiento, sobre todo en la Ley de dependencia, algo que ahora mismo no existe, \u00ab<b>es una ley imprescindible para las personas dependientes y sus familiares<\/b>, pero no contempla las necesidades de unas madres como nosotras, madres de personas muy dependientes que tuvieron que dejar todo para cuidar a sus hijos. Y son<b><span>&nbsp;<\/span>cuidados para toda la vida<\/b>, no solo para una etapa, pues a menudo se deben a<span>&nbsp;<\/span><a href=\"https:\/\/www.20minutos.es\/salud\/minuteca\/enfermedades-raras\/\" title=\"Enfermedades raras\" target=\"_blank\" class=\"trk-relacionada-intext\" data-mrf-recirculation=\"Articulo - Enlaces en p\u00e1rrafos\" data-mrf-link=\"https:\/\/www.20minutos.es\/salud\/minuteca\/enfermedades-raras\/\" cmp-ltrk=\"Articulo - Enlaces en p\u00e1rrafos\" cmp-ltrk-idx=\"2\" mrfobservableid=\"361ab61d-3a04-4eb9-8ecb-00c226876c4b\" rel=\"noopener\">enfermedades raras<\/a>, degenerativas y suponen en estar 24\/7, 365 d\u00edas a la semana, con ingresos hospitalarios\u2026 eso no lo puede hacer nadie,<span>&nbsp;<\/span><b>nuestro perfil es insustituible<\/b>, no hay un trabajador que est\u00e9 24 horas como estamos las madres y padres. Somos imprescindibles, pero somos invisibles, para cualquier gobierno\u00bb, se quejan.<\/p>\n<div class=\"engagement prometeo-box-6\">\n<div id=\"integrado-intext-2\" data-prometeo-mediaid=\"002\" data-prometeo-widget=\"WIDGET-PROMETEO-BOX-ACTIVATOR\" class=\"WIDGET-PROMETEO-BOX-ACTIVATOR prometeo-content\"><\/div>\n<\/div>\n<p class=\"paragraph\">Desde la Plataforma piden, por tanto, que se les apoye, pero no que se las sustituya por perfiles supuestamente m\u00e1s profesionales, \u00abcuando, por los motivos que sean, viene otra persona a atenderlo, incluso un asistente personal, eres t\u00fa la que tienes que explicar punto por punto de las necesidades de tu hijo o de tu hija a ese profesional.<span>&nbsp;<\/span><b>\u00bfDe verdad alguien me puede decir que no estamos formadas?<span>&nbsp;<\/span><\/b>Queremos que se nos reconozca, una vida para nosotras como trabajadoras que somos, porque ahora no tenemos derecho a caer enfermas. \u00bfSi tienes un ingreso, qu\u00e9 haces con tu hijo? No queremos que salga de casa a un centro residencial mientras una cuidadora est\u00e1 ingresada, que se ha dado el caso\u2026 Hay muchas realidades, y en todas se necesita mucho apoyo, pero nosotras<span>&nbsp;<\/span><b>queremos seguir siendo cuidadoras principales<\/b>\u00ab, reitera.<\/p>\n<article class=\"media media-integrated trk-relacionada-caja \" id=\"m9738-9737-9739\" data-mrf-recirculation=\"Articulo - Relacionada entre p\u00e1rrafos \">\n<div>\n<figure class=\"figure-100\"><a href=\"https:\/\/www.20minutos.es\/noticia\/5494140\/0\/entrevista-rosa-martinez-secretaria-estado-derechos-sociales-estrategia-cuidados-avanzar-ayuda-casa\/\" data-mrf-link=\"https:\/\/www.20minutos.es\/noticia\/5494140\/0\/entrevista-rosa-martinez-secretaria-estado-derechos-sociales-estrategia-cuidados-avanzar-ayuda-casa\/\" cmp-ltrk=\"Articulo - Relacionada entre p\u00e1rrafos \" cmp-ltrk-idx=\"1\" mrfobservableid=\"318fc03e-8ade-410b-85dd-6cea0d4cb6fa\"><img loading=\"lazy\" decoding=\"async\" loading=\"lazy\" width=\"320\" height=\"180\" alt=\"La secretaria de Estado de Derechos Sociales, Rosa Mart\u00ednez, en una entrevista para '20minutos'.\" src=\"https:\/\/imagenes.20minutos.es\/files\/image_320_180\/files\/fp\/uploads\/imagenes\/2024\/06\/12\/la-secretaria-de-estado-de-derechos-sociales-rosa-martinez-en-una-entrevista-para-20minutos.r_d.1524-1634.jpeg\" data-full-src=\"https:\/\/imagenes.20minutos.es\/uploads\/imagenes\/2024\/06\/12\/la-secretaria-de-estado-de-derechos-sociales-rosa-martinez-en-una-entrevista-para-20minutos.jpeg\"><\/a><\/figure>\n<div class=\"media-content\">\n<header><span><a id=\"m9870-9869-9871\" href=\"https:\/\/www.20minutos.es\/noticia\/5494140\/0\/entrevista-rosa-martinez-secretaria-estado-derechos-sociales-estrategia-cuidados-avanzar-ayuda-casa\/\" data-mrf-link=\"https:\/\/www.20minutos.es\/noticia\/5494140\/0\/entrevista-rosa-martinez-secretaria-estado-derechos-sociales-estrategia-cuidados-avanzar-ayuda-casa\/\" cmp-ltrk=\"Articulo - Relacionada entre p\u00e1rrafos \" cmp-ltrk-idx=\"1\" mrfobservableid=\"4bf3cce0-130d-41c2-a86a-ab202daff9a0\">Rosa Mart\u00ednez, secretaria de Estado de Derechos Sociales: \u00abEl sistema de cuidados debe ir hacia la ayuda en casa\u00bb<\/a><\/span><\/header>\n<\/div>\n<\/div>\n<\/article>\n<h2>Cuidadoras de pleno derecho<\/h2>\n<p class=\"paragraph\">Entre las reivindicaciones, que ya han trasladado al Ministerio est\u00e1n su reconocimiento como<b><span>&nbsp;<\/span>trabajadoras de pleno derecho<span>&nbsp;<\/span><\/b>(con derecho a bajas, paro, cotizaciones\u2026) o que la<span>&nbsp;<\/span><b>prestaci\u00f3n por cuidados en el hogar<\/b><span>&nbsp;<\/span>-que creen insuficiente- no sea incompatible con otras prestaciones como<span>&nbsp;<\/span><a href=\"https:\/\/www.20minutos.es\/imagenes\/capaces\/5160547-como-solicitar-prestacion-por-hijo-cargo-con-discapacidad\/\" title=\"C\u00f3mo solicitar la prestaci\u00f3n por hijo a cargo con discapacidad\" target=\"_blank\" class=\"trk-relacionada-intext\" data-mrf-recirculation=\"Articulo - Enlaces en p\u00e1rrafos\" data-mrf-link=\"https:\/\/www.20minutos.es\/imagenes\/capaces\/5160547-como-solicitar-prestacion-por-hijo-cargo-con-discapacidad\/\" cmp-ltrk=\"Articulo - Enlaces en p\u00e1rrafos\" cmp-ltrk-idx=\"3\" mrfobservableid=\"be49ff21-f555-4b7b-8093-833e88f334ce\" rel=\"noopener\">hijo a cargo con discapacidad<span>&nbsp;<\/span><\/a>mayor de 18 a\u00f1os u otras prestaciones de la Ley de dependencia, como los<b><span>&nbsp;<\/span>centros de d\u00eda<\/b><span>&nbsp;<\/span>\u00ab\u00bfqu\u00e9 pasa con las madres de 50 o 60 a\u00f1os que, de repente, tienen que decidir llevar a su hijo a un centro de d\u00eda porque acaba la etapa escolar? Que ahora se quedan sin la prestaci\u00f3n y sin la cotizaci\u00f3n. No entienden que siguen teniendo las mismas consultas m\u00e9dicas, ingresos, bajas en domicilio\u2026 y que en casa, una vez que salen del centro de d\u00eda hay que seguir cuid\u00e1ndolos\u00bb.&nbsp;<\/p>\n<p class=\"paragraph\">Y lo mismo ocurre con la<span>&nbsp;<\/span><a href=\"https:\/\/www.20minutos.es\/noticia\/5175515\/0\/que-opciones-existen-si-quieres-reducirte-la-jornada-con-un-hijo-con-discapacidad-cume-es-gran-desconocido\/\" title=\"Qu\u00e9 opciones existen si quieres reducir tu jornada laboral con un hijo con discapacidad: &quot;El CUME es el gran desconocido&quot;\" target=\"_blank\" class=\"trk-relacionada-intext\" data-mrf-recirculation=\"Articulo - Enlaces en p\u00e1rrafos\" data-mrf-link=\"https:\/\/www.20minutos.es\/noticia\/5175515\/0\/que-opciones-existen-si-quieres-reducirte-la-jornada-con-un-hijo-con-discapacidad-cume-es-gran-desconocido\/\" cmp-ltrk=\"Articulo - Enlaces en p\u00e1rrafos\" cmp-ltrk-idx=\"4\" mrfobservableid=\"1f2227cc-e8dd-4157-bc3b-9d6243d7b49c\" rel=\"noopener\">CUME<\/a>, a la adem\u00e1s muchas no accedieron porque es m\u00e1s reciente y cuando se aprob\u00f3 muchas ya hab\u00edan dejado de trabajar para cuidar a sus hijos, y a esta ayuda solo se accede cuando trabajas, \u00abincluso las que s\u00ed se acogieron y se quieren incorporar a su puesto de trabajo porque su hijo ya ha cumplido la edad, se encuentran con que tienen 50 o 60 a\u00f1os. Y esto no tiene en cuenta lo que desgasta f\u00edsicamente el cuidado. Lo que<b><span>&nbsp;<\/span>queremos&nbsp; son derechos como cualquier trabajador<\/b><span>&nbsp;<\/span>porque entendemos que el trabajo que nosotros hacemos es insustituible. Nosotros nos hemos preguntado qu\u00e9 pasar\u00eda si fu\u00e9ramos a la huelga, pero no lo hacemos porque son nuestros hijos\u00bb, asegura De la Viuda.<\/p>\n<blockquote class=\"content-title-phrase\"><p>No hay un trabajador que est\u00e9 24 horas como estamos las madres y padres. Somos imprescindibles, pero somos invisibles para cualquier gobierno<\/p><\/blockquote>\n<p class=\"paragraph\">En estos casos, e incluso si la personas que cuidan muere, demandan medidas como<b><span>&nbsp;<\/span>prejubilaciones<\/b>, si se trata de personas ya mayores, que se favorezca su<span>&nbsp;<\/span><b>reciclaje profesional<\/b><span>&nbsp;<\/span>o que se pudiera cobrar la jubilaci\u00f3n a partir de los 52 a\u00f1os, como el resto de trabajadores, \u00abotro tema del que no se habla es de<b><span>&nbsp;<\/span>qu\u00e9 pasa cuando tu hijo fallece<\/b>\u2026 porque ahora te quedas sola y sin nada, al d\u00eda siguiente de dan de baja de todo, y queremos derechos, no limosnas\u00bb.<\/p>\n<h2>Que les dejen elegir y sean escuchadas<\/h2>\n<p class=\"paragraph\">Desde la Plataforma piden<b><span>&nbsp;<\/span>dos cosas b\u00e1sicas:<\/b><span>&nbsp;<\/span>que todas las realidades<span>&nbsp;<\/span><b>sean escuchadas y que se les deje elegir<span>&nbsp;<\/span><\/b>sin perder derechos, \u00abtienen que tener en cuenta<span>&nbsp;<\/span><b>todas las realidades<\/b><span>&nbsp;<\/span>dentro de la dependencia y discapacidad. A lo mejor para personas con menos<span>&nbsp;<\/span><a href=\"https:\/\/www.20minutos.es\/minuteca\/discapacidad\/\" title=\"Discapacidad\" target=\"_blank\" class=\"trk-relacionada-intext\" data-mrf-recirculation=\"Articulo - Enlaces en p\u00e1rrafos\" data-mrf-link=\"https:\/\/www.20minutos.es\/minuteca\/discapacidad\/\" cmp-ltrk=\"Articulo - Enlaces en p\u00e1rrafos\" cmp-ltrk-idx=\"5\" mrfobservableid=\"44d732c5-0ace-49c9-b987-6a261f088f2d\" rel=\"noopener\">discapacidad<\/a>, se puede optar por cuidados m\u00e1s profesionalizados, entre comillas, pero en nuestro caso no es as\u00ed, as\u00ed que lo que pedimos es libertad para poder decidir, que nadie decida por nosotras, que<span>&nbsp;<\/span><b>queremos ser cuidadoras<\/b>. La madre que quiera incorporarse al mercado laboral, que se le apoye y las que, por circunstancias, queremos cuidar, queremos tener derechos como cualquier trabajador\u00bb, reiteran.<\/p>\n<article class=\"media media-integrated trk-relacionada-caja \" id=\"m9758-9757-9759\" data-mrf-recirculation=\"Articulo - Relacionada entre p\u00e1rrafos \">\n<div>\n<figure class=\"figure-100\"><a href=\"https:\/\/www.20minutos.es\/noticia\/5233094\/0\/vanesa-perez-verdad-tienes-tres-sistema-tiene-una-deuda-con-las-cuidadoras-hacemos-un-trabajo-que-le-corresponderia\/\" data-mrf-link=\"https:\/\/www.20minutos.es\/noticia\/5233094\/0\/vanesa-perez-verdad-tienes-tres-sistema-tiene-una-deuda-con-las-cuidadoras-hacemos-un-trabajo-que-le-corresponderia\/\" cmp-ltrk=\"Articulo - Relacionada entre p\u00e1rrafos \" cmp-ltrk-idx=\"2\" mrfobservableid=\"e740154c-c778-4bd7-89fc-4bc87e79ae6d\"><img loading=\"lazy\" decoding=\"async\" loading=\"lazy\" width=\"320\" height=\"180\" alt=\"Vanesa P\u00e9rez, junto a su hijo Rodrigo.\" src=\"https:\/\/imagenes.20minutos.es\/files\/image_320_180\/files\/fp\/uploads\/imagenes\/2024\/04\/04\/vanesa-perez-junto-a-su-hijo-rodrigo.r_d.1073-382.jpeg\" data-full-src=\"https:\/\/imagenes.20minutos.es\/uploads\/imagenes\/2024\/04\/04\/vanesa-perez-junto-a-su-hijo-rodrigo.jpeg\"><\/a><\/figure>\n<div class=\"media-content\">\n<header><span><a id=\"m9891-9890-9892\" href=\"https:\/\/www.20minutos.es\/noticia\/5233094\/0\/vanesa-perez-verdad-tienes-tres-sistema-tiene-una-deuda-con-las-cuidadoras-hacemos-un-trabajo-que-le-corresponderia\/\" data-mrf-link=\"https:\/\/www.20minutos.es\/noticia\/5233094\/0\/vanesa-perez-verdad-tienes-tres-sistema-tiene-una-deuda-con-las-cuidadoras-hacemos-un-trabajo-que-le-corresponderia\/\" cmp-ltrk=\"Articulo - Relacionada entre p\u00e1rrafos \" cmp-ltrk-idx=\"2\" mrfobservableid=\"9e0f62dd-4150-4956-827d-5b6f04cfeefe\">Vanesa P\u00e9rez, de \u2018\u00bfY de verdad tienes tres?\u2019: \u00abEl sistema tiene una deuda con las cuidadoras, hacemos un trabajo que le corresponder\u00eda\u00bb<\/a><\/span><\/header>\n<\/div>\n<\/div>\n<\/article>\n<p class=\"paragraph\">Ellas no se quejan de tener que cuidar a sus hijos, sino, todo lo contrario, que aunque en la nueva estrategia se quiera \u2018profesionalizar\u2019 los cuidados,<span>&nbsp;<\/span><b>que no se les deje fuera de este nuevo sistema<\/b>, sino que se les den los derechos que hasta ahora se les han negado, \u00abqueremos que se cuente con nosotras y se tomen en cuenta nuestras alegaciones. El Ministerio tiene que ver todas las realidades, y para eso<span>&nbsp;<\/span><b>hemos convocado una concentraci\u00f3n el pr\u00f3ximo d\u00eda 26<\/b>, para que se nos vea\u00bb.&nbsp;<\/p>\n<p class=\"paragraph\">Desde la Plataforma quieren dejar claro que van contra nadie, solo ser visibles, escuchadas y que se tenga en cuenta su realidad, \u00abno estamos en contra del Ministerio, solo queremos visibilidad porque muchas veces los pol\u00edticos y las normativas<span>&nbsp;<\/span><b>no cubren las demandas de los ciudadanos<\/b><span>&nbsp;<\/span>por desconocimiento. En nuestro caso, a las cuidadoras principales en el entorno familiar<b><span>&nbsp;<\/span>se nos ve como un ama de casa y no somos amas de casa<\/b>, es un trabajo real y no remunerado, es llevarles al colegio, a las terapias, hacer de m\u00e9dicos, de logopedas, de enfermeras\u2026 y estar alerta el 90% de tu tiempo\u00bb.&nbsp;<\/p><p class=\"paragraph\">FUENTE: DIEZ MINUTOS<\/p>\t\t\t\t\t\t<\/div>\n\t\t\t\t<\/div>\n\t\t\t\t\t<\/div>\n\t\t<\/div>\n\t\t\t\t\t<\/div>\n\t\t<\/section>\n\t\t\t\t<\/div>\n\t\t","protected":false},"excerpt":{"rendered":"<p>Seg\u00fan el Instituto de la Mujer, las&nbsp;tareas de cuidado son una labor realizada mayoritariamente por mujeres, concretamente en el 91,9% de los casos. Se trata, adem\u00e1s, de un trabajo sin remuneraci\u00f3n y sin apenas apoyos, salvo la prestaci\u00f3n por cuidados en el entorno del hogar y una cotizaci\u00f3n a la&nbsp;Seguridad [&hellip;]<\/p>\n","protected":false},"author":3,"featured_media":6359,"comment_status":"open","ping_status":"open","sticky":false,"template":"","format":"standard","meta":{"_jetpack_memberships_contains_paid_content":false,"footnotes":""},"categories":[8],"tags":[],"class_list":["post-6356","post","type-post","status-publish","format-standard","has-post-thumbnail","hentry","category-noticias"],"jetpack_featured_media_url":"https:\/\/sermujerytrabajo.es\/wp-content\/uploads\/2024\/07\/Cuidados-1-820x390-1.jpg","yoast_head":"<!-- This site is optimized with the Yoast SEO plugin v15.2 - https:\/\/yoast.com\/wordpress\/plugins\/seo\/ -->\n<title>LA MADRES CUIDADORAS DE DEPENDIENTES SE REIVINDICAN: &quot;SOMOS INSUSTITUIBLES, QUEREMOS QUE SE NOS ESCUCHE&quot; -<\/title>\n<meta name=\"robots\" content=\"index, follow, max-snippet:-1, max-image-preview:large, max-video-preview:-1\" \/>\n<link rel=\"canonical\" href=\"https:\/\/sermujerytrabajo.es\/?p=6356\" \/>\n<meta property=\"og:locale\" content=\"es_ES\" \/>\n<meta property=\"og:type\" content=\"article\" \/>\n<meta property=\"og:title\" content=\"LA MADRES CUIDADORAS DE DEPENDIENTES SE REIVINDICAN: &quot;SOMOS INSUSTITUIBLES, QUEREMOS QUE SE NOS ESCUCHE&quot; -\" \/>\n<meta property=\"og:description\" content=\"Seg\u00fan el Instituto de la Mujer, las&nbsp;tareas de cuidado son una labor realizada mayoritariamente por mujeres, concretamente en el 91,9% de los casos. Se trata, adem\u00e1s, de un trabajo sin remuneraci\u00f3n y sin apenas apoyos, salvo la prestaci\u00f3n por cuidados en el entorno del hogar y una cotizaci\u00f3n a la&nbsp;Seguridad [&hellip;]\" \/>\n<meta property=\"og:url\" content=\"https:\/\/sermujerytrabajo.es\/?p=6356\" \/>\n<meta property=\"article:published_time\" content=\"2024-07-05T07:13:44+00:00\" \/>\n<meta property=\"article:modified_time\" content=\"2024-07-05T07:14:33+00:00\" \/>\n<meta property=\"og:image\" content=\"https:\/\/sermujerytrabajo.es\/wp-content\/uploads\/2024\/07\/Cuidados-1-820x390-1.jpg\" \/>\n\t<meta property=\"og:image:width\" content=\"820\" \/>\n\t<meta property=\"og:image:height\" content=\"390\" \/>\n<meta name=\"twitter:card\" content=\"summary_large_image\" \/>\n<meta name=\"twitter:label1\" value=\"Escrito por\">\n\t<meta name=\"twitter:data1\" value=\"Maria Bego\u00f1a Garc\u00eda Gil\">\n\t<meta name=\"twitter:label2\" value=\"Tiempo de lectura\">\n\t<meta name=\"twitter:data2\" value=\"6 minutos\">\n<script type=\"application\/ld+json\" class=\"yoast-schema-graph\">{\"@context\":\"https:\/\/schema.org\",\"@graph\":[{\"@type\":\"Organization\",\"@id\":\"https:\/\/sermujerytrabajo.es\/#organization\",\"name\":\"Ser mujer en el mercado de trabajo\",\"url\":\"https:\/\/sermujerytrabajo.es\/\",\"sameAs\":[],\"logo\":{\"@type\":\"ImageObject\",\"@id\":\"https:\/\/sermujerytrabajo.es\/#logo\",\"inLanguage\":\"es\",\"url\":\"https:\/\/sermujerytrabajo.es\/wp-content\/uploads\/2020\/09\/d134bcc4-4ca2-476c-bef9-f663ae8535d2_200x200.png\",\"width\":200,\"height\":200,\"caption\":\"Ser mujer en el mercado de trabajo\"},\"image\":{\"@id\":\"https:\/\/sermujerytrabajo.es\/#logo\"}},{\"@type\":\"WebSite\",\"@id\":\"https:\/\/sermujerytrabajo.es\/#website\",\"url\":\"https:\/\/sermujerytrabajo.es\/\",\"name\":\"\",\"description\":\"\",\"publisher\":{\"@id\":\"https:\/\/sermujerytrabajo.es\/#organization\"},\"potentialAction\":[{\"@type\":\"SearchAction\",\"target\":\"https:\/\/sermujerytrabajo.es\/?s={search_term_string}\",\"query-input\":\"required name=search_term_string\"}],\"inLanguage\":\"es\"},{\"@type\":\"ImageObject\",\"@id\":\"https:\/\/sermujerytrabajo.es\/?p=6356#primaryimage\",\"inLanguage\":\"es\",\"url\":\"https:\/\/sermujerytrabajo.es\/wp-content\/uploads\/2024\/07\/Cuidados-1-820x390-1.jpg\",\"width\":820,\"height\":390},{\"@type\":\"WebPage\",\"@id\":\"https:\/\/sermujerytrabajo.es\/?p=6356#webpage\",\"url\":\"https:\/\/sermujerytrabajo.es\/?p=6356\",\"name\":\"LA MADRES CUIDADORAS DE DEPENDIENTES SE REIVINDICAN: \\\"SOMOS INSUSTITUIBLES, QUEREMOS QUE SE NOS ESCUCHE\\\" -\",\"isPartOf\":{\"@id\":\"https:\/\/sermujerytrabajo.es\/#website\"},\"primaryImageOfPage\":{\"@id\":\"https:\/\/sermujerytrabajo.es\/?p=6356#primaryimage\"},\"datePublished\":\"2024-07-05T07:13:44+00:00\",\"dateModified\":\"2024-07-05T07:14:33+00:00\",\"inLanguage\":\"es\",\"potentialAction\":[{\"@type\":\"ReadAction\",\"target\":[\"https:\/\/sermujerytrabajo.es\/?p=6356\"]}]},{\"@type\":\"Article\",\"@id\":\"https:\/\/sermujerytrabajo.es\/?p=6356#article\",\"isPartOf\":{\"@id\":\"https:\/\/sermujerytrabajo.es\/?p=6356#webpage\"},\"author\":{\"@id\":\"https:\/\/sermujerytrabajo.es\/#\/schema\/person\/26a3e2d35cfc624b27a74a1d67c7867d\"},\"headline\":\"LA MADRES CUIDADORAS DE DEPENDIENTES SE REIVINDICAN: \\u00abSOMOS INSUSTITUIBLES, QUEREMOS QUE SE NOS ESCUCHE\\u00bb\",\"datePublished\":\"2024-07-05T07:13:44+00:00\",\"dateModified\":\"2024-07-05T07:14:33+00:00\",\"mainEntityOfPage\":{\"@id\":\"https:\/\/sermujerytrabajo.es\/?p=6356#webpage\"},\"publisher\":{\"@id\":\"https:\/\/sermujerytrabajo.es\/#organization\"},\"image\":{\"@id\":\"https:\/\/sermujerytrabajo.es\/?p=6356#primaryimage\"},\"articleSection\":\"Noticias Nacional\",\"inLanguage\":\"es\",\"potentialAction\":[{\"@type\":\"CommentAction\",\"name\":\"Comment\",\"target\":[\"https:\/\/sermujerytrabajo.es\/?p=6356#respond\"]}]},{\"@type\":\"Person\",\"@id\":\"https:\/\/sermujerytrabajo.es\/#\/schema\/person\/26a3e2d35cfc624b27a74a1d67c7867d\",\"name\":\"Maria Bego\\u00f1a Garc\\u00eda Gil\",\"image\":{\"@type\":\"ImageObject\",\"@id\":\"https:\/\/sermujerytrabajo.es\/#personlogo\",\"inLanguage\":\"es\",\"url\":\"https:\/\/secure.gravatar.com\/avatar\/7474a88b8aa50fe826f30e47589d4051fd5140125777f5b21c317bf835864866?s=96&d=mm&r=g\",\"caption\":\"Maria Bego\\u00f1a Garc\\u00eda Gil\"}}]}<\/script>\n<!-- \/ Yoast SEO plugin. -->","jetpack_sharing_enabled":true,"_links":{"self":[{"href":"https:\/\/sermujerytrabajo.es\/index.php?rest_route=\/wp\/v2\/posts\/6356","targetHints":{"allow":["GET"]}}],"collection":[{"href":"https:\/\/sermujerytrabajo.es\/index.php?rest_route=\/wp\/v2\/posts"}],"about":[{"href":"https:\/\/sermujerytrabajo.es\/index.php?rest_route=\/wp\/v2\/types\/post"}],"author":[{"embeddable":true,"href":"https:\/\/sermujerytrabajo.es\/index.php?rest_route=\/wp\/v2\/users\/3"}],"replies":[{"embeddable":true,"href":"https:\/\/sermujerytrabajo.es\/index.php?rest_route=%2Fwp%2Fv2%2Fcomments&post=6356"}],"version-history":[{"count":3,"href":"https:\/\/sermujerytrabajo.es\/index.php?rest_route=\/wp\/v2\/posts\/6356\/revisions"}],"predecessor-version":[{"id":6360,"href":"https:\/\/sermujerytrabajo.es\/index.php?rest_route=\/wp\/v2\/posts\/6356\/revisions\/6360"}],"wp:featuredmedia":[{"embeddable":true,"href":"https:\/\/sermujerytrabajo.es\/index.php?rest_route=\/wp\/v2\/media\/6359"}],"wp:attachment":[{"href":"https:\/\/sermujerytrabajo.es\/index.php?rest_route=%2Fwp%2Fv2%2Fmedia&parent=6356"}],"wp:term":[{"taxonomy":"category","embeddable":true,"href":"https:\/\/sermujerytrabajo.es\/index.php?rest_route=%2Fwp%2Fv2%2Fcategories&post=6356"},{"taxonomy":"post_tag","embeddable":true,"href":"https:\/\/sermujerytrabajo.es\/index.php?rest_route=%2Fwp%2Fv2%2Ftags&post=6356"}],"curies":[{"name":"wp","href":"https:\/\/api.w.org\/{rel}","templated":true}]}}