{"id":6719,"date":"2024-10-17T16:46:17","date_gmt":"2024-10-17T14:46:17","guid":{"rendered":"https:\/\/sermujerytrabajo.es\/?p=6719"},"modified":"2024-10-17T16:52:42","modified_gmt":"2024-10-17T14:52:42","slug":"el-51-de-las-mujeres-del-sector-tecnologico-siente-que-cobra-menos-que-los-hombres","status":"publish","type":"post","link":"https:\/\/sermujerytrabajo.es\/?p=6719","title":{"rendered":"EL 51 % DE LAS MUJERES DEL SECTOR TECNOL\u00d3GICO SIENTE QUE COBRA MENOS QUE LOS HOMBRES"},"content":{"rendered":"\t\t<div data-elementor-type=\"wp-post\" data-elementor-id=\"6719\" class=\"elementor elementor-6719\">\n\t\t\t\t\t\t<section class=\"elementor-section elementor-top-section elementor-element elementor-element-4d677a6 elementor-section-boxed elementor-section-height-default elementor-section-height-default\" data-id=\"4d677a6\" data-element_type=\"section\">\n\t\t\t\t\t\t<div class=\"elementor-container elementor-column-gap-default\">\n\t\t\t\t\t<div class=\"elementor-column elementor-col-100 elementor-top-column elementor-element elementor-element-a76aa07\" data-id=\"a76aa07\" data-element_type=\"column\">\n\t\t\t<div class=\"elementor-widget-wrap elementor-element-populated\">\n\t\t\t\t\t\t<div class=\"elementor-element elementor-element-fa78a6e elementor-widget elementor-widget-text-editor\" data-id=\"fa78a6e\" data-element_type=\"widget\" data-widget_type=\"text-editor.default\">\n\t\t\t\t<div class=\"elementor-widget-container\">\n\t\t\t\t\t\t\t<div data-olk-copy-source=\"MessageBody\">El 51 % de las mujeres trabajadoras del sector tecnol\u00f3gico siente que cobra menos que los hombres, de manera injusta, y m\u00e1s de la mitad cree que hay falta de representaci\u00f3n en altos cargos, seg\u00fan un estudio divulgado este mi\u00e9rcoles por la Web Summit.<\/div>\n<div>El quinto \u201cInforme Mujeres en Tecnolog\u00eda\u201d, elaborado a partir de m\u00e1s de mil encuestas a trabajadoras del sector, muestra que las mujeres se sienten \u201cmal pagadas, subrepresentadas y subfinanciadas\u201d, seg\u00fan un comunicado de prensa de la Web Summit, uno de los mayores congresos tecnol\u00f3gicos del mundo que se realiza en Lisboa.<\/div>\n<div>El 50,8 % de las encuestadas inform\u00f3 haber experimentado sexismo en el lugar de trabajo, una cifra que apenas ha cambiado en los \u00faltimos a\u00f1os, y casi la mitad se siente presionada a elegir entre su carrera profesional y su familia, un 7 % m\u00e1s que en 2023.<\/div>\n<div>\n<div><\/div>\n<div>\n<div>\n<div><\/div>\n<\/div>\n<div>M\u00e1s del 75 % de las entrevistadas relat\u00f3 sentir que tienen que trabajar m\u00e1s que sus compa\u00f1eros hombres y un 29,6 % cree que la<\/div>\n<div><a href=\"https:\/\/www.infobae.com\/espana\/agencias\/2024\/10\/02\/el-51-de-las-mujeres-en-tecnologia-siente-que-cobra-menos-que-los-hombres-injustamente\/\">Fuente<\/a><\/div>\n<div><\/div>\n<div>financiaci\u00f3n es uno de los mayores problemas para empezar un negocio siendo mujer.<\/div>\n<\/div>\n<\/div>\n<div>En general, los prejuicios de g\u00e9nero \u201cinconscientes\u201d, el equilibrio entre la carrera y la vida personal, la escasez de modelos femeninos, el s\u00edndrome del impostor, la falta de redes de apoyo y las dificultades de financiaci\u00f3n son los desaf\u00edos m\u00e1s importantes para las mujeres del sector.<\/div>\n<div>A pesar de estas dificultades, el 76 % se siente empoderada para perseguir o mantener un cargo de liderazgo y m\u00e1s del 80 % se\u00f1al\u00f3 que existe alguna mujer en la alta direcci\u00f3n de sus empresas, aunque la mayor\u00eda cree que deber\u00eda haber m\u00e1s representaci\u00f3n.<\/div>\n<div>La Inteligencia Artificial es una buena herramienta para avanzar hacia la igualdad de g\u00e9nero, seg\u00fan el 68 % de las mujeres encuestadas.<\/div>\n<div>La Web Summit se celebra desde 2016 en Lisboa, donde el a\u00f1o pasado reuni\u00f3 a alrededor de 70.000 personas de 160 pa\u00edses, con cerca de 2.600 start-ups, seg\u00fan cifras de los organizadores.&nbsp;<\/div>\t\t\t\t\t\t<\/div>\n\t\t\t\t<\/div>\n\t\t\t\t\t<\/div>\n\t\t<\/div>\n\t\t\t\t\t<\/div>\n\t\t<\/section>\n\t\t\t\t<\/div>\n\t\t","protected":false},"excerpt":{"rendered":"<p>El 51 % de las mujeres trabajadoras del sector tecnol\u00f3gico siente que cobra menos que los hombres, de manera injusta, y m\u00e1s de la mitad cree que hay falta de representaci\u00f3n en altos cargos, seg\u00fan un estudio divulgado este mi\u00e9rcoles por la Web Summit. El quinto \u201cInforme Mujeres en Tecnolog\u00eda\u201d, [&hellip;]<\/p>\n","protected":false},"author":3,"featured_media":6720,"comment_status":"open","ping_status":"open","sticky":false,"template":"","format":"standard","meta":{"_jetpack_memberships_contains_paid_content":false,"footnotes":""},"categories":[28],"tags":[],"class_list":["post-6719","post","type-post","status-publish","format-standard","has-post-thumbnail","hentry","category-sin-categoria"],"jetpack_featured_media_url":"https:\/\/sermujerytrabajo.es\/wp-content\/uploads\/2024\/10\/t.jpg","yoast_head":"<!-- This site is optimized with the Yoast SEO plugin v15.2 - https:\/\/yoast.com\/wordpress\/plugins\/seo\/ -->\n<title>EL 51 % DE LAS MUJERES DEL SECTOR TECNOL\u00d3GICO SIENTE QUE COBRA MENOS QUE LOS HOMBRES -<\/title>\n<meta name=\"robots\" content=\"index, follow, max-snippet:-1, max-image-preview:large, max-video-preview:-1\" \/>\n<link rel=\"canonical\" href=\"https:\/\/sermujerytrabajo.es\/?p=6719\" \/>\n<meta property=\"og:locale\" content=\"es_ES\" \/>\n<meta property=\"og:type\" content=\"article\" \/>\n<meta property=\"og:title\" content=\"EL 51 % DE LAS MUJERES DEL SECTOR TECNOL\u00d3GICO SIENTE QUE COBRA MENOS QUE LOS HOMBRES -\" \/>\n<meta property=\"og:description\" content=\"El 51 % de las mujeres trabajadoras del sector tecnol\u00f3gico siente que cobra menos que los hombres, de manera injusta, y m\u00e1s de la mitad cree que hay falta de representaci\u00f3n en altos cargos, seg\u00fan un estudio divulgado este mi\u00e9rcoles por la Web Summit. El quinto \u201cInforme Mujeres en Tecnolog\u00eda\u201d, [&hellip;]\" \/>\n<meta property=\"og:url\" content=\"https:\/\/sermujerytrabajo.es\/?p=6719\" \/>\n<meta property=\"article:published_time\" content=\"2024-10-17T14:46:17+00:00\" \/>\n<meta property=\"article:modified_time\" content=\"2024-10-17T14:52:42+00:00\" \/>\n<meta property=\"og:image\" content=\"https:\/\/sermujerytrabajo.es\/wp-content\/uploads\/2024\/10\/t.jpg\" \/>\n\t<meta property=\"og:image:width\" content=\"398\" \/>\n\t<meta property=\"og:image:height\" content=\"278\" \/>\n<meta name=\"twitter:card\" content=\"summary_large_image\" \/>\n<meta name=\"twitter:label1\" value=\"Escrito por\">\n\t<meta name=\"twitter:data1\" value=\"Maria Bego\u00f1a Garc\u00eda Gil\">\n\t<meta name=\"twitter:label2\" value=\"Tiempo de lectura\">\n\t<meta name=\"twitter:data2\" value=\"1 minuto\">\n<script type=\"application\/ld+json\" class=\"yoast-schema-graph\">{\"@context\":\"https:\/\/schema.org\",\"@graph\":[{\"@type\":\"Organization\",\"@id\":\"https:\/\/sermujerytrabajo.es\/#organization\",\"name\":\"Ser mujer en el mercado de trabajo\",\"url\":\"https:\/\/sermujerytrabajo.es\/\",\"sameAs\":[],\"logo\":{\"@type\":\"ImageObject\",\"@id\":\"https:\/\/sermujerytrabajo.es\/#logo\",\"inLanguage\":\"es\",\"url\":\"https:\/\/sermujerytrabajo.es\/wp-content\/uploads\/2020\/09\/d134bcc4-4ca2-476c-bef9-f663ae8535d2_200x200.png\",\"width\":200,\"height\":200,\"caption\":\"Ser mujer en el mercado de trabajo\"},\"image\":{\"@id\":\"https:\/\/sermujerytrabajo.es\/#logo\"}},{\"@type\":\"WebSite\",\"@id\":\"https:\/\/sermujerytrabajo.es\/#website\",\"url\":\"https:\/\/sermujerytrabajo.es\/\",\"name\":\"\",\"description\":\"\",\"publisher\":{\"@id\":\"https:\/\/sermujerytrabajo.es\/#organization\"},\"potentialAction\":[{\"@type\":\"SearchAction\",\"target\":\"https:\/\/sermujerytrabajo.es\/?s={search_term_string}\",\"query-input\":\"required name=search_term_string\"}],\"inLanguage\":\"es\"},{\"@type\":\"ImageObject\",\"@id\":\"https:\/\/sermujerytrabajo.es\/?p=6719#primaryimage\",\"inLanguage\":\"es\",\"url\":\"https:\/\/sermujerytrabajo.es\/wp-content\/uploads\/2024\/10\/t.jpg\",\"width\":398,\"height\":278},{\"@type\":\"WebPage\",\"@id\":\"https:\/\/sermujerytrabajo.es\/?p=6719#webpage\",\"url\":\"https:\/\/sermujerytrabajo.es\/?p=6719\",\"name\":\"EL 51 % DE LAS MUJERES DEL SECTOR TECNOL\\u00d3GICO SIENTE QUE COBRA MENOS QUE LOS HOMBRES -\",\"isPartOf\":{\"@id\":\"https:\/\/sermujerytrabajo.es\/#website\"},\"primaryImageOfPage\":{\"@id\":\"https:\/\/sermujerytrabajo.es\/?p=6719#primaryimage\"},\"datePublished\":\"2024-10-17T14:46:17+00:00\",\"dateModified\":\"2024-10-17T14:52:42+00:00\",\"inLanguage\":\"es\",\"potentialAction\":[{\"@type\":\"ReadAction\",\"target\":[\"https:\/\/sermujerytrabajo.es\/?p=6719\"]}]},{\"@type\":\"Article\",\"@id\":\"https:\/\/sermujerytrabajo.es\/?p=6719#article\",\"isPartOf\":{\"@id\":\"https:\/\/sermujerytrabajo.es\/?p=6719#webpage\"},\"author\":{\"@id\":\"https:\/\/sermujerytrabajo.es\/#\/schema\/person\/26a3e2d35cfc624b27a74a1d67c7867d\"},\"headline\":\"EL 51 % DE LAS MUJERES DEL SECTOR TECNOL\\u00d3GICO SIENTE QUE COBRA MENOS QUE LOS HOMBRES\",\"datePublished\":\"2024-10-17T14:46:17+00:00\",\"dateModified\":\"2024-10-17T14:52:42+00:00\",\"mainEntityOfPage\":{\"@id\":\"https:\/\/sermujerytrabajo.es\/?p=6719#webpage\"},\"publisher\":{\"@id\":\"https:\/\/sermujerytrabajo.es\/#organization\"},\"image\":{\"@id\":\"https:\/\/sermujerytrabajo.es\/?p=6719#primaryimage\"},\"inLanguage\":\"es\",\"potentialAction\":[{\"@type\":\"CommentAction\",\"name\":\"Comment\",\"target\":[\"https:\/\/sermujerytrabajo.es\/?p=6719#respond\"]}]},{\"@type\":\"Person\",\"@id\":\"https:\/\/sermujerytrabajo.es\/#\/schema\/person\/26a3e2d35cfc624b27a74a1d67c7867d\",\"name\":\"Maria Bego\\u00f1a Garc\\u00eda Gil\",\"image\":{\"@type\":\"ImageObject\",\"@id\":\"https:\/\/sermujerytrabajo.es\/#personlogo\",\"inLanguage\":\"es\",\"url\":\"https:\/\/secure.gravatar.com\/avatar\/7474a88b8aa50fe826f30e47589d4051fd5140125777f5b21c317bf835864866?s=96&d=mm&r=g\",\"caption\":\"Maria Bego\\u00f1a Garc\\u00eda Gil\"}}]}<\/script>\n<!-- \/ Yoast SEO plugin. -->","jetpack_sharing_enabled":true,"_links":{"self":[{"href":"https:\/\/sermujerytrabajo.es\/index.php?rest_route=\/wp\/v2\/posts\/6719","targetHints":{"allow":["GET"]}}],"collection":[{"href":"https:\/\/sermujerytrabajo.es\/index.php?rest_route=\/wp\/v2\/posts"}],"about":[{"href":"https:\/\/sermujerytrabajo.es\/index.php?rest_route=\/wp\/v2\/types\/post"}],"author":[{"embeddable":true,"href":"https:\/\/sermujerytrabajo.es\/index.php?rest_route=\/wp\/v2\/users\/3"}],"replies":[{"embeddable":true,"href":"https:\/\/sermujerytrabajo.es\/index.php?rest_route=%2Fwp%2Fv2%2Fcomments&post=6719"}],"version-history":[{"count":6,"href":"https:\/\/sermujerytrabajo.es\/index.php?rest_route=\/wp\/v2\/posts\/6719\/revisions"}],"predecessor-version":[{"id":6726,"href":"https:\/\/sermujerytrabajo.es\/index.php?rest_route=\/wp\/v2\/posts\/6719\/revisions\/6726"}],"wp:featuredmedia":[{"embeddable":true,"href":"https:\/\/sermujerytrabajo.es\/index.php?rest_route=\/wp\/v2\/media\/6720"}],"wp:attachment":[{"href":"https:\/\/sermujerytrabajo.es\/index.php?rest_route=%2Fwp%2Fv2%2Fmedia&parent=6719"}],"wp:term":[{"taxonomy":"category","embeddable":true,"href":"https:\/\/sermujerytrabajo.es\/index.php?rest_route=%2Fwp%2Fv2%2Fcategories&post=6719"},{"taxonomy":"post_tag","embeddable":true,"href":"https:\/\/sermujerytrabajo.es\/index.php?rest_route=%2Fwp%2Fv2%2Ftags&post=6719"}],"curies":[{"name":"wp","href":"https:\/\/api.w.org\/{rel}","templated":true}]}}