{"id":7175,"date":"2025-02-07T10:52:18","date_gmt":"2025-02-07T08:52:18","guid":{"rendered":"https:\/\/sermujerytrabajo.es\/?p=7175"},"modified":"2025-02-07T10:53:28","modified_gmt":"2025-02-07T08:53:28","slug":"se-estima-solicitud-de-teletrabajo-de-una-trabajadora-por-causa-de-discapacidad","status":"publish","type":"post","link":"https:\/\/sermujerytrabajo.es\/?p=7175","title":{"rendered":"SE ESTIMA SOLICITUD DE TELETRABAJO DE UNA TRABAJADORA POR CAUSA DE DISCAPACIDAD"},"content":{"rendered":"\t\t<div data-elementor-type=\"wp-post\" data-elementor-id=\"7175\" class=\"elementor elementor-7175\">\n\t\t\t\t\t\t<section class=\"elementor-section elementor-top-section elementor-element elementor-element-8dab951 elementor-section-boxed elementor-section-height-default elementor-section-height-default\" data-id=\"8dab951\" data-element_type=\"section\">\n\t\t\t\t\t\t<div class=\"elementor-container elementor-column-gap-default\">\n\t\t\t\t\t<div class=\"elementor-column elementor-col-100 elementor-top-column elementor-element elementor-element-49176dc\" data-id=\"49176dc\" data-element_type=\"column\">\n\t\t\t<div class=\"elementor-widget-wrap elementor-element-populated\">\n\t\t\t\t\t\t<div class=\"elementor-element elementor-element-ccf23e0 elementor-widget elementor-widget-text-editor\" data-id=\"ccf23e0\" data-element_type=\"widget\" data-widget_type=\"text-editor.default\">\n\t\t\t\t<div class=\"elementor-widget-container\">\n\t\t\t\t\t\t\t<div data-olk-copy-source=\"MessageBody\">El Tribunal Superior de Xustiza de Galicia (TSXG), a trav\u00e9s de la STSJ Galicia n\u00ba 155\/2025 de 15 enero de 2025, ha estimado la solicitud de teletrabajo de una profesora por causa de discapacidad. De esta forma, ha rechazado el recurso interpuesto por la Xunta contra la sentencia emitida en primera instancia por el Juzgado de lo Social n\u00famero 2 de Santiago de Compostela, pues entiende probado que la funcionaria demandante, por las dolencias que padece, entre ellas patolog\u00edas respiratorias, es una<b>\u00a0persona con discapacidad<\/b>. As\u00ed, se\u00f1ala que el servicio de medicina interna de la sanidad p\u00fablica recomend\u00f3 \u201cadecuaci\u00f3n del puesto de trabajo y carga laboral, evitando, en la medida de lo posible, la exposici\u00f3n a agentes infecciosos respiratorios\u201d.<\/div><div>La Sala de lo Social concluye que la Xunta, a pesar de su obligaci\u00f3n de<span>\u00a0<\/span><b>adaptar el puesto de trabajo<\/b>\u00a0de la demandante, \u201cni ha verificado si es posible llenar de contenido y definir las tareas del teletrabajo solicitado, ni nada le ha comunicado a la trabajadora al respecto, ofertando en su caso una posible alternativa\u201d, indican los magistrados, quienes a\u00f1aden que \u201csimplemente se ha enrocado en que la trabajadora no es apta y, en consecuencia, nada hay que adaptar, y en que no ha dado contenido al teletrabajo solicitado, motivos ninguno de los cuales se ajusta a la regulaci\u00f3n sobre la adaptaci\u00f3n del trabajo contemplada en las normas sobre prevenci\u00f3n de riesgos laborales aplicables en relaci\u00f3n con las normas internacionales, europeas y nacionales sobre la prohibici\u00f3n de discriminaci\u00f3n por causa de discapacidad\u201d.<\/div><div><span>En el fallo, la Sala de lo Social destaca que la empleadora no ha atendido a las solicitudes de adaptaci\u00f3n, en concreto, teletrabajo, \u201csin que, como destaca la juzgadora de instancia, exista dato alguno que le impida llevar a cabo la adaptaci\u00f3n solicitada\u201d. Los magistrados se\u00f1alan que comparten la conclusi\u00f3n de la sentencia del Juzgado de lo Social n\u00famero 2 de Santiago de Compostela relativa al\u00a0<b>incumplimiento de la obligaci\u00f3n de adaptaci\u00f3n contemplada en la normativa sobre prevenci\u00f3n de riesgos laborales<\/b>, a lo que a\u00f1aden que, en este caso, tambi\u00e9n tiene afectaci\u00f3n el derecho fundamental a la integridad f\u00edsica y moral \u2013\u00a0<\/span><span><a shash=\"VxbeYPdGwRN5W+WE0T\/W2C4ZfjC7SRUsJi\/KNeikWPTItskWptcQbqBKqIvLyvtfC9u64hqw3bBBuBktk14RwXhqfRQ5jfLZ5zz9Cko+NQ5tD4Bu43AixgwTXOVifYq7CH2lJSY7cRsDlZcFhHfyApC9YW1f7Bf6I6UXd94NSGQ=\" originalsrc=\"https:\/\/vlex.es\/vid\/constitucion-126929\" id=\"OWA5cf7b9af-1ed3-ab35-e571-7585fefb0fef\" data-auth=\"Verified\" rel=\"noopener noreferrer\" target=\"_blank\" href=\"https:\/\/eur02.safelinks.protection.outlook.com\/?url=https%3A%2F%2Fvlex.es%2Fvid%2Fconstitucion-126929&amp;data=05%7C02%7Cbegona.garcia%40urjc.es%7C8168e473da914ded130008dd468e9d1c%7C5f84c4ea370d4b9e830c756f8bf1b51f%7C0%7C0%7C638744300502700254%7CUnknown%7CTWFpbGZsb3d8eyJFbXB0eU1hcGkiOnRydWUsIlYiOiIwLjAuMDAwMCIsIlAiOiJXaW4zMiIsIkFOIjoiTWFpbCIsIldUIjoyfQ%3D%3D%7C0%7C%7C%7C&amp;sdata=Kc7I2S5PV3DpwgPmQ3PLcYcMM3FB1VNsEUaZZWrBqKY%3D&amp;reserved=0\" title=\"Direcci\u00f3n URL original: https:\/\/vlex.es\/vid\/constitucion-126929. Haga clic o pulse si conf\u00eda en este v\u00ednculo.\" data-linkindex=\"0\">Constituci\u00f3n Espa\u00f1ola<\/a><\/span><span>,\u00a0<\/span><span><a shash=\"Z4Wn\/OOfDW2N4\/HbgRY2qmJUFwl1H56OgJMMKxCFIcCo1KZRqp1XfqeWNn4JiZpI9SjOk2Wk\/J+LzcnF8m4IeuwdoB3Dp9Uk5hh31lrpsDzNocloVcoFFZbakAZ7CWAahj+8nd8bkAa8OyDXv5R8NevmDOLDsjvje9R6Ez0rjg4=\" originalsrc=\"https:\/\/vlex.es\/vid\/constitucion-126929\" id=\"OWA745cb7b2-72d7-efd3-7e43-489875f0ab0e\" data-auth=\"Verified\" rel=\"noopener noreferrer\" target=\"_blank\" href=\"https:\/\/eur02.safelinks.protection.outlook.com\/?url=https%3A%2F%2Fvlex.es%2Fvid%2Fconstitucion-126929&amp;data=05%7C02%7Cbegona.garcia%40urjc.es%7C8168e473da914ded130008dd468e9d1c%7C5f84c4ea370d4b9e830c756f8bf1b51f%7C0%7C0%7C638744300502720751%7CUnknown%7CTWFpbGZsb3d8eyJFbXB0eU1hcGkiOnRydWUsIlYiOiIwLjAuMDAwMCIsIlAiOiJXaW4zMiIsIkFOIjoiTWFpbCIsIldUIjoyfQ%3D%3D%7C0%7C%7C%7C&amp;sdata=DQhHErxxzqx4I3Uq4kI2r6TttJKw709%2BOfwkEYwNpDk%3D&amp;reserved=0\" title=\"Direcci\u00f3n URL original: https:\/\/vlex.es\/vid\/constitucion-126929. Haga clic o pulse si conf\u00eda en este v\u00ednculo.\" data-linkindex=\"1\">art\u00edculo 15<\/a><\/span><span>-, en relaci\u00f3n con la\u00a0<b>prohibici\u00f3n de discriminaci\u00f3n por causa de discapacidad<\/b>.<\/span><\/div><div>\u201cResulta evidente que la empleadora demandada no solo ten\u00eda constancia de la solicitud de adaptaci\u00f3n de la funcionaria demandante con independencia del puesto de trabajo, efectivamente ocupado como docente presencial, adem\u00e1s era perfectamente conocedora de la situaci\u00f3n de salud de la funcionaria demandante\u201d, subraya el alto tribunal gallego en la resoluci\u00f3n, en la que agrega que \u201clo que se afirma en la sentencia de instancia, en l\u00ednea con todos los informes m\u00e9dicos y del servicio de prevenci\u00f3n, es que<b>\u00a0la incapacidad es para el puesto de trabajo de docente presencial, no para todo trabajo<\/b>, de ah\u00ed que, si consideramos adem\u00e1s que la obligaci\u00f3n de adaptaci\u00f3n incluye un eventual cambio de puesto si lo hubiere en la empleadora, la conclusi\u00f3n alcanzada en la sentencia de instancia debe ser avalada por la Sala\u201d. El fallo no es firme, pues cabe presentar recurso de casaci\u00f3n ante el Tribunal Supremo.<\/div><div>FUENTE: VLEX<\/div>\t\t\t\t\t\t<\/div>\n\t\t\t\t<\/div>\n\t\t\t\t\t<\/div>\n\t\t<\/div>\n\t\t\t\t\t<\/div>\n\t\t<\/section>\n\t\t\t\t<\/div>\n\t\t","protected":false},"excerpt":{"rendered":"<p>El Tribunal Superior de Xustiza de Galicia (TSXG), a trav\u00e9s de la STSJ Galicia n\u00ba 155\/2025 de 15 enero de 2025, ha estimado la solicitud de teletrabajo de una profesora por causa de discapacidad. De esta forma, ha rechazado el recurso interpuesto por la Xunta contra la sentencia emitida en [&hellip;]<\/p>\n","protected":false},"author":3,"featured_media":7176,"comment_status":"open","ping_status":"open","sticky":false,"template":"","format":"standard","meta":{"_jetpack_memberships_contains_paid_content":false,"footnotes":""},"categories":[28],"tags":[],"class_list":["post-7175","post","type-post","status-publish","format-standard","has-post-thumbnail","hentry","category-sin-categoria"],"jetpack_featured_media_url":"https:\/\/sermujerytrabajo.es\/wp-content\/uploads\/2025\/02\/TELETRABAJO.jpg","yoast_head":"<!-- This site is optimized with the Yoast SEO plugin v15.2 - https:\/\/yoast.com\/wordpress\/plugins\/seo\/ -->\n<title>SE ESTIMA SOLICITUD DE TELETRABAJO DE UNA TRABAJADORA POR CAUSA DE DISCAPACIDAD -<\/title>\n<meta name=\"robots\" content=\"index, follow, max-snippet:-1, max-image-preview:large, max-video-preview:-1\" \/>\n<link rel=\"canonical\" href=\"https:\/\/sermujerytrabajo.es\/?p=7175\" \/>\n<meta property=\"og:locale\" content=\"es_ES\" \/>\n<meta property=\"og:type\" content=\"article\" \/>\n<meta property=\"og:title\" content=\"SE ESTIMA SOLICITUD DE TELETRABAJO DE UNA TRABAJADORA POR CAUSA DE DISCAPACIDAD -\" \/>\n<meta property=\"og:description\" content=\"El Tribunal Superior de Xustiza de Galicia (TSXG), a trav\u00e9s de la STSJ Galicia n\u00ba 155\/2025 de 15 enero de 2025, ha estimado la solicitud de teletrabajo de una profesora por causa de discapacidad. De esta forma, ha rechazado el recurso interpuesto por la Xunta contra la sentencia emitida en [&hellip;]\" \/>\n<meta property=\"og:url\" content=\"https:\/\/sermujerytrabajo.es\/?p=7175\" \/>\n<meta property=\"article:published_time\" content=\"2025-02-07T08:52:18+00:00\" \/>\n<meta property=\"article:modified_time\" content=\"2025-02-07T08:53:28+00:00\" \/>\n<meta property=\"og:image\" content=\"https:\/\/sermujerytrabajo.es\/wp-content\/uploads\/2025\/02\/TELETRABAJO.jpg\" \/>\n\t<meta property=\"og:image:width\" content=\"430\" \/>\n\t<meta property=\"og:image:height\" content=\"288\" \/>\n<meta name=\"twitter:card\" content=\"summary_large_image\" \/>\n<meta name=\"twitter:label1\" value=\"Escrito por\">\n\t<meta name=\"twitter:data1\" value=\"Maria Bego\u00f1a Garc\u00eda Gil\">\n\t<meta name=\"twitter:label2\" value=\"Tiempo de lectura\">\n\t<meta name=\"twitter:data2\" value=\"2 minutos\">\n<script type=\"application\/ld+json\" class=\"yoast-schema-graph\">{\"@context\":\"https:\/\/schema.org\",\"@graph\":[{\"@type\":\"Organization\",\"@id\":\"https:\/\/sermujerytrabajo.es\/#organization\",\"name\":\"Ser mujer en el mercado de trabajo\",\"url\":\"https:\/\/sermujerytrabajo.es\/\",\"sameAs\":[],\"logo\":{\"@type\":\"ImageObject\",\"@id\":\"https:\/\/sermujerytrabajo.es\/#logo\",\"inLanguage\":\"es\",\"url\":\"https:\/\/sermujerytrabajo.es\/wp-content\/uploads\/2020\/09\/d134bcc4-4ca2-476c-bef9-f663ae8535d2_200x200.png\",\"width\":200,\"height\":200,\"caption\":\"Ser mujer en el mercado de trabajo\"},\"image\":{\"@id\":\"https:\/\/sermujerytrabajo.es\/#logo\"}},{\"@type\":\"WebSite\",\"@id\":\"https:\/\/sermujerytrabajo.es\/#website\",\"url\":\"https:\/\/sermujerytrabajo.es\/\",\"name\":\"\",\"description\":\"\",\"publisher\":{\"@id\":\"https:\/\/sermujerytrabajo.es\/#organization\"},\"potentialAction\":[{\"@type\":\"SearchAction\",\"target\":\"https:\/\/sermujerytrabajo.es\/?s={search_term_string}\",\"query-input\":\"required name=search_term_string\"}],\"inLanguage\":\"es\"},{\"@type\":\"ImageObject\",\"@id\":\"https:\/\/sermujerytrabajo.es\/?p=7175#primaryimage\",\"inLanguage\":\"es\",\"url\":\"https:\/\/sermujerytrabajo.es\/wp-content\/uploads\/2025\/02\/TELETRABAJO.jpg\",\"width\":430,\"height\":288},{\"@type\":\"WebPage\",\"@id\":\"https:\/\/sermujerytrabajo.es\/?p=7175#webpage\",\"url\":\"https:\/\/sermujerytrabajo.es\/?p=7175\",\"name\":\"SE ESTIMA SOLICITUD DE TELETRABAJO DE UNA TRABAJADORA POR CAUSA DE DISCAPACIDAD -\",\"isPartOf\":{\"@id\":\"https:\/\/sermujerytrabajo.es\/#website\"},\"primaryImageOfPage\":{\"@id\":\"https:\/\/sermujerytrabajo.es\/?p=7175#primaryimage\"},\"datePublished\":\"2025-02-07T08:52:18+00:00\",\"dateModified\":\"2025-02-07T08:53:28+00:00\",\"inLanguage\":\"es\",\"potentialAction\":[{\"@type\":\"ReadAction\",\"target\":[\"https:\/\/sermujerytrabajo.es\/?p=7175\"]}]},{\"@type\":\"Article\",\"@id\":\"https:\/\/sermujerytrabajo.es\/?p=7175#article\",\"isPartOf\":{\"@id\":\"https:\/\/sermujerytrabajo.es\/?p=7175#webpage\"},\"author\":{\"@id\":\"https:\/\/sermujerytrabajo.es\/#\/schema\/person\/26a3e2d35cfc624b27a74a1d67c7867d\"},\"headline\":\"SE ESTIMA SOLICITUD DE TELETRABAJO DE UNA TRABAJADORA POR CAUSA DE DISCAPACIDAD\",\"datePublished\":\"2025-02-07T08:52:18+00:00\",\"dateModified\":\"2025-02-07T08:53:28+00:00\",\"mainEntityOfPage\":{\"@id\":\"https:\/\/sermujerytrabajo.es\/?p=7175#webpage\"},\"publisher\":{\"@id\":\"https:\/\/sermujerytrabajo.es\/#organization\"},\"image\":{\"@id\":\"https:\/\/sermujerytrabajo.es\/?p=7175#primaryimage\"},\"inLanguage\":\"es\",\"potentialAction\":[{\"@type\":\"CommentAction\",\"name\":\"Comment\",\"target\":[\"https:\/\/sermujerytrabajo.es\/?p=7175#respond\"]}]},{\"@type\":\"Person\",\"@id\":\"https:\/\/sermujerytrabajo.es\/#\/schema\/person\/26a3e2d35cfc624b27a74a1d67c7867d\",\"name\":\"Maria Bego\\u00f1a Garc\\u00eda Gil\",\"image\":{\"@type\":\"ImageObject\",\"@id\":\"https:\/\/sermujerytrabajo.es\/#personlogo\",\"inLanguage\":\"es\",\"url\":\"https:\/\/secure.gravatar.com\/avatar\/7474a88b8aa50fe826f30e47589d4051fd5140125777f5b21c317bf835864866?s=96&d=mm&r=g\",\"caption\":\"Maria Bego\\u00f1a Garc\\u00eda Gil\"}}]}<\/script>\n<!-- \/ Yoast SEO plugin. -->","jetpack_sharing_enabled":true,"_links":{"self":[{"href":"https:\/\/sermujerytrabajo.es\/index.php?rest_route=\/wp\/v2\/posts\/7175","targetHints":{"allow":["GET"]}}],"collection":[{"href":"https:\/\/sermujerytrabajo.es\/index.php?rest_route=\/wp\/v2\/posts"}],"about":[{"href":"https:\/\/sermujerytrabajo.es\/index.php?rest_route=\/wp\/v2\/types\/post"}],"author":[{"embeddable":true,"href":"https:\/\/sermujerytrabajo.es\/index.php?rest_route=\/wp\/v2\/users\/3"}],"replies":[{"embeddable":true,"href":"https:\/\/sermujerytrabajo.es\/index.php?rest_route=%2Fwp%2Fv2%2Fcomments&post=7175"}],"version-history":[{"count":4,"href":"https:\/\/sermujerytrabajo.es\/index.php?rest_route=\/wp\/v2\/posts\/7175\/revisions"}],"predecessor-version":[{"id":7180,"href":"https:\/\/sermujerytrabajo.es\/index.php?rest_route=\/wp\/v2\/posts\/7175\/revisions\/7180"}],"wp:featuredmedia":[{"embeddable":true,"href":"https:\/\/sermujerytrabajo.es\/index.php?rest_route=\/wp\/v2\/media\/7176"}],"wp:attachment":[{"href":"https:\/\/sermujerytrabajo.es\/index.php?rest_route=%2Fwp%2Fv2%2Fmedia&parent=7175"}],"wp:term":[{"taxonomy":"category","embeddable":true,"href":"https:\/\/sermujerytrabajo.es\/index.php?rest_route=%2Fwp%2Fv2%2Fcategories&post=7175"},{"taxonomy":"post_tag","embeddable":true,"href":"https:\/\/sermujerytrabajo.es\/index.php?rest_route=%2Fwp%2Fv2%2Ftags&post=7175"}],"curies":[{"name":"wp","href":"https:\/\/api.w.org\/{rel}","templated":true}]}}