{"id":7309,"date":"2025-02-25T19:52:46","date_gmt":"2025-02-25T17:52:46","guid":{"rendered":"https:\/\/sermujerytrabajo.es\/?p=7309"},"modified":"2025-02-25T19:58:21","modified_gmt":"2025-02-25T17:58:21","slug":"toda-la-jornada-formativa-de-planes-de-igualdad-con-ccoo","status":"publish","type":"post","link":"https:\/\/sermujerytrabajo.es\/?p=7309","title":{"rendered":"TODA LA JORNADA FORMATIVA DE PLANES DE IGUALDAD CON CCOO"},"content":{"rendered":"\t\t<div data-elementor-type=\"wp-post\" data-elementor-id=\"7309\" class=\"elementor elementor-7309\">\n\t\t\t\t\t\t<section class=\"elementor-section elementor-top-section elementor-element elementor-element-e01ce4e elementor-section-boxed elementor-section-height-default elementor-section-height-default\" data-id=\"e01ce4e\" data-element_type=\"section\">\n\t\t\t\t\t\t<div class=\"elementor-container elementor-column-gap-default\">\n\t\t\t\t\t<div class=\"elementor-column elementor-col-100 elementor-top-column elementor-element elementor-element-4d00d97\" data-id=\"4d00d97\" data-element_type=\"column\">\n\t\t\t<div class=\"elementor-widget-wrap\">\n\t\t\t\t\t\t\t<\/div>\n\t\t<\/div>\n\t\t\t\t\t<\/div>\n\t\t<\/section>\n\t\t\t\t<section class=\"elementor-section elementor-top-section elementor-element elementor-element-7182bf0 elementor-section-boxed elementor-section-height-default elementor-section-height-default\" data-id=\"7182bf0\" data-element_type=\"section\">\n\t\t\t\t\t\t<div class=\"elementor-container elementor-column-gap-default\">\n\t\t\t\t\t<div class=\"elementor-column elementor-col-100 elementor-top-column elementor-element elementor-element-2cf4d31\" data-id=\"2cf4d31\" data-element_type=\"column\">\n\t\t\t<div class=\"elementor-widget-wrap elementor-element-populated\">\n\t\t\t\t\t\t<div class=\"elementor-element elementor-element-d39c654 elementor-widget elementor-widget-video\" data-id=\"d39c654\" data-element_type=\"widget\" data-settings=\"{&quot;youtube_url&quot;:&quot;https:\\\/\\\/youtu.be\\\/QrKkTP1C1oE&quot;,&quot;video_type&quot;:&quot;youtube&quot;,&quot;controls&quot;:&quot;yes&quot;}\" data-widget_type=\"video.default\">\n\t\t\t\t<div class=\"elementor-widget-container\">\n\t\t\t\t\t<div class=\"elementor-wrapper elementor-open-inline\">\n\t\t\t<div class=\"elementor-video\"><\/div>\t\t<\/div>\n\t\t\t\t<\/div>\n\t\t\t\t<\/div>\n\t\t\t\t\t<\/div>\n\t\t<\/div>\n\t\t\t\t\t<\/div>\n\t\t<\/section>\n\t\t\t\t<section class=\"elementor-section elementor-top-section elementor-element elementor-element-2059595 elementor-section-boxed elementor-section-height-default elementor-section-height-default\" data-id=\"2059595\" data-element_type=\"section\">\n\t\t\t\t\t\t<div class=\"elementor-container elementor-column-gap-default\">\n\t\t\t\t\t<div class=\"elementor-column elementor-col-100 elementor-top-column elementor-element elementor-element-42e3627\" data-id=\"42e3627\" data-element_type=\"column\">\n\t\t\t<div class=\"elementor-widget-wrap elementor-element-populated\">\n\t\t\t\t\t\t<div class=\"elementor-element elementor-element-bf07de0 elementor-widget elementor-widget-text-editor\" data-id=\"bf07de0\" data-element_type=\"widget\" data-widget_type=\"text-editor.default\">\n\t\t\t\t<div class=\"elementor-widget-container\">\n\t\t\t\t\t\t\t<p class=\"titular\">CCOO celebr\u00f3 la jornada formativa \u00abLa aplicaci\u00f3n de los planes de igualdad\u00bb.<\/p><div class=\"subtitulos\"><ul id=\"divSubtitulos\"><\/ul><\/div><p class=\"entradilla\" id=\"pEntradilla\">El d\u00eda 20 de febrero de 2025, las secretar\u00edas confederales de Acci\u00f3n Sindical y Empleo, y Mujeres, Igualdad de Trato y Condiciones de Trabajo celebraron la jornada formativa \u00abLa aplicaci\u00f3n de los Planes de Igualdad. Presentaci\u00f3n de los resultados del Informe sobre el an\u00e1lisis de los acuerdos de los Planes de Igualdad\u00bb.<\/p><div id=\"divFechaFuente\" class=\"fecha\">24\/02\/2025.<\/div><div class=\"principal\"><div id=\"divCuerpo\" class=\"cuerpo\"><div class=\"imagen_v001\"><p><a href=\"https:\/\/www.ccoo.es\/a4a2cfb415b585e8137fb6726a35d86f000001.jpeg\" id=\"a_719188\" target=\"_blank\" title=\"Ampliar imagen\" rel=\"noopener\"><img decoding=\"async\" src=\"https:\/\/www.ccoo.es\/a4a2cfb415b585e8137fb6726a35d86f000001.jpeg\" id=\"imagen_719188\" alt=\"Foto 1\" \/><\/a><\/p><\/div><p>El pasado 20 de febrero se celebr\u00f3 en la Escuela Sindical Juan Mu\u00f1iz Zapico una jornada de presentaci\u00f3n de un estudio dirigido a analizar los contenidos de los planes de igualdad para realizar un balance de resultados a partir de una muestra de los mismos. El estudio es el resultado de un encargo de la Comisi\u00f3n Consultiva Nacional de Convenios Colectivos (CCNCC) a un grupo de profesoras de distintas Universidades, y ha sido coordinado por Mar\u00eda Luisa Molero, catedr\u00e1tica de Derecho del Trabajo de la Universidad Juan Carlos I, y Patricia Nieto, profesora de Derecho del Trabajo de la UNED.<\/p><p>A la jornada asistieron m\u00e1s de 60 personas responsables de la negociaci\u00f3n de los planes de igualdad de distintas federaciones y territorios, que han sido las protagonistas en la integraci\u00f3n de la perspectiva de g\u00e9nero en la negociaci\u00f3n colectiva, y a quienes este balance permite ahondar en el conocimiento de nuestra actuaci\u00f3n, al tiempo que ayuda a que las pr\u00e1cticas de la negociaci\u00f3n resulten m\u00e1s eficaces para equilibrar las relaciones de trabajo entre mujeres y hombres.<\/p><p>La jornada comenz\u00f3 con las palabras de bienvenida de Maricruz Vicente, secretaria de Acci\u00f3n Sindical y Empleo, y destac\u00f3 que una de las ventajas de este estudio es el m\u00e9todo de an\u00e1lisis adoptado por las autoras, consistente en resumir de forma pr\u00e1ctica los principales elementos analizados en cada materia, seguido de un apartado de propuestas de mejora de las experiencias analizadas o sugerencias de futuro, pues es lo que nos permite reflexionar y avanzar.<\/p><p>A continuaci\u00f3n, la primera mesa redonda valoraba el grado de cumplimiento de la obligaci\u00f3n de los PI. En ella participaron la coordinadora del estudio Mar\u00eda Luisa Molero, y las profesoras de la UNED, Cristina Arag\u00f3n, y de la Universidad Complutense, M\u00f3nica Llano, quienes resumieron las principales conclusiones de sus an\u00e1lisis sobre el cumplimiento empresarial de la obligaci\u00f3n de los PI, los problemas relativos al procedimiento de negociaci\u00f3n y la valoraci\u00f3n del diagn\u00f3stico, as\u00ed como recomendaciones de futuro. La mesa cont\u00f3 con la moderaci\u00f3n de Bego\u00f1a Marug\u00e1n, adjunta de la Secretar\u00eda confederal de Mujeres y Condiciones de Trabajo.<\/p><p>En la segunda mesa redonda se abordaron los contenidos de los\u00a0PI y estuvo formada por las profesoras de la Universidad Juan Carlos I, Bego\u00f1a Gil y\u00a0Macarena Castro, y Patricia Nieto de la UNED, quienes trataron los temas de selecci\u00f3n, contrataci\u00f3n y tiempo de trabajo, clasificaci\u00f3n profesional y valoraci\u00f3n de puestos de trabajo, los instrumentos de transparencia retributiva, y las acciones en salud laboral con perspectiva de g\u00e9nero. La moderaci\u00f3n de esta mesa y del debate que sigui\u00f3 a continuaci\u00f3n lo realiz\u00f3 Amaia Otaegui, de la Secretar\u00eda de Acci\u00f3n Sindical y Empleo. La clausura estuvo a cargo de Carolina Vidal, secretaria confederal de Mujeres y Condiciones de trabajo, quien en su intervenci\u00f3n destac\u00f3 la necesidad de profundizar en la articulaci\u00f3n entre la universidad y el mundo sindical, de posibilitar un intercambio de experiencias y en especial de realizar un debate profundo sobre un tema que es estrat\u00e9gico para nuestra organizaci\u00f3n.<\/p><\/div><\/div>\t\t\t\t\t\t<\/div>\n\t\t\t\t<\/div>\n\t\t\t\t\t<\/div>\n\t\t<\/div>\n\t\t\t\t\t<\/div>\n\t\t<\/section>\n\t\t\t\t<\/div>\n\t\t","protected":false},"excerpt":{"rendered":"<p>https:\/\/youtu.be\/QrKkTP1C1oE CCOO celebr\u00f3 la jornada formativa \u00abLa aplicaci\u00f3n de los planes de igualdad\u00bb. El d\u00eda 20 de febrero de 2025, las secretar\u00edas confederales de Acci\u00f3n Sindical y Empleo, y Mujeres, Igualdad de Trato y Condiciones de Trabajo celebraron la jornada formativa \u00abLa aplicaci\u00f3n de los Planes de Igualdad. Presentaci\u00f3n de [&hellip;]<\/p>\n","protected":false},"author":3,"featured_media":7256,"comment_status":"open","ping_status":"open","sticky":false,"template":"","format":"standard","meta":{"_jetpack_memberships_contains_paid_content":false,"footnotes":""},"categories":[1],"tags":[],"class_list":["post-7309","post","type-post","status-publish","format-standard","has-post-thumbnail","hentry","category-eventos"],"jetpack_featured_media_url":"https:\/\/sermujerytrabajo.es\/wp-content\/uploads\/2025\/02\/jornada-ccoo.jpg","yoast_head":"<!-- This site is optimized with the Yoast SEO plugin v15.2 - https:\/\/yoast.com\/wordpress\/plugins\/seo\/ -->\n<title>TODA LA JORNADA FORMATIVA DE PLANES DE IGUALDAD CON CCOO -<\/title>\n<meta name=\"robots\" content=\"index, follow, max-snippet:-1, max-image-preview:large, max-video-preview:-1\" \/>\n<link rel=\"canonical\" href=\"https:\/\/sermujerytrabajo.es\/?p=7309\" \/>\n<meta property=\"og:locale\" content=\"es_ES\" \/>\n<meta property=\"og:type\" content=\"article\" \/>\n<meta property=\"og:title\" content=\"TODA LA JORNADA FORMATIVA DE PLANES DE IGUALDAD CON CCOO -\" \/>\n<meta property=\"og:description\" content=\"https:\/\/youtu.be\/QrKkTP1C1oE CCOO celebr\u00f3 la jornada formativa \u00abLa aplicaci\u00f3n de los planes de igualdad\u00bb. El d\u00eda 20 de febrero de 2025, las secretar\u00edas confederales de Acci\u00f3n Sindical y Empleo, y Mujeres, Igualdad de Trato y Condiciones de Trabajo celebraron la jornada formativa \u00abLa aplicaci\u00f3n de los Planes de Igualdad. Presentaci\u00f3n de [&hellip;]\" \/>\n<meta property=\"og:url\" content=\"https:\/\/sermujerytrabajo.es\/?p=7309\" \/>\n<meta property=\"article:published_time\" content=\"2025-02-25T17:52:46+00:00\" \/>\n<meta property=\"article:modified_time\" content=\"2025-02-25T17:58:21+00:00\" \/>\n<meta property=\"og:image\" content=\"https:\/\/sermujerytrabajo.es\/wp-content\/uploads\/2025\/02\/jornada-ccoo.jpg\" \/>\n\t<meta property=\"og:image:width\" content=\"1600\" \/>\n\t<meta property=\"og:image:height\" content=\"1200\" \/>\n<meta name=\"twitter:card\" content=\"summary_large_image\" \/>\n<meta name=\"twitter:label1\" value=\"Escrito por\">\n\t<meta name=\"twitter:data1\" value=\"Maria Bego\u00f1a Garc\u00eda Gil\">\n\t<meta name=\"twitter:label2\" value=\"Tiempo de lectura\">\n\t<meta name=\"twitter:data2\" value=\"2 minutos\">\n<script type=\"application\/ld+json\" class=\"yoast-schema-graph\">{\"@context\":\"https:\/\/schema.org\",\"@graph\":[{\"@type\":\"Organization\",\"@id\":\"https:\/\/sermujerytrabajo.es\/#organization\",\"name\":\"Ser mujer en el mercado de trabajo\",\"url\":\"https:\/\/sermujerytrabajo.es\/\",\"sameAs\":[],\"logo\":{\"@type\":\"ImageObject\",\"@id\":\"https:\/\/sermujerytrabajo.es\/#logo\",\"inLanguage\":\"es\",\"url\":\"https:\/\/sermujerytrabajo.es\/wp-content\/uploads\/2020\/09\/d134bcc4-4ca2-476c-bef9-f663ae8535d2_200x200.png\",\"width\":200,\"height\":200,\"caption\":\"Ser mujer en el mercado de trabajo\"},\"image\":{\"@id\":\"https:\/\/sermujerytrabajo.es\/#logo\"}},{\"@type\":\"WebSite\",\"@id\":\"https:\/\/sermujerytrabajo.es\/#website\",\"url\":\"https:\/\/sermujerytrabajo.es\/\",\"name\":\"\",\"description\":\"\",\"publisher\":{\"@id\":\"https:\/\/sermujerytrabajo.es\/#organization\"},\"potentialAction\":[{\"@type\":\"SearchAction\",\"target\":\"https:\/\/sermujerytrabajo.es\/?s={search_term_string}\",\"query-input\":\"required name=search_term_string\"}],\"inLanguage\":\"es\"},{\"@type\":\"ImageObject\",\"@id\":\"https:\/\/sermujerytrabajo.es\/?p=7309#primaryimage\",\"inLanguage\":\"es\",\"url\":\"https:\/\/sermujerytrabajo.es\/wp-content\/uploads\/2025\/02\/jornada-ccoo.jpg\",\"width\":1600,\"height\":1200,\"caption\":\"GRACIAS\"},{\"@type\":\"WebPage\",\"@id\":\"https:\/\/sermujerytrabajo.es\/?p=7309#webpage\",\"url\":\"https:\/\/sermujerytrabajo.es\/?p=7309\",\"name\":\"TODA LA JORNADA FORMATIVA DE PLANES DE IGUALDAD CON CCOO -\",\"isPartOf\":{\"@id\":\"https:\/\/sermujerytrabajo.es\/#website\"},\"primaryImageOfPage\":{\"@id\":\"https:\/\/sermujerytrabajo.es\/?p=7309#primaryimage\"},\"datePublished\":\"2025-02-25T17:52:46+00:00\",\"dateModified\":\"2025-02-25T17:58:21+00:00\",\"inLanguage\":\"es\",\"potentialAction\":[{\"@type\":\"ReadAction\",\"target\":[\"https:\/\/sermujerytrabajo.es\/?p=7309\"]}]},{\"@type\":\"Article\",\"@id\":\"https:\/\/sermujerytrabajo.es\/?p=7309#article\",\"isPartOf\":{\"@id\":\"https:\/\/sermujerytrabajo.es\/?p=7309#webpage\"},\"author\":{\"@id\":\"https:\/\/sermujerytrabajo.es\/#\/schema\/person\/26a3e2d35cfc624b27a74a1d67c7867d\"},\"headline\":\"TODA LA JORNADA FORMATIVA DE PLANES DE IGUALDAD CON CCOO\",\"datePublished\":\"2025-02-25T17:52:46+00:00\",\"dateModified\":\"2025-02-25T17:58:21+00:00\",\"mainEntityOfPage\":{\"@id\":\"https:\/\/sermujerytrabajo.es\/?p=7309#webpage\"},\"publisher\":{\"@id\":\"https:\/\/sermujerytrabajo.es\/#organization\"},\"image\":{\"@id\":\"https:\/\/sermujerytrabajo.es\/?p=7309#primaryimage\"},\"articleSection\":\"Eventos\",\"inLanguage\":\"es\",\"potentialAction\":[{\"@type\":\"CommentAction\",\"name\":\"Comment\",\"target\":[\"https:\/\/sermujerytrabajo.es\/?p=7309#respond\"]}]},{\"@type\":\"Person\",\"@id\":\"https:\/\/sermujerytrabajo.es\/#\/schema\/person\/26a3e2d35cfc624b27a74a1d67c7867d\",\"name\":\"Maria Bego\\u00f1a Garc\\u00eda Gil\",\"image\":{\"@type\":\"ImageObject\",\"@id\":\"https:\/\/sermujerytrabajo.es\/#personlogo\",\"inLanguage\":\"es\",\"url\":\"https:\/\/secure.gravatar.com\/avatar\/7474a88b8aa50fe826f30e47589d4051fd5140125777f5b21c317bf835864866?s=96&d=mm&r=g\",\"caption\":\"Maria Bego\\u00f1a Garc\\u00eda Gil\"}}]}<\/script>\n<!-- \/ Yoast SEO plugin. -->","jetpack_sharing_enabled":true,"_links":{"self":[{"href":"https:\/\/sermujerytrabajo.es\/index.php?rest_route=\/wp\/v2\/posts\/7309","targetHints":{"allow":["GET"]}}],"collection":[{"href":"https:\/\/sermujerytrabajo.es\/index.php?rest_route=\/wp\/v2\/posts"}],"about":[{"href":"https:\/\/sermujerytrabajo.es\/index.php?rest_route=\/wp\/v2\/types\/post"}],"author":[{"embeddable":true,"href":"https:\/\/sermujerytrabajo.es\/index.php?rest_route=\/wp\/v2\/users\/3"}],"replies":[{"embeddable":true,"href":"https:\/\/sermujerytrabajo.es\/index.php?rest_route=%2Fwp%2Fv2%2Fcomments&post=7309"}],"version-history":[{"count":7,"href":"https:\/\/sermujerytrabajo.es\/index.php?rest_route=\/wp\/v2\/posts\/7309\/revisions"}],"predecessor-version":[{"id":7316,"href":"https:\/\/sermujerytrabajo.es\/index.php?rest_route=\/wp\/v2\/posts\/7309\/revisions\/7316"}],"wp:featuredmedia":[{"embeddable":true,"href":"https:\/\/sermujerytrabajo.es\/index.php?rest_route=\/wp\/v2\/media\/7256"}],"wp:attachment":[{"href":"https:\/\/sermujerytrabajo.es\/index.php?rest_route=%2Fwp%2Fv2%2Fmedia&parent=7309"}],"wp:term":[{"taxonomy":"category","embeddable":true,"href":"https:\/\/sermujerytrabajo.es\/index.php?rest_route=%2Fwp%2Fv2%2Fcategories&post=7309"},{"taxonomy":"post_tag","embeddable":true,"href":"https:\/\/sermujerytrabajo.es\/index.php?rest_route=%2Fwp%2Fv2%2Ftags&post=7309"}],"curies":[{"name":"wp","href":"https:\/\/api.w.org\/{rel}","templated":true}]}}