{"id":7657,"date":"2025-05-21T10:04:20","date_gmt":"2025-05-21T08:04:20","guid":{"rendered":"https:\/\/sermujerytrabajo.es\/?p=7657"},"modified":"2025-05-21T10:05:41","modified_gmt":"2025-05-21T08:05:41","slug":"desconexion-digital-un-avance-fundamental-en-el-proyecto-de-ley-para-la-reduccion-de-la-duracion-de-la-jornada-maxima-por-m-luisa-molero-maranon","status":"publish","type":"post","link":"https:\/\/sermujerytrabajo.es\/?p=7657","title":{"rendered":"DESCONEXI\u00d3N DIGITAL: UN AVANCE FUNDAMENTAL EN EL PROYECTO DE LEY PARA LA REDUCCI\u00d3N DE LA DURACI\u00d3N DE LA JORNADA M\u00c1XIMA Por M. Luisa Molero Mara\u00f1\u00f3n"},"content":{"rendered":"\t\t<div data-elementor-type=\"wp-post\" data-elementor-id=\"7657\" class=\"elementor elementor-7657\">\n\t\t\t\t\t\t<section class=\"elementor-section elementor-top-section elementor-element elementor-element-dce38ba elementor-section-boxed elementor-section-height-default elementor-section-height-default\" data-id=\"dce38ba\" data-element_type=\"section\">\n\t\t\t\t\t\t<div class=\"elementor-container elementor-column-gap-default\">\n\t\t\t\t\t<div class=\"elementor-column elementor-col-100 elementor-top-column elementor-element elementor-element-2dfa39f\" data-id=\"2dfa39f\" data-element_type=\"column\">\n\t\t\t<div class=\"elementor-widget-wrap elementor-element-populated\">\n\t\t\t\t\t\t<div class=\"elementor-element elementor-element-388f456 elementor-widget elementor-widget-text-editor\" data-id=\"388f456\" data-element_type=\"widget\" data-widget_type=\"text-editor.default\">\n\t\t\t\t<div class=\"elementor-widget-container\">\n\t\t\t\t\t\t\t<p>A la vista del contexto actual de conectividad permanente, y del incumplimiento tan generalizado del derecho a la desconexi\u00f3n digital (art. 88 LO 3\/2018), era necesario e incluso urgente que el legislador definiera el contenido controvertido del derecho a la desconexi\u00f3n, ordenando una regulaci\u00f3n autosuficiente que identifique su contenido b\u00e1sico, y la responsabilidad que asume tanto el empleado como la empresa en su ejecuci\u00f3n, de tal forma que condicione y limite a la negociaci\u00f3n colectiva y a la pol\u00edtica interna de la empresa. La pr\u00e1ctica negocial ha mostrado la escasez de previsiones respecto al contenido del derecho, y lo que es m\u00e1s grave en ocasiones una reglamentaci\u00f3n que no configura un derecho real y efectivo de la desconexi\u00f3n, reforzando e incluso legitimando una conectividad<span>\u00a0<\/span><em>sine die<\/em><span>\u00a0<\/span>(SAN 22 marzo 2022, Rec 33\/2022). El Proyecto de Ley establece varias previsiones nucleares que ponen el foco \u201cen su aplicaci\u00f3n\u201d en el sujeto empresarial, y no tanto en la persona trabajadora, a quien no se le puede atribuir la responsabilidad principal en la decisi\u00f3n de su cumplimiento, cuando el desequilibrio existente en la relaci\u00f3n laboral condiciona significativamente su libertad en la capacidad de respuesta frente a la comunicaci\u00f3n empresarial fuera del tiempo de trabajo.<\/p><p>Por ello, resulta crucial la reforma del art\u00edculo 20 bis) ET, en el que se involucra firmemente al empresario, como el m\u00e1ximo garante de la efectividad de este derecho. Ello se traduce en la configuraci\u00f3n legal de un deber empresarial de doble contenido: no se trata s\u00f3lo de no requerir la realizaci\u00f3n de una prestaci\u00f3n laboral que incluye cualquier interacci\u00f3n vinculada con el trabajo fuera del horario fijado, sino lo que es m\u00e1s trascendente se instaura un deber de no comunicaci\u00f3n con los empleados, a trav\u00e9s de cualquier dispositivo, herramienta u otro medio digital. Y es que el ejercicio de este derecho incide no s\u00f3lo en los trabajos que han de ser ejecutados con herramientas o dispositivos digitales, y de forma especial en el teletrabajo (art. 18 L10\/2021), sino que cualquier actividad laboral presencial o en remoto esta expuesta al riesgo de hiperconectividad por el uso generalizado del m\u00f3vil personal o<span>\u00a0<\/span><em>smarthphone,<span>\u00a0<\/span><\/em>y el canal de mensajer\u00eda de WhatsApp. Asimismo, los destinatarios de dicho deber no se contraen al empresario o persona en quien \u00e9ste delegue, sino que incluye a personas que no pertenecen a la plantilla, como posibles clientes, proveedores o terceros con los que mantenga la empresa relaciones comerciales, y puedan conectar con las personas trabajadoras.<\/p><p>Del otro lado, la nueva regulaci\u00f3n establece el car\u00e1cter \u201cirrenunciable\u201d del derecho, en contraposici\u00f3n a quienes defienden la libertad del empleado, fijando el \u201cderecho a no estar localizable fuera de su horario de trabajo\u201d, y la garant\u00eda de indemnidad a favor del asalariado cuando ejerza dicho derecho. Dichas previsiones son fundamentales, puesto que es necesario un cambio de cultura en el entorno de trabajo, resultado de una preocupante conectividad constante, que ha provocado que el tiempo de conectividad al margen de la jornada laboral este escapando al control de las normas laborales dentro de un contexto que no presta especial atenci\u00f3n a los tiempos de ejecuci\u00f3n de la actividad laboral. Por ello, la reforma de este derecho s\u00f3lo se puede articular eficazmente a trav\u00e9s de la modificaci\u00f3n de un sistema \u201cfiable\u201d de registro horario (art. 34 bis ET), que otorgue la necesaria seguridad jur\u00eddica en la determinaci\u00f3n del tiempo de trabajo y descanso o no trabajo. Frente al riesgo m\u00e1s que previsible de que se vean favorecidos los asalariados \u00absiempre disponibles\u201d frente a los que ejercitan dicho derecho, es fundamental establecer dicho derecho como una obligaci\u00f3n y no como una mera alternativa, cuando se conoce con certeza los graves perjuicios que provocan en la salud f\u00edsica y mental de las personas trabajadoras.<\/p><p>Finalmente, la norma establece que la negociaci\u00f3n colectiva podr\u00e1 establecer \u201cexcepciones\u201d a la irrenunciabilidad del derecho, cuando \u201cconcurran circunstancias excepcionales justificadas que puedan constituir un riesgo grave\u201d para los trabajadores o para otras personas, \u201co un potencial perjuicio empresarial grave que requiera la adopci\u00f3n de medidas urgentes e inmediatas\u201d. Dicha previsi\u00f3n recogida en algunos convenios colectivos bajo la legislaci\u00f3n anterior se demostr\u00f3 que pod\u00eda llegar a desnaturalizar el derecho, sino se articula con las debidas garant\u00edas, que establece la resoluci\u00f3n sobre propuesta de Directiva sobre desconexi\u00f3n de 21 de enero de 2021 que deber\u00eda guiar la futura ordenaci\u00f3n normativa. Y as\u00ed, el texto legal deber\u00eda reconducir la causa que provoca la excepci\u00f3n, asimil\u00e1ndose a una fuerza mayor u otras emergencias, que alude a un acontecimiento externo y extraordinario que repercute gravemente en la actividad empresarial o en la\/s personas trabajadoras. Asimismo, resulta fundamental articular un canal especial de comunicaci\u00f3n que se separe del canal ordinario, y que requiere una doble garant\u00eda: el empresario es el sujeto al que le incumbe la carga de probar la causa, debiendo informar anticipadamente al empleado, y \u00e9ste deber\u00e1 ser compensado debidamente por no respetarle el ejercicio de un derecho irrenunciable.<\/p><p>\u00a0Y, por \u00faltimo, para que se respete este derecho, falta una firme activaci\u00f3n del aparato de tutela administrativa y judicial frente a su incumplimiento, fijando una infracci\u00f3n administrativa grave o muy grave que tipifique espec\u00edficamente como tal, la transgresi\u00f3n del derecho a la desconexi\u00f3n, sin que se normalice como hasta ahora su contravenci\u00f3n con apenas consecuencias penalizadoras.\u00a0 Es fundamental poner l\u00edmites a la realidad cada vez m\u00e1s pujante a la conexi\u00f3n permanente con el medio de trabajo, que viene a cuestionar los cimientos de nuestra disciplina, al quedar sin efecto las normas de limitaci\u00f3n m\u00e1xima de la jornada de trabajo, poniendo en juego el bienestar de las personas trabajadoras, repercutiendo de modo especialmente grave en las mujeres y su desarrollo profesional.<\/p><p><span>Briefs AEDTSS, 56, 2025<\/span><\/p>\t\t\t\t\t\t<\/div>\n\t\t\t\t<\/div>\n\t\t\t\t\t<\/div>\n\t\t<\/div>\n\t\t\t\t\t<\/div>\n\t\t<\/section>\n\t\t\t\t<\/div>\n\t\t","protected":false},"excerpt":{"rendered":"<p>A la vista del contexto actual de conectividad permanente, y del incumplimiento tan generalizado del derecho a la desconexi\u00f3n digital (art. 88 LO 3\/2018), era necesario e incluso urgente que el legislador definiera el contenido controvertido del derecho a la desconexi\u00f3n, ordenando una regulaci\u00f3n autosuficiente que identifique su contenido b\u00e1sico, [&hellip;]<\/p>\n","protected":false},"author":3,"featured_media":6097,"comment_status":"open","ping_status":"open","sticky":false,"template":"","format":"standard","meta":{"_jetpack_memberships_contains_paid_content":false,"footnotes":""},"categories":[15],"tags":[],"class_list":["post-7657","post","type-post","status-publish","format-standard","has-post-thumbnail","hentry","category-muy-interesante"],"jetpack_featured_media_url":"https:\/\/sermujerytrabajo.es\/wp-content\/uploads\/2024\/04\/molero-e1712213108161.jpg","yoast_head":"<!-- This site is optimized with the Yoast SEO plugin v15.2 - https:\/\/yoast.com\/wordpress\/plugins\/seo\/ -->\n<title>DESCONEXI\u00d3N DIGITAL: UN AVANCE FUNDAMENTAL EN EL PROYECTO DE LEY PARA LA REDUCCI\u00d3N DE LA DURACI\u00d3N DE LA JORNADA M\u00c1XIMA Por M. Luisa Molero Mara\u00f1\u00f3n -<\/title>\n<meta name=\"robots\" content=\"index, follow, max-snippet:-1, max-image-preview:large, max-video-preview:-1\" \/>\n<link rel=\"canonical\" href=\"https:\/\/sermujerytrabajo.es\/?p=7657\" \/>\n<meta property=\"og:locale\" content=\"es_ES\" \/>\n<meta property=\"og:type\" content=\"article\" \/>\n<meta property=\"og:title\" content=\"DESCONEXI\u00d3N DIGITAL: UN AVANCE FUNDAMENTAL EN EL PROYECTO DE LEY PARA LA REDUCCI\u00d3N DE LA DURACI\u00d3N DE LA JORNADA M\u00c1XIMA Por M. Luisa Molero Mara\u00f1\u00f3n -\" \/>\n<meta property=\"og:description\" content=\"A la vista del contexto actual de conectividad permanente, y del incumplimiento tan generalizado del derecho a la desconexi\u00f3n digital (art. 88 LO 3\/2018), era necesario e incluso urgente que el legislador definiera el contenido controvertido del derecho a la desconexi\u00f3n, ordenando una regulaci\u00f3n autosuficiente que identifique su contenido b\u00e1sico, [&hellip;]\" \/>\n<meta property=\"og:url\" content=\"https:\/\/sermujerytrabajo.es\/?p=7657\" \/>\n<meta property=\"article:published_time\" content=\"2025-05-21T08:04:20+00:00\" \/>\n<meta property=\"article:modified_time\" content=\"2025-05-21T08:05:41+00:00\" \/>\n<meta property=\"og:image\" content=\"https:\/\/sermujerytrabajo.es\/wp-content\/uploads\/2024\/04\/molero-e1712213108161.jpg\" \/>\n\t<meta property=\"og:image:width\" content=\"1018\" \/>\n\t<meta property=\"og:image:height\" content=\"1080\" \/>\n<meta name=\"twitter:card\" content=\"summary_large_image\" \/>\n<meta name=\"twitter:label1\" value=\"Escrito por\">\n\t<meta name=\"twitter:data1\" value=\"Maria Bego\u00f1a Garc\u00eda Gil\">\n\t<meta name=\"twitter:label2\" value=\"Tiempo de lectura\">\n\t<meta name=\"twitter:data2\" value=\"4 minutos\">\n<script type=\"application\/ld+json\" class=\"yoast-schema-graph\">{\"@context\":\"https:\/\/schema.org\",\"@graph\":[{\"@type\":\"Organization\",\"@id\":\"https:\/\/sermujerytrabajo.es\/#organization\",\"name\":\"Ser mujer en el mercado de trabajo\",\"url\":\"https:\/\/sermujerytrabajo.es\/\",\"sameAs\":[],\"logo\":{\"@type\":\"ImageObject\",\"@id\":\"https:\/\/sermujerytrabajo.es\/#logo\",\"inLanguage\":\"es\",\"url\":\"https:\/\/sermujerytrabajo.es\/wp-content\/uploads\/2020\/09\/d134bcc4-4ca2-476c-bef9-f663ae8535d2_200x200.png\",\"width\":200,\"height\":200,\"caption\":\"Ser mujer en el mercado de trabajo\"},\"image\":{\"@id\":\"https:\/\/sermujerytrabajo.es\/#logo\"}},{\"@type\":\"WebSite\",\"@id\":\"https:\/\/sermujerytrabajo.es\/#website\",\"url\":\"https:\/\/sermujerytrabajo.es\/\",\"name\":\"\",\"description\":\"\",\"publisher\":{\"@id\":\"https:\/\/sermujerytrabajo.es\/#organization\"},\"potentialAction\":[{\"@type\":\"SearchAction\",\"target\":\"https:\/\/sermujerytrabajo.es\/?s={search_term_string}\",\"query-input\":\"required name=search_term_string\"}],\"inLanguage\":\"es\"},{\"@type\":\"ImageObject\",\"@id\":\"https:\/\/sermujerytrabajo.es\/?p=7657#primaryimage\",\"inLanguage\":\"es\",\"url\":\"https:\/\/sermujerytrabajo.es\/wp-content\/uploads\/2024\/04\/molero-e1712213108161.jpg\",\"width\":1018,\"height\":1080},{\"@type\":\"WebPage\",\"@id\":\"https:\/\/sermujerytrabajo.es\/?p=7657#webpage\",\"url\":\"https:\/\/sermujerytrabajo.es\/?p=7657\",\"name\":\"DESCONEXI\\u00d3N DIGITAL: UN AVANCE FUNDAMENTAL EN EL PROYECTO DE LEY PARA LA REDUCCI\\u00d3N DE LA DURACI\\u00d3N DE LA JORNADA M\\u00c1XIMA Por M. Luisa Molero Mara\\u00f1\\u00f3n -\",\"isPartOf\":{\"@id\":\"https:\/\/sermujerytrabajo.es\/#website\"},\"primaryImageOfPage\":{\"@id\":\"https:\/\/sermujerytrabajo.es\/?p=7657#primaryimage\"},\"datePublished\":\"2025-05-21T08:04:20+00:00\",\"dateModified\":\"2025-05-21T08:05:41+00:00\",\"inLanguage\":\"es\",\"potentialAction\":[{\"@type\":\"ReadAction\",\"target\":[\"https:\/\/sermujerytrabajo.es\/?p=7657\"]}]},{\"@type\":\"Article\",\"@id\":\"https:\/\/sermujerytrabajo.es\/?p=7657#article\",\"isPartOf\":{\"@id\":\"https:\/\/sermujerytrabajo.es\/?p=7657#webpage\"},\"author\":{\"@id\":\"https:\/\/sermujerytrabajo.es\/#\/schema\/person\/26a3e2d35cfc624b27a74a1d67c7867d\"},\"headline\":\"DESCONEXI\\u00d3N DIGITAL: UN AVANCE FUNDAMENTAL EN EL PROYECTO DE LEY PARA LA REDUCCI\\u00d3N DE LA DURACI\\u00d3N DE LA JORNADA M\\u00c1XIMA Por M. Luisa Molero Mara\\u00f1\\u00f3n\",\"datePublished\":\"2025-05-21T08:04:20+00:00\",\"dateModified\":\"2025-05-21T08:05:41+00:00\",\"mainEntityOfPage\":{\"@id\":\"https:\/\/sermujerytrabajo.es\/?p=7657#webpage\"},\"publisher\":{\"@id\":\"https:\/\/sermujerytrabajo.es\/#organization\"},\"image\":{\"@id\":\"https:\/\/sermujerytrabajo.es\/?p=7657#primaryimage\"},\"articleSection\":\"Muy Interesante\",\"inLanguage\":\"es\",\"potentialAction\":[{\"@type\":\"CommentAction\",\"name\":\"Comment\",\"target\":[\"https:\/\/sermujerytrabajo.es\/?p=7657#respond\"]}]},{\"@type\":\"Person\",\"@id\":\"https:\/\/sermujerytrabajo.es\/#\/schema\/person\/26a3e2d35cfc624b27a74a1d67c7867d\",\"name\":\"Maria Bego\\u00f1a Garc\\u00eda Gil\",\"image\":{\"@type\":\"ImageObject\",\"@id\":\"https:\/\/sermujerytrabajo.es\/#personlogo\",\"inLanguage\":\"es\",\"url\":\"https:\/\/secure.gravatar.com\/avatar\/7474a88b8aa50fe826f30e47589d4051fd5140125777f5b21c317bf835864866?s=96&d=mm&r=g\",\"caption\":\"Maria Bego\\u00f1a Garc\\u00eda Gil\"}}]}<\/script>\n<!-- \/ Yoast SEO plugin. -->","jetpack_sharing_enabled":true,"_links":{"self":[{"href":"https:\/\/sermujerytrabajo.es\/index.php?rest_route=\/wp\/v2\/posts\/7657","targetHints":{"allow":["GET"]}}],"collection":[{"href":"https:\/\/sermujerytrabajo.es\/index.php?rest_route=\/wp\/v2\/posts"}],"about":[{"href":"https:\/\/sermujerytrabajo.es\/index.php?rest_route=\/wp\/v2\/types\/post"}],"author":[{"embeddable":true,"href":"https:\/\/sermujerytrabajo.es\/index.php?rest_route=\/wp\/v2\/users\/3"}],"replies":[{"embeddable":true,"href":"https:\/\/sermujerytrabajo.es\/index.php?rest_route=%2Fwp%2Fv2%2Fcomments&post=7657"}],"version-history":[{"count":4,"href":"https:\/\/sermujerytrabajo.es\/index.php?rest_route=\/wp\/v2\/posts\/7657\/revisions"}],"predecessor-version":[{"id":7661,"href":"https:\/\/sermujerytrabajo.es\/index.php?rest_route=\/wp\/v2\/posts\/7657\/revisions\/7661"}],"wp:featuredmedia":[{"embeddable":true,"href":"https:\/\/sermujerytrabajo.es\/index.php?rest_route=\/wp\/v2\/media\/6097"}],"wp:attachment":[{"href":"https:\/\/sermujerytrabajo.es\/index.php?rest_route=%2Fwp%2Fv2%2Fmedia&parent=7657"}],"wp:term":[{"taxonomy":"category","embeddable":true,"href":"https:\/\/sermujerytrabajo.es\/index.php?rest_route=%2Fwp%2Fv2%2Fcategories&post=7657"},{"taxonomy":"post_tag","embeddable":true,"href":"https:\/\/sermujerytrabajo.es\/index.php?rest_route=%2Fwp%2Fv2%2Ftags&post=7657"}],"curies":[{"name":"wp","href":"https:\/\/api.w.org\/{rel}","templated":true}]}}