{"id":7893,"date":"2025-09-29T17:19:04","date_gmt":"2025-09-29T15:19:04","guid":{"rendered":"https:\/\/sermujerytrabajo.es\/?p=7893"},"modified":"2025-09-29T17:47:14","modified_gmt":"2025-09-29T15:47:14","slug":"primera-ministra-creada-con-ia-las-mujeres-inspiran-mas-confianza","status":"publish","type":"post","link":"https:\/\/sermujerytrabajo.es\/?p=7893","title":{"rendered":"PRIMERA MINISTRA CREADA CON IA: LAS MUJERES INSPIRAN M\u00c1S CONFIANZA?"},"content":{"rendered":"\t\t<div data-elementor-type=\"wp-post\" data-elementor-id=\"7893\" class=\"elementor elementor-7893\">\n\t\t\t\t\t\t<section class=\"elementor-section elementor-top-section elementor-element elementor-element-8dfb611 elementor-section-boxed elementor-section-height-default elementor-section-height-default\" data-id=\"8dfb611\" data-element_type=\"section\">\n\t\t\t\t\t\t<div class=\"elementor-container elementor-column-gap-default\">\n\t\t\t\t\t<div class=\"elementor-column elementor-col-100 elementor-top-column elementor-element elementor-element-f08fe9e\" data-id=\"f08fe9e\" data-element_type=\"column\">\n\t\t\t<div class=\"elementor-widget-wrap elementor-element-populated\">\n\t\t\t\t\t\t<div class=\"elementor-element elementor-element-9be9476 elementor-widget elementor-widget-text-editor\" data-id=\"9be9476\" data-element_type=\"widget\" data-widget_type=\"text-editor.default\">\n\t\t\t\t<div class=\"elementor-widget-container\">\n\t\t\t\t\t\t\t<p data-gtm-element-container=\"modulo-texto-link\" class=\"paragraph\" data-mrf-recirculation=\"Enlaces en p\u00e1rrafos\">\u201cNo estoy aqu\u00ed para sustituir a las personas, sino para asistirlas. Es cierto que no tengo ciudadan\u00eda, pero tampoco tengo ambiciones ni intereses personales\u201d, asegur\u00f3\u00a0<i>Diella<\/i>, la nueva ministra \u201cvirtual\u201d de Obras P\u00fablicas de Albania, creada mediante inteligencia artificial.<\/p><p data-gtm-element-container=\"modulo-texto-link\" class=\"paragraph\" data-mrf-recirculation=\"Enlaces en p\u00e1rrafos\">\u201cS\u00f3lo tengo datos, sed de conocimiento y algoritmos dedicados a servir a los ciudadanos de forma imparcial, transparente e incansable\u201d, agreg\u00f3\u00a0<i>Diella<\/i>, cuyo nombre significa \u201cSol\u201d en alban\u00e9s.<\/p><p data-gtm-element-container=\"modulo-texto-link\" class=\"paragraph\" data-mrf-recirculation=\"Enlaces en p\u00e1rrafos\">El Parlamento de Albania aprob\u00f3 este jueves el nuevo gabinete del primer ministro socialdem\u00f3crata Edi Rama, cuya principal novedad es &#8216;Diella&#8217;, una \u201cministra virtual\u201d.<\/p><p data-gtm-element-container=\"modulo-texto-link\" class=\"paragraph\" data-mrf-recirculation=\"Enlaces en p\u00e1rrafos\">\u201cComo responsable del trabajo de la ministra de Estado\u00a0<i>Diella<\/i>, pido a los servicios que le den la palabra\u201d, dijo Rama tras lo cual apareci\u00f3 en las pantallas del hemiciclo la imagen de una mujer vestida con traje tradicional alban\u00e9s que se dirigi\u00f3 a los diputados.<\/p><p data-gtm-element-container=\"modulo-texto-link\" class=\"paragraph\" data-mrf-recirculation=\"Enlaces en p\u00e1rrafos\">La ministra virtual, creada por inteligencia artificial (IA), se encargar\u00e1 de emitir documentos electr\u00f3nicos para ciudadanos y empresas, y de completar todas las contrataciones p\u00fablicas en Albania, un pa\u00eds excomunista.<\/p><p data-gtm-element-container=\"modulo-texto-link\" class=\"paragraph\" data-mrf-recirculation=\"Enlaces en p\u00e1rrafos\">Las decisiones sobre las licitaciones se tramitar\u00e1n fuera de los Ministerios y se entregar\u00e1n luego a\u00a0<i>Diella<\/i>, que gestionar\u00e1 el proceso autom\u00e1ticamente.<\/p><p data-gtm-element-container=\"modulo-texto-link\" class=\"paragraph\" data-mrf-recirculation=\"Enlaces en p\u00e1rrafos\">Albania lleva d\u00e9cadas luchando contra una corrupci\u00f3n end\u00e9mica, especialmente en la administraci\u00f3n y las contrataciones p\u00fablicas, un problema que la Uni\u00f3n Europea (UE) ha destacado en repetidas ocasiones en sus informes anuales sobre el Estado de derecho.<\/p><p data-gtm-element-container=\"modulo-texto-link\" class=\"paragraph\" data-mrf-recirculation=\"Enlaces en p\u00e1rrafos\">ras el discurso de\u00a0<i>Diella<\/i>, los servicios de seguridad del Parlamento tuvieron que forman un cord\u00f3n en torno a Rama para protegerlo de los objetos lanzados por los diputados opositores, en su mayor\u00eda libretas y documentos.<\/p><p data-gtm-element-container=\"modulo-texto-link\" class=\"paragraph\" data-mrf-recirculation=\"Enlaces en p\u00e1rrafos\">La oposici\u00f3n considera que, al nombrar a una ministra creada por IA, Rama viola la Constituci\u00f3n y, al concederle la palabra, tambi\u00e9n infringe el reglamento interno del Parlamento.<\/p><p data-gtm-element-container=\"modulo-texto-link\" class=\"paragraph\" data-mrf-recirculation=\"Enlaces en p\u00e1rrafos\">La sesi\u00f3n, que deb\u00eda durar hasta el s\u00e1bado, termin\u00f3 en tan solo 25 minutos, ya que los diputados de la oposici\u00f3n perdieron su derecho a hablar debido al desorden que provocaron en el pleno.<\/p><p data-gtm-element-container=\"modulo-texto-link\" class=\"paragraph\" data-mrf-recirculation=\"Enlaces en p\u00e1rrafos\">Como resultado, se procedi\u00f3 inmediatamente a la votaci\u00f3n del programa de gobierno de cuatro a\u00f1os y de sus ministros, y el gabinete y el programa de Rama recibieron el apoyo de 82 diputados en la C\u00e1mara de 140 esca\u00f1os.<\/p><p data-gtm-element-container=\"modulo-texto-link\" class=\"paragraph\" data-mrf-recirculation=\"Enlaces en p\u00e1rrafos\">Albania, miembro de la OTAN desde 2009, est\u00e1 negociando su entrada en la UE, tras iniciar el proceso en 2022.<\/p><p data-gtm-element-container=\"modulo-texto-link\" data-mrf-recirculation=\"Enlaces en p\u00e1rrafos\"><\/p><p data-gtm-element-container=\"modulo-texto-link\" class=\"paragraph\" data-mrf-recirculation=\"Enlaces en p\u00e1rrafos\"><\/p>\t\t\t\t\t\t<\/div>\n\t\t\t\t<\/div>\n\t\t\t\t\t<\/div>\n\t\t<\/div>\n\t\t\t\t\t<\/div>\n\t\t<\/section>\n\t\t\t\t<\/div>\n\t\t","protected":false},"excerpt":{"rendered":"<p>\u201cNo estoy aqu\u00ed para sustituir a las personas, sino para asistirlas. Es cierto que no tengo ciudadan\u00eda, pero tampoco tengo ambiciones ni intereses personales\u201d, asegur\u00f3\u00a0Diella, la nueva ministra \u201cvirtual\u201d de Obras P\u00fablicas de Albania, creada mediante inteligencia artificial. \u201cS\u00f3lo tengo datos, sed de conocimiento y algoritmos dedicados a servir a [&hellip;]<\/p>\n","protected":false},"author":3,"featured_media":7894,"comment_status":"open","ping_status":"open","sticky":false,"template":"","format":"standard","meta":{"_jetpack_memberships_contains_paid_content":false,"footnotes":""},"categories":[13],"tags":[],"class_list":["post-7893","post","type-post","status-publish","format-standard","has-post-thumbnail","hentry","category-noticias-internacional"],"jetpack_featured_media_url":"https:\/\/sermujerytrabajo.es\/wp-content\/uploads\/2025\/09\/PRIMERA-MINISTRA-IA.jpeg","yoast_head":"<!-- This site is optimized with the Yoast SEO plugin v15.2 - https:\/\/yoast.com\/wordpress\/plugins\/seo\/ -->\n<title>PRIMERA MINISTRA CREADA CON IA: LAS MUJERES INSPIRAN M\u00c1S CONFIANZA? -<\/title>\n<meta name=\"robots\" content=\"index, follow, max-snippet:-1, max-image-preview:large, max-video-preview:-1\" \/>\n<link rel=\"canonical\" href=\"https:\/\/sermujerytrabajo.es\/?p=7893\" \/>\n<meta property=\"og:locale\" content=\"es_ES\" \/>\n<meta property=\"og:type\" content=\"article\" \/>\n<meta property=\"og:title\" content=\"PRIMERA MINISTRA CREADA CON IA: LAS MUJERES INSPIRAN M\u00c1S CONFIANZA? -\" \/>\n<meta property=\"og:description\" content=\"\u201cNo estoy aqu\u00ed para sustituir a las personas, sino para asistirlas. Es cierto que no tengo ciudadan\u00eda, pero tampoco tengo ambiciones ni intereses personales\u201d, asegur\u00f3\u00a0Diella, la nueva ministra \u201cvirtual\u201d de Obras P\u00fablicas de Albania, creada mediante inteligencia artificial. \u201cS\u00f3lo tengo datos, sed de conocimiento y algoritmos dedicados a servir a [&hellip;]\" \/>\n<meta property=\"og:url\" content=\"https:\/\/sermujerytrabajo.es\/?p=7893\" \/>\n<meta property=\"article:published_time\" content=\"2025-09-29T15:19:04+00:00\" \/>\n<meta property=\"article:modified_time\" content=\"2025-09-29T15:47:14+00:00\" \/>\n<meta property=\"og:image\" content=\"https:\/\/sermujerytrabajo.es\/wp-content\/uploads\/2025\/09\/PRIMERA-MINISTRA-IA.jpeg\" \/>\n\t<meta property=\"og:image:width\" content=\"990\" \/>\n\t<meta property=\"og:image:height\" content=\"484\" \/>\n<meta name=\"twitter:card\" content=\"summary_large_image\" \/>\n<meta name=\"twitter:label1\" value=\"Escrito por\">\n\t<meta name=\"twitter:data1\" value=\"Maria Bego\u00f1a Garc\u00eda Gil\">\n\t<meta name=\"twitter:label2\" value=\"Tiempo de lectura\">\n\t<meta name=\"twitter:data2\" value=\"2 minutos\">\n<script type=\"application\/ld+json\" class=\"yoast-schema-graph\">{\"@context\":\"https:\/\/schema.org\",\"@graph\":[{\"@type\":\"Organization\",\"@id\":\"https:\/\/sermujerytrabajo.es\/#organization\",\"name\":\"Ser mujer en el mercado de trabajo\",\"url\":\"https:\/\/sermujerytrabajo.es\/\",\"sameAs\":[],\"logo\":{\"@type\":\"ImageObject\",\"@id\":\"https:\/\/sermujerytrabajo.es\/#logo\",\"inLanguage\":\"es\",\"url\":\"https:\/\/sermujerytrabajo.es\/wp-content\/uploads\/2020\/09\/d134bcc4-4ca2-476c-bef9-f663ae8535d2_200x200.png\",\"width\":200,\"height\":200,\"caption\":\"Ser mujer en el mercado de trabajo\"},\"image\":{\"@id\":\"https:\/\/sermujerytrabajo.es\/#logo\"}},{\"@type\":\"WebSite\",\"@id\":\"https:\/\/sermujerytrabajo.es\/#website\",\"url\":\"https:\/\/sermujerytrabajo.es\/\",\"name\":\"\",\"description\":\"\",\"publisher\":{\"@id\":\"https:\/\/sermujerytrabajo.es\/#organization\"},\"potentialAction\":[{\"@type\":\"SearchAction\",\"target\":\"https:\/\/sermujerytrabajo.es\/?s={search_term_string}\",\"query-input\":\"required name=search_term_string\"}],\"inLanguage\":\"es\"},{\"@type\":\"ImageObject\",\"@id\":\"https:\/\/sermujerytrabajo.es\/?p=7893#primaryimage\",\"inLanguage\":\"es\",\"url\":\"https:\/\/sermujerytrabajo.es\/wp-content\/uploads\/2025\/09\/PRIMERA-MINISTRA-IA.jpeg\",\"width\":990,\"height\":484},{\"@type\":\"WebPage\",\"@id\":\"https:\/\/sermujerytrabajo.es\/?p=7893#webpage\",\"url\":\"https:\/\/sermujerytrabajo.es\/?p=7893\",\"name\":\"PRIMERA MINISTRA CREADA CON IA: LAS MUJERES INSPIRAN M\\u00c1S CONFIANZA? -\",\"isPartOf\":{\"@id\":\"https:\/\/sermujerytrabajo.es\/#website\"},\"primaryImageOfPage\":{\"@id\":\"https:\/\/sermujerytrabajo.es\/?p=7893#primaryimage\"},\"datePublished\":\"2025-09-29T15:19:04+00:00\",\"dateModified\":\"2025-09-29T15:47:14+00:00\",\"inLanguage\":\"es\",\"potentialAction\":[{\"@type\":\"ReadAction\",\"target\":[\"https:\/\/sermujerytrabajo.es\/?p=7893\"]}]},{\"@type\":\"Article\",\"@id\":\"https:\/\/sermujerytrabajo.es\/?p=7893#article\",\"isPartOf\":{\"@id\":\"https:\/\/sermujerytrabajo.es\/?p=7893#webpage\"},\"author\":{\"@id\":\"https:\/\/sermujerytrabajo.es\/#\/schema\/person\/26a3e2d35cfc624b27a74a1d67c7867d\"},\"headline\":\"PRIMERA MINISTRA CREADA CON IA: LAS MUJERES INSPIRAN M\\u00c1S CONFIANZA?\",\"datePublished\":\"2025-09-29T15:19:04+00:00\",\"dateModified\":\"2025-09-29T15:47:14+00:00\",\"mainEntityOfPage\":{\"@id\":\"https:\/\/sermujerytrabajo.es\/?p=7893#webpage\"},\"publisher\":{\"@id\":\"https:\/\/sermujerytrabajo.es\/#organization\"},\"image\":{\"@id\":\"https:\/\/sermujerytrabajo.es\/?p=7893#primaryimage\"},\"articleSection\":\"Noticias Internacional\",\"inLanguage\":\"es\",\"potentialAction\":[{\"@type\":\"CommentAction\",\"name\":\"Comment\",\"target\":[\"https:\/\/sermujerytrabajo.es\/?p=7893#respond\"]}]},{\"@type\":\"Person\",\"@id\":\"https:\/\/sermujerytrabajo.es\/#\/schema\/person\/26a3e2d35cfc624b27a74a1d67c7867d\",\"name\":\"Maria Bego\\u00f1a Garc\\u00eda Gil\",\"image\":{\"@type\":\"ImageObject\",\"@id\":\"https:\/\/sermujerytrabajo.es\/#personlogo\",\"inLanguage\":\"es\",\"url\":\"https:\/\/secure.gravatar.com\/avatar\/7474a88b8aa50fe826f30e47589d4051fd5140125777f5b21c317bf835864866?s=96&d=mm&r=g\",\"caption\":\"Maria Bego\\u00f1a Garc\\u00eda Gil\"}}]}<\/script>\n<!-- \/ Yoast SEO plugin. -->","jetpack_sharing_enabled":true,"_links":{"self":[{"href":"https:\/\/sermujerytrabajo.es\/index.php?rest_route=\/wp\/v2\/posts\/7893","targetHints":{"allow":["GET"]}}],"collection":[{"href":"https:\/\/sermujerytrabajo.es\/index.php?rest_route=\/wp\/v2\/posts"}],"about":[{"href":"https:\/\/sermujerytrabajo.es\/index.php?rest_route=\/wp\/v2\/types\/post"}],"author":[{"embeddable":true,"href":"https:\/\/sermujerytrabajo.es\/index.php?rest_route=\/wp\/v2\/users\/3"}],"replies":[{"embeddable":true,"href":"https:\/\/sermujerytrabajo.es\/index.php?rest_route=%2Fwp%2Fv2%2Fcomments&post=7893"}],"version-history":[{"count":4,"href":"https:\/\/sermujerytrabajo.es\/index.php?rest_route=\/wp\/v2\/posts\/7893\/revisions"}],"predecessor-version":[{"id":7898,"href":"https:\/\/sermujerytrabajo.es\/index.php?rest_route=\/wp\/v2\/posts\/7893\/revisions\/7898"}],"wp:featuredmedia":[{"embeddable":true,"href":"https:\/\/sermujerytrabajo.es\/index.php?rest_route=\/wp\/v2\/media\/7894"}],"wp:attachment":[{"href":"https:\/\/sermujerytrabajo.es\/index.php?rest_route=%2Fwp%2Fv2%2Fmedia&parent=7893"}],"wp:term":[{"taxonomy":"category","embeddable":true,"href":"https:\/\/sermujerytrabajo.es\/index.php?rest_route=%2Fwp%2Fv2%2Fcategories&post=7893"},{"taxonomy":"post_tag","embeddable":true,"href":"https:\/\/sermujerytrabajo.es\/index.php?rest_route=%2Fwp%2Fv2%2Ftags&post=7893"}],"curies":[{"name":"wp","href":"https:\/\/api.w.org\/{rel}","templated":true}]}}