{"id":8437,"date":"2026-03-08T14:28:37","date_gmt":"2026-03-08T12:28:37","guid":{"rendered":"https:\/\/sermujerytrabajo.es\/?p=8437"},"modified":"2026-03-08T14:35:23","modified_gmt":"2026-03-08T12:35:23","slug":"el-grupo-ser-mujer-y-trabajo-os-desea-un-feliz-dia","status":"publish","type":"post","link":"https:\/\/sermujerytrabajo.es\/?p=8437","title":{"rendered":"EL GRUPO SER MUJER Y TRABAJO OS DESEA UN FELIZ D\u00cdA"},"content":{"rendered":"\t\t<div data-elementor-type=\"wp-post\" data-elementor-id=\"8437\" class=\"elementor elementor-8437\">\n\t\t\t\t\t\t<section class=\"elementor-section elementor-top-section elementor-element elementor-element-2e3953f elementor-section-boxed elementor-section-height-default elementor-section-height-default\" data-id=\"2e3953f\" data-element_type=\"section\">\n\t\t\t\t\t\t<div class=\"elementor-container elementor-column-gap-default\">\n\t\t\t\t\t<div class=\"elementor-column elementor-col-100 elementor-top-column elementor-element elementor-element-3d8076c\" data-id=\"3d8076c\" data-element_type=\"column\">\n\t\t\t<div class=\"elementor-widget-wrap elementor-element-populated\">\n\t\t\t\t\t\t<div class=\"elementor-element elementor-element-985c64c elementor-widget elementor-widget-text-editor\" data-id=\"985c64c\" data-element_type=\"widget\" data-widget_type=\"text-editor.default\">\n\t\t\t\t<div class=\"elementor-widget-container\">\n\t\t\t\t\t\t\t<p>Os deseamos un Feliz D\u00eda y os invitamos a que ve\u00e1is nuestras <a href=\"https:\/\/sermujerytrabajo.es\/?page_id=5845\">editoriales<\/a> y\u00a0 nuestras <a href=\"https:\/\/sermujerytrabajo.es\/?cat=6\">entrevistas.<\/a><\/p><p>Para nuestro grupo de investigaci\u00f3n la mujer trabajadora es el centro.<\/p><p data-start=\"2259\" data-end=\"2755\">El estudio de la realidad de la mujer trabajadora en el mercado actual\u00a0 desde una perspectiva sensible a la realidad de las mujeres trabajadoras constituye una l\u00ednea de investigaci\u00f3n especialmente relevante dentro del derecho del trabajo contempor\u00e1neo. Este enfoque permite no solo profundizar en la comprensi\u00f3n de las instituciones laborales, sino tambi\u00e9n contribuir al desarrollo de un modelo de relaciones laborales m\u00e1s equilibrado y respetuoso con los principios de igualdad y justicia social.<\/p><p>Muchas gracias, seguiremos&#8230;&#8230;&#8230;&#8230;&#8230;&#8230;&#8230;&#8230;..<\/p>\t\t\t\t\t\t<\/div>\n\t\t\t\t<\/div>\n\t\t\t\t\t<\/div>\n\t\t<\/div>\n\t\t\t\t\t<\/div>\n\t\t<\/section>\n\t\t\t\t<\/div>\n\t\t","protected":false},"excerpt":{"rendered":"<p>Os deseamos un Feliz D\u00eda y os invitamos a que ve\u00e1is nuestras editoriales y\u00a0 nuestras entrevistas. Para nuestro grupo de investigaci\u00f3n la mujer trabajadora es el centro. El estudio de la realidad de la mujer trabajadora en el mercado actual\u00a0 desde una perspectiva sensible a la realidad de las mujeres [&hellip;]<\/p>\n","protected":false},"author":3,"featured_media":8438,"comment_status":"open","ping_status":"open","sticky":false,"template":"","format":"standard","meta":{"_jetpack_memberships_contains_paid_content":false,"footnotes":""},"categories":[18],"tags":[],"class_list":["post-8437","post","type-post","status-publish","format-standard","has-post-thumbnail","hentry","category-aniversario"],"jetpack_featured_media_url":"https:\/\/sermujerytrabajo.es\/wp-content\/uploads\/2026\/03\/Presentacion-Informativa-Dia-de-la-Mujer-Llamativo-Morado.jpg","yoast_head":"<!-- This site is optimized with the Yoast SEO plugin v15.2 - https:\/\/yoast.com\/wordpress\/plugins\/seo\/ -->\n<title>EL GRUPO SER MUJER Y TRABAJO OS DESEA UN FELIZ D\u00cdA -<\/title>\n<meta name=\"robots\" content=\"index, follow, max-snippet:-1, max-image-preview:large, max-video-preview:-1\" \/>\n<link rel=\"canonical\" href=\"https:\/\/sermujerytrabajo.es\/?p=8437\" \/>\n<meta property=\"og:locale\" content=\"es_ES\" \/>\n<meta property=\"og:type\" content=\"article\" \/>\n<meta property=\"og:title\" content=\"EL GRUPO SER MUJER Y TRABAJO OS DESEA UN FELIZ D\u00cdA -\" \/>\n<meta property=\"og:description\" content=\"Os deseamos un Feliz D\u00eda y os invitamos a que ve\u00e1is nuestras editoriales y\u00a0 nuestras entrevistas. Para nuestro grupo de investigaci\u00f3n la mujer trabajadora es el centro. El estudio de la realidad de la mujer trabajadora en el mercado actual\u00a0 desde una perspectiva sensible a la realidad de las mujeres [&hellip;]\" \/>\n<meta property=\"og:url\" content=\"https:\/\/sermujerytrabajo.es\/?p=8437\" \/>\n<meta property=\"article:published_time\" content=\"2026-03-08T12:28:37+00:00\" \/>\n<meta property=\"article:modified_time\" content=\"2026-03-08T12:35:23+00:00\" \/>\n<meta property=\"og:image\" content=\"https:\/\/sermujerytrabajo.es\/wp-content\/uploads\/2026\/03\/Presentacion-Informativa-Dia-de-la-Mujer-Llamativo-Morado.jpg\" \/>\n\t<meta property=\"og:image:width\" content=\"1920\" \/>\n\t<meta property=\"og:image:height\" content=\"1080\" \/>\n<meta name=\"twitter:card\" content=\"summary_large_image\" \/>\n<meta name=\"twitter:label1\" value=\"Escrito por\">\n\t<meta name=\"twitter:data1\" value=\"Maria Bego\u00f1a Garc\u00eda Gil\">\n\t<meta name=\"twitter:label2\" value=\"Tiempo de lectura\">\n\t<meta name=\"twitter:data2\" value=\"0 minutos\">\n<script type=\"application\/ld+json\" class=\"yoast-schema-graph\">{\"@context\":\"https:\/\/schema.org\",\"@graph\":[{\"@type\":\"Organization\",\"@id\":\"https:\/\/sermujerytrabajo.es\/#organization\",\"name\":\"Ser mujer en el mercado de trabajo\",\"url\":\"https:\/\/sermujerytrabajo.es\/\",\"sameAs\":[],\"logo\":{\"@type\":\"ImageObject\",\"@id\":\"https:\/\/sermujerytrabajo.es\/#logo\",\"inLanguage\":\"es\",\"url\":\"https:\/\/sermujerytrabajo.es\/wp-content\/uploads\/2020\/09\/d134bcc4-4ca2-476c-bef9-f663ae8535d2_200x200.png\",\"width\":200,\"height\":200,\"caption\":\"Ser mujer en el mercado de trabajo\"},\"image\":{\"@id\":\"https:\/\/sermujerytrabajo.es\/#logo\"}},{\"@type\":\"WebSite\",\"@id\":\"https:\/\/sermujerytrabajo.es\/#website\",\"url\":\"https:\/\/sermujerytrabajo.es\/\",\"name\":\"\",\"description\":\"\",\"publisher\":{\"@id\":\"https:\/\/sermujerytrabajo.es\/#organization\"},\"potentialAction\":[{\"@type\":\"SearchAction\",\"target\":\"https:\/\/sermujerytrabajo.es\/?s={search_term_string}\",\"query-input\":\"required name=search_term_string\"}],\"inLanguage\":\"es\"},{\"@type\":\"ImageObject\",\"@id\":\"https:\/\/sermujerytrabajo.es\/?p=8437#primaryimage\",\"inLanguage\":\"es\",\"url\":\"https:\/\/sermujerytrabajo.es\/wp-content\/uploads\/2026\/03\/Presentacion-Informativa-Dia-de-la-Mujer-Llamativo-Morado.jpg\",\"width\":1920,\"height\":1080},{\"@type\":\"WebPage\",\"@id\":\"https:\/\/sermujerytrabajo.es\/?p=8437#webpage\",\"url\":\"https:\/\/sermujerytrabajo.es\/?p=8437\",\"name\":\"EL GRUPO SER MUJER Y TRABAJO OS DESEA UN FELIZ D\\u00cdA -\",\"isPartOf\":{\"@id\":\"https:\/\/sermujerytrabajo.es\/#website\"},\"primaryImageOfPage\":{\"@id\":\"https:\/\/sermujerytrabajo.es\/?p=8437#primaryimage\"},\"datePublished\":\"2026-03-08T12:28:37+00:00\",\"dateModified\":\"2026-03-08T12:35:23+00:00\",\"inLanguage\":\"es\",\"potentialAction\":[{\"@type\":\"ReadAction\",\"target\":[\"https:\/\/sermujerytrabajo.es\/?p=8437\"]}]},{\"@type\":\"Article\",\"@id\":\"https:\/\/sermujerytrabajo.es\/?p=8437#article\",\"isPartOf\":{\"@id\":\"https:\/\/sermujerytrabajo.es\/?p=8437#webpage\"},\"author\":{\"@id\":\"https:\/\/sermujerytrabajo.es\/#\/schema\/person\/26a3e2d35cfc624b27a74a1d67c7867d\"},\"headline\":\"EL GRUPO SER MUJER Y TRABAJO OS DESEA UN FELIZ D\\u00cdA\",\"datePublished\":\"2026-03-08T12:28:37+00:00\",\"dateModified\":\"2026-03-08T12:35:23+00:00\",\"mainEntityOfPage\":{\"@id\":\"https:\/\/sermujerytrabajo.es\/?p=8437#webpage\"},\"publisher\":{\"@id\":\"https:\/\/sermujerytrabajo.es\/#organization\"},\"image\":{\"@id\":\"https:\/\/sermujerytrabajo.es\/?p=8437#primaryimage\"},\"articleSection\":\"Aniversario\",\"inLanguage\":\"es\",\"potentialAction\":[{\"@type\":\"CommentAction\",\"name\":\"Comment\",\"target\":[\"https:\/\/sermujerytrabajo.es\/?p=8437#respond\"]}]},{\"@type\":\"Person\",\"@id\":\"https:\/\/sermujerytrabajo.es\/#\/schema\/person\/26a3e2d35cfc624b27a74a1d67c7867d\",\"name\":\"Maria Bego\\u00f1a Garc\\u00eda Gil\",\"image\":{\"@type\":\"ImageObject\",\"@id\":\"https:\/\/sermujerytrabajo.es\/#personlogo\",\"inLanguage\":\"es\",\"url\":\"https:\/\/secure.gravatar.com\/avatar\/7474a88b8aa50fe826f30e47589d4051fd5140125777f5b21c317bf835864866?s=96&d=mm&r=g\",\"caption\":\"Maria Bego\\u00f1a Garc\\u00eda Gil\"}}]}<\/script>\n<!-- \/ Yoast SEO plugin. -->","jetpack_sharing_enabled":true,"_links":{"self":[{"href":"https:\/\/sermujerytrabajo.es\/index.php?rest_route=\/wp\/v2\/posts\/8437","targetHints":{"allow":["GET"]}}],"collection":[{"href":"https:\/\/sermujerytrabajo.es\/index.php?rest_route=\/wp\/v2\/posts"}],"about":[{"href":"https:\/\/sermujerytrabajo.es\/index.php?rest_route=\/wp\/v2\/types\/post"}],"author":[{"embeddable":true,"href":"https:\/\/sermujerytrabajo.es\/index.php?rest_route=\/wp\/v2\/users\/3"}],"replies":[{"embeddable":true,"href":"https:\/\/sermujerytrabajo.es\/index.php?rest_route=%2Fwp%2Fv2%2Fcomments&post=8437"}],"version-history":[{"count":7,"href":"https:\/\/sermujerytrabajo.es\/index.php?rest_route=\/wp\/v2\/posts\/8437\/revisions"}],"predecessor-version":[{"id":8445,"href":"https:\/\/sermujerytrabajo.es\/index.php?rest_route=\/wp\/v2\/posts\/8437\/revisions\/8445"}],"wp:featuredmedia":[{"embeddable":true,"href":"https:\/\/sermujerytrabajo.es\/index.php?rest_route=\/wp\/v2\/media\/8438"}],"wp:attachment":[{"href":"https:\/\/sermujerytrabajo.es\/index.php?rest_route=%2Fwp%2Fv2%2Fmedia&parent=8437"}],"wp:term":[{"taxonomy":"category","embeddable":true,"href":"https:\/\/sermujerytrabajo.es\/index.php?rest_route=%2Fwp%2Fv2%2Fcategories&post=8437"},{"taxonomy":"post_tag","embeddable":true,"href":"https:\/\/sermujerytrabajo.es\/index.php?rest_route=%2Fwp%2Fv2%2Ftags&post=8437"}],"curies":[{"name":"wp","href":"https:\/\/api.w.org\/{rel}","templated":true}]}}