{"id":8484,"date":"2026-03-10T11:45:13","date_gmt":"2026-03-10T09:45:13","guid":{"rendered":"https:\/\/sermujerytrabajo.es\/?p=8484"},"modified":"2026-03-10T11:46:16","modified_gmt":"2026-03-10T09:46:16","slug":"la-ia-generativa-y-las-desigualdades-de-genero-podcast-el-futuro-del-trabajo","status":"publish","type":"post","link":"https:\/\/sermujerytrabajo.es\/?p=8484","title":{"rendered":"LA IA GENERATIVA Y LAS DESIGUALDADES DE G\u00c9NERO PODCAST EL FUTURO DEL TRABAJO"},"content":{"rendered":"\t\t<div data-elementor-type=\"wp-post\" data-elementor-id=\"8484\" class=\"elementor elementor-8484\">\n\t\t\t\t\t\t<section class=\"elementor-section elementor-top-section elementor-element elementor-element-7ef56ba elementor-section-boxed elementor-section-height-default elementor-section-height-default\" data-id=\"7ef56ba\" data-element_type=\"section\">\n\t\t\t\t\t\t<div class=\"elementor-container elementor-column-gap-default\">\n\t\t\t\t\t<div class=\"elementor-column elementor-col-100 elementor-top-column elementor-element elementor-element-15c423b\" data-id=\"15c423b\" data-element_type=\"column\">\n\t\t\t<div class=\"elementor-widget-wrap elementor-element-populated\">\n\t\t\t\t\t\t<div class=\"elementor-element elementor-element-8cbf78d elementor-widget elementor-widget-text-editor\" data-id=\"8cbf78d\" data-element_type=\"widget\" data-widget_type=\"text-editor.default\">\n\t\t\t\t<div class=\"elementor-widget-container\">\n\t\t\t\t\t\t\t<section class=\"Episode_episode_title__Qeog7\"><h2 class=\"title\">La inteligencia artificial generativa y las desigualdades de g\u00e9nero en el trabajo<\/h2><span>9 de marzo de 2026<\/span><\/section><div class=\"Episode_main_details_area__Icr_Y\"><div><div data-cy=\"audio_player\" class=\"AudioPlayer_single_player__7vEhm AudioPlayer_dark_player__DyfM1\"><div class=\"AudioPlayer_play_button_time_remaining__VderP\"><button data-cy=\"play_button\" aria-label=\"Play\" class=\"AudioPlayer_play__0um27 undefined\"><svg xmlns=\"http:\/\/www.w3.org\/2000\/svg\" viewbox=\"0 0 40 40\"><g><circle cx=\"20\" cy=\"20\" r=\"19\"><\/circle><path fill=\"var(--ilo-dark-blue)\" d=\"M31.334 19.667l-19.333 9.666V10z\"><\/path><\/g><\/svg><\/button><\/div><div class=\"AudioPlayer_progress_bar_wrapper__S9r7k\"><div class=\"jsx-225358219 AudioPlayer_progress_bar__pVZnI\"><\/div><div><button aria-label=\"Rewind 10 seconds\" class=\"jsx-244951534 AudioPlayer_skip_button__wiaT_\"><\/button><button aria-label=\"Forward 10 seconds\" class=\"jsx-290149496 AudioPlayer_skip_button__wiaT_\"><\/button><\/div><\/div><div class=\"AudioPlayer_time_remaining__Td8Cu\">22:17<\/div><\/div><\/div><section class=\"Episode_summary__6v6EJ\"><p>La inteligencia artificial generativa est\u00e1 transformando r\u00e1pidamente los lugares de trabajo en todo el mundo, mejorando la productividad y redefiniendo tareas en muchas ocupaciones. Pero sus efectos no son neutros desde el punto de vista de g\u00e9nero. Un nuevo informe de la Organizaci\u00f3n Internacional del Trabajo concluye que las mujeres est\u00e1n m\u00e1s expuestas que los hombres a los riesgos vinculados a esta tecnolog\u00eda.<\/p><p>En este episodio del p\u00f3dcast de la OIT sobre el futuro del trabajo, Janine Berg, Economista senior en la OIT, analiza por qu\u00e9 las mujeres est\u00e1n sobrerrepresentadas en empleos cuyas tareas pueden automatizarse, por qu\u00e9 siguen estando infrarrepresentadas en ocupaciones relacionadas con la IA y las disciplinas STEM (ciencia, tecnolog\u00eda, ingenier\u00eda y matem\u00e1ticas), y c\u00f3mo los sistemas de IA pueden reproducir estereotipos existentes. Tambi\u00e9n aborda c\u00f3mo evitar que la transformaci\u00f3n digital socave la igualdad de g\u00e9nero en el trabajo.<\/p><\/section><\/div><aside class=\"Episode_participants__IyJPd\"><div class=\"Episode_participants_group__lNyCx\"><div cy-data=\"authors_list\" class=\"Authors_authors__RlQW6\"><h3 cy-data=\"authors_list_heading\">Invitado\/a<\/h3><div cy-data=\"authors_list_member\" class=\"Authors_avatar__XxQnj\"><div class=\"Avatar_avatar__CmOx4\"><div class=\"Avatar_badge__03xuR\"><img decoding=\"async\" class=\"Avatar_author_photo__g7egC\" width=\"58\" height=\"58\" src=\"https:\/\/images.prismic.io\/ilo-voices\/77f078f5-4aee-49cb-8765-02494310a80e_Janine-Berg.jpg?auto=format,compress&amp;rect=0,0,512,512&amp;w=200&amp;h=200\" alt=\"\" \/><h4 data-cy=\"avatar_name\">Janine Berg<\/h4><\/div><p>Janine Berg es economista en el Departamento de Investigaci\u00f3n de la Organizaci\u00f3n Internacional del Trabajo (OIT), en su sede central en Ginebra, Suiza.<\/p><\/div><\/div><\/div><\/div><div class=\"Episode_participants_group__lNyCx\"><div cy-data=\"authors_list\" class=\"Authors_authors__RlQW6\"><h3 cy-data=\"authors_list_heading\">Anfitri\u00f3n\/a<\/h3><div cy-data=\"authors_list_member\" class=\"Authors_avatar__XxQnj\"><div class=\"Avatar_avatar__CmOx4\"><div class=\"Avatar_badge__03xuR\"><img decoding=\"async\" class=\"Avatar_author_photo__g7egC\" width=\"58\" height=\"58\" src=\"https:\/\/images.prismic.io\/ilo-voices\/aWjaZwIvOtkhBm1n_EL_ibon_20260115_6512-2.jpg?auto=format,compress&amp;rect=0,0,400,400&amp;w=200&amp;h=200\" alt=\"\" \/><h4 data-cy=\"avatar_name\">Ibon Villelabeitia<\/h4><\/div><p>Ex periodista, Ibon Villelabeitia es responsable de comunicaci\u00f3n e informaci\u00f3n p\u00fablica de la OIT en Ginebra.<\/p><\/div><\/div><\/div><\/div><\/aside><div class=\"Episode_slice__VRJmv\"><figure class=\"Video_container__06WIE\"><div class=\"Video_responsive_wrapper__Mu7VJ\"><div><div><iframe width=\"100%\" height=\"100%\" frameborder=\"0\" allowfullscreen=\"allowfullscreen\" allow=\"accelerometer; autoplay; clipboard-write; encrypted-media; gyroscope; picture-in-picture; web-share\" referrerpolicy=\"strict-origin-when-cross-origin\" title=\"La inteligencia artificial generativa y las desigualdades de g\u00e9nero en el trabajo\" src=\"https:\/\/www.youtube.com\/embed\/ukhf0l4qBtE?autoplay=0&amp;mute=0&amp;controls=1&amp;origin=https%3A%2F%2Fvoices.ilo.org&amp;playsinline=1&amp;showinfo=0&amp;rel=0&amp;iv_load_policy=3&amp;modestbranding=1&amp;cc_lang_pref=es&amp;cc_load_policy=1&amp;enablejsapi=1&amp;widgetid=1&amp;forigin=https%3A%2F%2Fvoices.ilo.org%2Fes-es%2Fpodcast%2Fla-inteligencia-artificial-generativa-y-las-desigualdades-de-genero-en-el-trabajo%23headline&amp;aoriginsup=1&amp;gporigin=https%3A%2F%2Fwww.linkedin.com%2F&amp;vf=1\" id=\"widget2\" data-gtm-yt-inspected-10=\"true\" data-mce-fragment=\"1\"><\/iframe><\/div><\/div><\/div><\/figure><\/div>\t\t\t\t\t\t<\/div>\n\t\t\t\t<\/div>\n\t\t\t\t\t<\/div>\n\t\t<\/div>\n\t\t\t\t\t<\/div>\n\t\t<\/section>\n\t\t\t\t<\/div>\n\t\t","protected":false},"excerpt":{"rendered":"<p>La inteligencia artificial generativa y las desigualdades de g\u00e9nero en el trabajo 9 de marzo de 2026 22:17 La inteligencia artificial generativa est\u00e1 transformando r\u00e1pidamente los lugares de trabajo en todo el mundo, mejorando la productividad y redefiniendo tareas en muchas ocupaciones. Pero sus efectos no son neutros desde el [&hellip;]<\/p>\n","protected":false},"author":3,"featured_media":8485,"comment_status":"open","ping_status":"open","sticky":false,"template":"","format":"standard","meta":{"_jetpack_memberships_contains_paid_content":false,"footnotes":""},"categories":[13],"tags":[],"class_list":["post-8484","post","type-post","status-publish","format-standard","has-post-thumbnail","hentry","category-noticias-internacional"],"jetpack_featured_media_url":"https:\/\/sermujerytrabajo.es\/wp-content\/uploads\/2026\/03\/HOY-OIT.png","yoast_head":"<!-- This site is optimized with the Yoast SEO plugin v15.2 - https:\/\/yoast.com\/wordpress\/plugins\/seo\/ -->\n<title>LA IA GENERATIVA Y LAS DESIGUALDADES DE G\u00c9NERO PODCAST EL FUTURO DEL TRABAJO -<\/title>\n<meta name=\"robots\" content=\"index, follow, max-snippet:-1, max-image-preview:large, max-video-preview:-1\" \/>\n<link rel=\"canonical\" href=\"https:\/\/sermujerytrabajo.es\/?p=8484\" \/>\n<meta property=\"og:locale\" content=\"es_ES\" \/>\n<meta property=\"og:type\" content=\"article\" \/>\n<meta property=\"og:title\" content=\"LA IA GENERATIVA Y LAS DESIGUALDADES DE G\u00c9NERO PODCAST EL FUTURO DEL TRABAJO -\" \/>\n<meta property=\"og:description\" content=\"La inteligencia artificial generativa y las desigualdades de g\u00e9nero en el trabajo 9 de marzo de 2026 22:17 La inteligencia artificial generativa est\u00e1 transformando r\u00e1pidamente los lugares de trabajo en todo el mundo, mejorando la productividad y redefiniendo tareas en muchas ocupaciones. Pero sus efectos no son neutros desde el [&hellip;]\" \/>\n<meta property=\"og:url\" content=\"https:\/\/sermujerytrabajo.es\/?p=8484\" \/>\n<meta property=\"article:published_time\" content=\"2026-03-10T09:45:13+00:00\" \/>\n<meta property=\"article:modified_time\" content=\"2026-03-10T09:46:16+00:00\" \/>\n<meta property=\"og:image\" content=\"https:\/\/sermujerytrabajo.es\/wp-content\/uploads\/2026\/03\/HOY-OIT.png\" \/>\n\t<meta property=\"og:image:width\" content=\"852\" \/>\n\t<meta property=\"og:image:height\" content=\"406\" \/>\n<meta name=\"twitter:card\" content=\"summary_large_image\" \/>\n<meta name=\"twitter:label1\" value=\"Escrito por\">\n\t<meta name=\"twitter:data1\" value=\"Maria Bego\u00f1a Garc\u00eda Gil\">\n\t<meta name=\"twitter:label2\" value=\"Tiempo de lectura\">\n\t<meta name=\"twitter:data2\" value=\"1 minuto\">\n<script type=\"application\/ld+json\" class=\"yoast-schema-graph\">{\"@context\":\"https:\/\/schema.org\",\"@graph\":[{\"@type\":\"Organization\",\"@id\":\"https:\/\/sermujerytrabajo.es\/#organization\",\"name\":\"Ser mujer en el mercado de trabajo\",\"url\":\"https:\/\/sermujerytrabajo.es\/\",\"sameAs\":[],\"logo\":{\"@type\":\"ImageObject\",\"@id\":\"https:\/\/sermujerytrabajo.es\/#logo\",\"inLanguage\":\"es\",\"url\":\"https:\/\/sermujerytrabajo.es\/wp-content\/uploads\/2020\/09\/d134bcc4-4ca2-476c-bef9-f663ae8535d2_200x200.png\",\"width\":200,\"height\":200,\"caption\":\"Ser mujer en el mercado de trabajo\"},\"image\":{\"@id\":\"https:\/\/sermujerytrabajo.es\/#logo\"}},{\"@type\":\"WebSite\",\"@id\":\"https:\/\/sermujerytrabajo.es\/#website\",\"url\":\"https:\/\/sermujerytrabajo.es\/\",\"name\":\"\",\"description\":\"\",\"publisher\":{\"@id\":\"https:\/\/sermujerytrabajo.es\/#organization\"},\"potentialAction\":[{\"@type\":\"SearchAction\",\"target\":\"https:\/\/sermujerytrabajo.es\/?s={search_term_string}\",\"query-input\":\"required name=search_term_string\"}],\"inLanguage\":\"es\"},{\"@type\":\"ImageObject\",\"@id\":\"https:\/\/sermujerytrabajo.es\/?p=8484#primaryimage\",\"inLanguage\":\"es\",\"url\":\"https:\/\/sermujerytrabajo.es\/wp-content\/uploads\/2026\/03\/HOY-OIT.png\",\"width\":852,\"height\":406},{\"@type\":\"WebPage\",\"@id\":\"https:\/\/sermujerytrabajo.es\/?p=8484#webpage\",\"url\":\"https:\/\/sermujerytrabajo.es\/?p=8484\",\"name\":\"LA IA GENERATIVA Y LAS DESIGUALDADES DE G\\u00c9NERO PODCAST EL FUTURO DEL TRABAJO -\",\"isPartOf\":{\"@id\":\"https:\/\/sermujerytrabajo.es\/#website\"},\"primaryImageOfPage\":{\"@id\":\"https:\/\/sermujerytrabajo.es\/?p=8484#primaryimage\"},\"datePublished\":\"2026-03-10T09:45:13+00:00\",\"dateModified\":\"2026-03-10T09:46:16+00:00\",\"inLanguage\":\"es\",\"potentialAction\":[{\"@type\":\"ReadAction\",\"target\":[\"https:\/\/sermujerytrabajo.es\/?p=8484\"]}]},{\"@type\":\"Article\",\"@id\":\"https:\/\/sermujerytrabajo.es\/?p=8484#article\",\"isPartOf\":{\"@id\":\"https:\/\/sermujerytrabajo.es\/?p=8484#webpage\"},\"author\":{\"@id\":\"https:\/\/sermujerytrabajo.es\/#\/schema\/person\/26a3e2d35cfc624b27a74a1d67c7867d\"},\"headline\":\"LA IA GENERATIVA Y LAS DESIGUALDADES DE G\\u00c9NERO PODCAST EL FUTURO DEL TRABAJO\",\"datePublished\":\"2026-03-10T09:45:13+00:00\",\"dateModified\":\"2026-03-10T09:46:16+00:00\",\"mainEntityOfPage\":{\"@id\":\"https:\/\/sermujerytrabajo.es\/?p=8484#webpage\"},\"publisher\":{\"@id\":\"https:\/\/sermujerytrabajo.es\/#organization\"},\"image\":{\"@id\":\"https:\/\/sermujerytrabajo.es\/?p=8484#primaryimage\"},\"articleSection\":\"Noticias Internacional\",\"inLanguage\":\"es\",\"potentialAction\":[{\"@type\":\"CommentAction\",\"name\":\"Comment\",\"target\":[\"https:\/\/sermujerytrabajo.es\/?p=8484#respond\"]}]},{\"@type\":\"Person\",\"@id\":\"https:\/\/sermujerytrabajo.es\/#\/schema\/person\/26a3e2d35cfc624b27a74a1d67c7867d\",\"name\":\"Maria Bego\\u00f1a Garc\\u00eda Gil\",\"image\":{\"@type\":\"ImageObject\",\"@id\":\"https:\/\/sermujerytrabajo.es\/#personlogo\",\"inLanguage\":\"es\",\"url\":\"https:\/\/secure.gravatar.com\/avatar\/7474a88b8aa50fe826f30e47589d4051fd5140125777f5b21c317bf835864866?s=96&d=mm&r=g\",\"caption\":\"Maria Bego\\u00f1a Garc\\u00eda Gil\"}}]}<\/script>\n<!-- \/ Yoast SEO plugin. -->","jetpack_sharing_enabled":true,"_links":{"self":[{"href":"https:\/\/sermujerytrabajo.es\/index.php?rest_route=\/wp\/v2\/posts\/8484","targetHints":{"allow":["GET"]}}],"collection":[{"href":"https:\/\/sermujerytrabajo.es\/index.php?rest_route=\/wp\/v2\/posts"}],"about":[{"href":"https:\/\/sermujerytrabajo.es\/index.php?rest_route=\/wp\/v2\/types\/post"}],"author":[{"embeddable":true,"href":"https:\/\/sermujerytrabajo.es\/index.php?rest_route=\/wp\/v2\/users\/3"}],"replies":[{"embeddable":true,"href":"https:\/\/sermujerytrabajo.es\/index.php?rest_route=%2Fwp%2Fv2%2Fcomments&post=8484"}],"version-history":[{"count":4,"href":"https:\/\/sermujerytrabajo.es\/index.php?rest_route=\/wp\/v2\/posts\/8484\/revisions"}],"predecessor-version":[{"id":8489,"href":"https:\/\/sermujerytrabajo.es\/index.php?rest_route=\/wp\/v2\/posts\/8484\/revisions\/8489"}],"wp:featuredmedia":[{"embeddable":true,"href":"https:\/\/sermujerytrabajo.es\/index.php?rest_route=\/wp\/v2\/media\/8485"}],"wp:attachment":[{"href":"https:\/\/sermujerytrabajo.es\/index.php?rest_route=%2Fwp%2Fv2%2Fmedia&parent=8484"}],"wp:term":[{"taxonomy":"category","embeddable":true,"href":"https:\/\/sermujerytrabajo.es\/index.php?rest_route=%2Fwp%2Fv2%2Fcategories&post=8484"},{"taxonomy":"post_tag","embeddable":true,"href":"https:\/\/sermujerytrabajo.es\/index.php?rest_route=%2Fwp%2Fv2%2Ftags&post=8484"}],"curies":[{"name":"wp","href":"https:\/\/api.w.org\/{rel}","templated":true}]}}